{"id":224156,"date":"2025-01-18T07:28:11","date_gmt":"2025-01-18T10:28:11","guid":{"rendered":"https:\/\/portalpopmais.com.br\/?p=224156"},"modified":"2025-01-18T09:14:14","modified_gmt":"2025-01-18T12:14:14","slug":"o-mundo-da-voltas-novo-album-do-baianasystem-chegou-as-plataformas-musicais","status":"publish","type":"post","link":"https:\/\/portalpopmais.com.br\/en\/o-mundo-da-voltas-novo-album-do-baianasystem-chegou-as-plataformas-musicais\/","title":{"rendered":"&#8220;O mundo d\u00e1 voltas&#8221;: novo \u00e1lbum do BaianaSystem chegou \u00e0s plataformas musicais"},"content":{"rendered":"<p>Com participa\u00e7\u00f5es de grandes nomes da m\u00fasica brasileira, o grupo <strong>BaianaSystem<\/strong> lan\u00e7ou seu novo disco \u201c<a href=\"https:\/\/ikarus.mus.br\/albuns\/o-mundo-da-voltas\/\" target=\"_blank\" rel=\"noopener\">O Mundo D\u00e1 Voltas<\/a>\u201d nesta quinta-feira, 16. Com as vozes de Melly, Dino D\u2019Santiago, Emicida, Seu Jorge, Gilberto Gil, Manoel Cordeiro, Pitty e Anitta, o novo \u00e1lbum chega \u00e0s gra\u00e7as do p\u00fablico ap\u00f3s 4 \u00e1lbuns de sucesso.<\/p>\n\n\n\n<p>Entre as novas m\u00fasicas encontramos \u201cBatuker\u00ea\u201d, \u201cA Laje\u201d, \u201cPraia Intro\u201d, \u201cAgulha\u201d, \u201cPalheiro\u201d, \u201cPorta-Retrato da Fam\u00edlia Brasileira\u201d, \u201cMagnata\u201d, \u201cPote D\u2019\u00c1gua\u201d, \u201cCobra Criada\/Bicho Solto\u201d, \u201cBalacobaco\u201d e \u201cOgun Nil\u00ea\u201d. H\u00e1 tamb\u00e9m a faixa t\u00edtulo, &#8220;O Mundo D\u00e1 Voltas&#8221;, e &#8220;Praia do Futuro&#8221;, em homenagem \u00e0 Fortaleza, capital do Cear\u00e1.<\/p>\n\n\n\n<p>BaianaSystem atra\u00e7\u00e3o marcada em diversos festivais de m\u00fasica pelo Brasil, e \u00e9 destaque no ramo por suas m\u00fasicas com cr\u00edticas sociais e por seu estilo agitado e \u00fanico.<\/p>\n\n\n\n<figure class=\"wp-block-embed is-type-rich is-provider-spotify wp-block-embed-spotify wp-embed-aspect-21-9 wp-has-aspect-ratio\"><div class=\"wp-block-embed__wrapper\">\n<iframe title=\"Spotify Embed: O Mundo D\u00e1 Voltas\" style=\"border-radius: 12px\" width=\"100%\" height=\"352\" frameborder=\"0\" allowfullscreen allow=\"autoplay; clipboard-write; encrypted-media; fullscreen; picture-in-picture\" loading=\"lazy\" src=\"https:\/\/open.spotify.com\/embed\/album\/4pzQgSjcmHASfBc1lnTFjp?utm_source=oembed\"><\/iframe>\n<\/div><\/figure>","protected":false},"excerpt":{"rendered":"<p>Com participa\u00e7\u00f5es de grandes nomes da m\u00fasica brasileira, o grupo BaianaSystem lan\u00e7ou seu novo disco \u201cO Mundo D\u00e1 Voltas\u201d nesta quinta-feira, 16. Com as vozes de Melly, Dino D\u2019Santiago, Emicida, Seu Jorge, Gilberto Gil, Manoel Cordeiro, Pitty e Anitta, o novo \u00e1lbum chega \u00e0s gra\u00e7as do p\u00fablico ap\u00f3s 4 \u00e1lbuns de sucesso. Entre as novas [&hellip;]<\/p>\n","protected":false},"author":2,"featured_media":224177,"comment_status":"closed","ping_status":"closed","sticky":false,"template":"","format":"standard","meta":{"footnotes":""},"categories":[154],"tags":[],"class_list":["post-224156","post","type-post","status-publish","format-standard","has-post-thumbnail","hentry","category-musica"],"_links":{"self":[{"href":"https:\/\/portalpopmais.com.br\/en\/wp-json\/wp\/v2\/posts\/224156","targetHints":{"allow":["GET"]}}],"collection":[{"href":"https:\/\/portalpopmais.com.br\/en\/wp-json\/wp\/v2\/posts"}],"about":[{"href":"https:\/\/portalpopmais.com.br\/en\/wp-json\/wp\/v2\/types\/post"}],"author":[{"embeddable":true,"href":"https:\/\/portalpopmais.com.br\/en\/wp-json\/wp\/v2\/users\/2"}],"replies":[{"embeddable":true,"href":"https:\/\/portalpopmais.com.br\/en\/wp-json\/wp\/v2\/comments?post=224156"}],"version-history":[{"count":0,"href":"https:\/\/portalpopmais.com.br\/en\/wp-json\/wp\/v2\/posts\/224156\/revisions"}],"wp:featuredmedia":[{"embeddable":true,"href":"https:\/\/portalpopmais.com.br\/en\/wp-json\/wp\/v2\/media\/224177"}],"wp:attachment":[{"href":"https:\/\/portalpopmais.com.br\/en\/wp-json\/wp\/v2\/media?parent=224156"}],"wp:term":[{"taxonomy":"category","embeddable":true,"href":"https:\/\/portalpopmais.com.br\/en\/wp-json\/wp\/v2\/categories?post=224156"},{"taxonomy":"post_tag","embeddable":true,"href":"https:\/\/portalpopmais.com.br\/en\/wp-json\/wp\/v2\/tags?post=224156"}],"curies":[{"name":"wp","href":"https:\/\/api.w.org\/{rel}","templated":true}]}}