{"id":224182,"date":"2025-01-18T09:39:02","date_gmt":"2025-01-18T12:39:02","guid":{"rendered":"https:\/\/portalpopmais.com.br\/?p=224182"},"modified":"2025-01-18T09:47:20","modified_gmt":"2025-01-18T12:47:20","slug":"joao-pedro-mostra-demais-bbb25","status":"publish","type":"post","link":"https:\/\/portalpopmais.com.br\/en\/joao-pedro-mostra-demais-bbb25\/","title":{"rendered":"No BBB25, Jo\u00e3o Pedro se descuida, mostra tudo e CHOCA internautas: &#8220;Anaconda goiana&#8221;"},"content":{"rendered":"<p>O g\u00eameo<strong> Jo\u00e3o Pedro<\/strong> acabou viralizando nas redes sociais, na madrugada deste s\u00e1bado (18), ap\u00f3s se descuidar enquanto trocava de roupa. Ele, que entrou no programa fazendo dupla com Jo\u00e3o Gabriel, mostrou suas partes \u00edntimas e o <a href=\"https:\/\/www.radios.com.br\/aovivo\/radio-pop-mais-fm\/224960\" target=\"_blank\" rel=\"noopener\">registro<\/a> rapidamente <a href=\"https:\/\/ikarus.mus.br\/letras\/shangri-la\/\" target=\"_blank\" rel=\"noopener\">viralizou<\/a>.<\/p>\n\n\n\n<p>O perfil <strong>FlagrasReality<\/strong> postou o momento na X\/Twitter, e gerou uma onda de coment\u00e1rios entre os usu\u00e1rios.<\/p>\n\n\n\n<div class=\"wp-block-group\"><div class=\"wp-block-group__inner-container is-layout-constrained wp-block-group-is-layout-constrained\">\n<h2 class=\"wp-block-heading\">Veja mais<\/h2>\n\n\n\n<ul class=\"wp-block-list\">\n<li><a href=\"https:\/\/portalpopmais.com.br\/en\/bbb-25-joselma-alessandra-negrini\/\"><strong>BBB 25: Idade de Joselma gera pol\u00eamica e compara\u00e7\u00f5es com Alessandra Negrini<\/strong><\/a><\/li>\n<\/ul>\n<\/div><\/div>\n\n\n\n<p>&#8220;A anaconda goiana&#8221;, disse um perfil. Um outro usu\u00e1rio brincou: &#8220;Jo\u00e3o Gabriel \u00e9 a sua vez agora por favor, precisamos verificar a teoria de que em g\u00eameo verdadeiro \u00e9 tudo igualzinho, ou ser\u00e1 que n\u00e3o? Tudo em nome da ci\u00eancia&#8221;. &#8220;Amo magrelos&#8221;, apontou mais um.<\/p>\n\n\n\n<p>At\u00e9 a publica\u00e7\u00e3o desta mat\u00e9ria, o v\u00eddeo do momento j\u00e1 registrava mais de 26 mil visualiza\u00e7\u00f5es.<\/p>","protected":false},"excerpt":{"rendered":"<p>O g\u00eameo Jo\u00e3o Pedro acabou viralizando nas redes sociais, na madrugada deste s\u00e1bado (18), ap\u00f3s se descuidar enquanto trocava de roupa. Ele, que entrou no programa fazendo dupla com Jo\u00e3o Gabriel, mostrou suas partes \u00edntimas e o registro rapidamente viralizou. O perfil FlagrasReality postou o momento na X\/Twitter, e gerou uma onda de coment\u00e1rios entre [&hellip;]<\/p>\n","protected":false},"author":2,"featured_media":224183,"comment_status":"closed","ping_status":"closed","sticky":false,"template":"","format":"standard","meta":{"footnotes":""},"categories":[8605],"tags":[17032,14497],"class_list":["post-224182","post","type-post","status-publish","format-standard","has-post-thumbnail","hentry","category-realities","tag-bbb25","tag-joao-pedro"],"_links":{"self":[{"href":"https:\/\/portalpopmais.com.br\/en\/wp-json\/wp\/v2\/posts\/224182","targetHints":{"allow":["GET"]}}],"collection":[{"href":"https:\/\/portalpopmais.com.br\/en\/wp-json\/wp\/v2\/posts"}],"about":[{"href":"https:\/\/portalpopmais.com.br\/en\/wp-json\/wp\/v2\/types\/post"}],"author":[{"embeddable":true,"href":"https:\/\/portalpopmais.com.br\/en\/wp-json\/wp\/v2\/users\/2"}],"replies":[{"embeddable":true,"href":"https:\/\/portalpopmais.com.br\/en\/wp-json\/wp\/v2\/comments?post=224182"}],"version-history":[{"count":0,"href":"https:\/\/portalpopmais.com.br\/en\/wp-json\/wp\/v2\/posts\/224182\/revisions"}],"wp:featuredmedia":[{"embeddable":true,"href":"https:\/\/portalpopmais.com.br\/en\/wp-json\/wp\/v2\/media\/224183"}],"wp:attachment":[{"href":"https:\/\/portalpopmais.com.br\/en\/wp-json\/wp\/v2\/media?parent=224182"}],"wp:term":[{"taxonomy":"category","embeddable":true,"href":"https:\/\/portalpopmais.com.br\/en\/wp-json\/wp\/v2\/categories?post=224182"},{"taxonomy":"post_tag","embeddable":true,"href":"https:\/\/portalpopmais.com.br\/en\/wp-json\/wp\/v2\/tags?post=224182"}],"curies":[{"name":"wp","href":"https:\/\/api.w.org\/{rel}","templated":true}]}}