{"id":224327,"date":"2025-01-22T04:27:52","date_gmt":"2025-01-22T07:27:52","guid":{"rendered":"https:\/\/portalpopmais.com.br\/?p=224327"},"modified":"2025-01-22T04:58:59","modified_gmt":"2025-01-22T07:58:59","slug":"musica-postuma-de-marilia-mendonca-e-cristiano-araujo","status":"publish","type":"post","link":"https:\/\/portalpopmais.com.br\/en\/musica-postuma-de-marilia-mendonca-e-cristiano-araujo\/","title":{"rendered":"M\u00fasica p\u00f3stuma de Mar\u00edlia Mendon\u00e7a e Cristiano Ara\u00fajo ser\u00e1 lan\u00e7ada nesta sexta-feira, 24"},"content":{"rendered":"<p>A gravadora <strong>Som Livre<\/strong> anunciou que nesta sexta-feira, 24, uma m\u00fasica p\u00f3stuma dos cantores <strong><a href=\"https:\/\/portalpopmais.com.br\/en\/trends\/marilia-mendonca\/\" data-type=\"post_tag\" data-id=\"2217\">Mar\u00edlia Mendon\u00e7a<\/a><\/strong> (1995-2021) e <strong>Cristiano Ara\u00fajo<\/strong> (1986-2015) ser\u00e1 lan\u00e7ada no dia em que o cantor completaria 39 anos.\u00a0<\/p>\n\n\n\n<p>O post compartilhado nas redes sociais da Som Livre e de Cristiano, menciona que ele deixou uma grava\u00e7\u00e3o da faixa \u201cDe Quem \u00e9 a Culpa\u201d em est\u00fadio, mas que n\u00e3o foi poss\u00edvel ser lan\u00e7ada. Mar\u00edlia foi convidada para participar de um projeto que homenageia o cantor, aceitou o convite e estava se preparando para regravar a m\u00fasica que inicialmente seria de Cristiano Ara\u00fajo.\u00a0<\/p>\n\n\n\n<div class=\"wp-block-group\"><div class=\"wp-block-group__inner-container is-layout-constrained wp-block-group-is-layout-constrained\">\n<h2 class=\"wp-block-heading\">Veja tamb\u00e9m<\/h2>\n\n\n\n<ul class=\"wp-block-list\">\n<li><a href=\"https:\/\/ikarus.mus.br\/artistas\/biografia-marilia-mendonca\/letras\" target=\"_blank\" rel=\"noopener\"><strong>Letras das m\u00fasicas de Mar\u00edlia Mendon\u00e7a<\/strong><\/a><\/li>\n\n\n\n<li><a href=\"https:\/\/ikarus.mus.br\/artistas\/biografia-cristiano-araujo\/\" target=\"_blank\" rel=\"noopener\"><strong>Letras das m\u00fasicas de Cristiano Ara\u00fajo<\/strong><\/a><\/li>\n<\/ul>\n<\/div><\/div>\n\n\n\n<figure class=\"wp-block-embed aligncenter is-type-rich is-provider-instagram wp-block-embed-instagram\"><div class=\"wp-block-embed__wrapper\">\nhttps:\/\/www.instagram.com\/p\/DFDsSdLynyD\/\n<\/div><\/figure>\n\n\n\n<p>\u201cEsse lan\u00e7amento \u00e9 um pedacinho de amor e carinho para matar a saudade dos dois, que nunca saem do nosso cora\u00e7\u00e3o\u201d, diz o Post.<\/p>\n\n\n\n<p>Cristiano Ara\u00fajo e sua namorada perderam a vida em um acidente de carro em Goi\u00e1s, em 2015, aos 29 anos. Ele estava no auge de sua carreira e era considerado uma das grandes promessas de sua gera\u00e7\u00e3o.&nbsp;<\/p>\n\n\n\n<p>Mar\u00edlia Mendon\u00e7a e outras quatro pessoas morreram em novembro de 2021, ap\u00f3s a queda de um avi\u00e3o bimotor em Piedade de Caratinga, Minas Gerais.&nbsp;<\/p>","protected":false},"excerpt":{"rendered":"<p>A gravadora Som Livre anunciou que nesta sexta-feira, 24, uma m\u00fasica p\u00f3stuma dos cantores Mar\u00edlia Mendon\u00e7a (1995-2021) e Cristiano Ara\u00fajo (1986-2015) ser\u00e1 lan\u00e7ada no dia em que o cantor completaria 39 anos.\u00a0 O post compartilhado nas redes sociais da Som Livre e de Cristiano, menciona que ele deixou uma grava\u00e7\u00e3o da faixa \u201cDe Quem \u00e9 [&hellip;]<\/p>\n","protected":false},"author":2,"featured_media":224345,"comment_status":"closed","ping_status":"closed","sticky":false,"template":"","format":"standard","meta":{"footnotes":""},"categories":[154],"tags":[2217],"class_list":["post-224327","post","type-post","status-publish","format-standard","has-post-thumbnail","hentry","category-musica","tag-marilia-mendonca"],"_links":{"self":[{"href":"https:\/\/portalpopmais.com.br\/en\/wp-json\/wp\/v2\/posts\/224327","targetHints":{"allow":["GET"]}}],"collection":[{"href":"https:\/\/portalpopmais.com.br\/en\/wp-json\/wp\/v2\/posts"}],"about":[{"href":"https:\/\/portalpopmais.com.br\/en\/wp-json\/wp\/v2\/types\/post"}],"author":[{"embeddable":true,"href":"https:\/\/portalpopmais.com.br\/en\/wp-json\/wp\/v2\/users\/2"}],"replies":[{"embeddable":true,"href":"https:\/\/portalpopmais.com.br\/en\/wp-json\/wp\/v2\/comments?post=224327"}],"version-history":[{"count":0,"href":"https:\/\/portalpopmais.com.br\/en\/wp-json\/wp\/v2\/posts\/224327\/revisions"}],"wp:featuredmedia":[{"embeddable":true,"href":"https:\/\/portalpopmais.com.br\/en\/wp-json\/wp\/v2\/media\/224345"}],"wp:attachment":[{"href":"https:\/\/portalpopmais.com.br\/en\/wp-json\/wp\/v2\/media?parent=224327"}],"wp:term":[{"taxonomy":"category","embeddable":true,"href":"https:\/\/portalpopmais.com.br\/en\/wp-json\/wp\/v2\/categories?post=224327"},{"taxonomy":"post_tag","embeddable":true,"href":"https:\/\/portalpopmais.com.br\/en\/wp-json\/wp\/v2\/tags?post=224327"}],"curies":[{"name":"wp","href":"https:\/\/api.w.org\/{rel}","templated":true}]}}