{"id":224383,"date":"2025-01-22T22:05:28","date_gmt":"2025-01-23T01:05:28","guid":{"rendered":"https:\/\/portalpopmais.com.br\/?p=224383"},"modified":"2025-01-22T22:06:01","modified_gmt":"2025-01-23T01:06:01","slug":"senna-e-eleita-melhor-serie-de-2024-em-premio-apcac","status":"publish","type":"post","link":"https:\/\/portalpopmais.com.br\/en\/senna-e-eleita-melhor-serie-de-2024-em-premio-apcac\/","title":{"rendered":"&#8220;Senna&#8221; \u00e9 eleita melhor s\u00e9rie de 2024 em pr\u00eamio APCAC"},"content":{"rendered":"<p>A miniss\u00e9rie da Netflix, \u201cSenna\u201d, foi eleita a melhor s\u00e9rie de 2024 no pr\u00eamio APCAC (Associa\u00e7\u00e3o Paulista de Cr\u00edticos da Arte). O material audiovisual retrata a vida e a carreira do piloto brasileiro Ayrton Senna, que faleceu em 1994, em seis epis\u00f3dios.<\/p>\n\n\n\n<p>\u201c\u00c9 muito bonito acompanhar a trajet\u00f3ria grandiosa de \u201cSenna\u201d. Depois de ver a miniss\u00e9rie ser abra\u00e7ada pelo p\u00fablico no mundo todo, receber o reconhecimento de um pr\u00eamio t\u00e3o tradicional quanto o APCA e em uma categoria com tantas produ\u00e7\u00f5es incr\u00edveis \u00e9 coroar um dos projetos mais queridos e importantes da nossa hist\u00f3ria\u201d, disse o produtor Caio Gullane \u00e0 CNN.<\/p>\n\n\n\n<p>Depois de um m\u00eas de seu lan\u00e7amento, \u201cSenna\u201d foi indicada ao Critics Choice Awards na categoria Melhor S\u00e9rie em L\u00edngua Estrangeira. Os vencedores ser\u00e3o anunciados em 7 de fevereiro ap\u00f3s o adiamento da premia\u00e7\u00e3o em decorr\u00eancia dos inc\u00eandios em LA.<\/p>\n\n\n\n<p>A s\u00e9rie \u00e9 protagonizada por Gabriel Leone \u2013 que interpreta Ayrton, e conta com nomes de peso como Kaya Scodelario, Matt Mella, Alice Wegmann, Julia Foti, Hugo Bonemer, Marco Ricca e outros atores.&nbsp;<\/p>","protected":false},"excerpt":{"rendered":"<p>A miniss\u00e9rie da Netflix, \u201cSenna\u201d, foi eleita a melhor s\u00e9rie de 2024 no pr\u00eamio APCAC (Associa\u00e7\u00e3o Paulista de Cr\u00edticos da Arte). O material audiovisual retrata a vida e a carreira do piloto brasileiro Ayrton Senna, que faleceu em 1994, em seis epis\u00f3dios. \u201c\u00c9 muito bonito acompanhar a trajet\u00f3ria grandiosa de \u201cSenna\u201d. Depois de ver a [&hellip;]<\/p>\n","protected":false},"author":2,"featured_media":224384,"comment_status":"closed","ping_status":"closed","sticky":false,"template":"","format":"standard","meta":{"footnotes":""},"categories":[174],"tags":[],"class_list":["post-224383","post","type-post","status-publish","format-standard","has-post-thumbnail","hentry","category-filmes-series"],"_links":{"self":[{"href":"https:\/\/portalpopmais.com.br\/en\/wp-json\/wp\/v2\/posts\/224383","targetHints":{"allow":["GET"]}}],"collection":[{"href":"https:\/\/portalpopmais.com.br\/en\/wp-json\/wp\/v2\/posts"}],"about":[{"href":"https:\/\/portalpopmais.com.br\/en\/wp-json\/wp\/v2\/types\/post"}],"author":[{"embeddable":true,"href":"https:\/\/portalpopmais.com.br\/en\/wp-json\/wp\/v2\/users\/2"}],"replies":[{"embeddable":true,"href":"https:\/\/portalpopmais.com.br\/en\/wp-json\/wp\/v2\/comments?post=224383"}],"version-history":[{"count":0,"href":"https:\/\/portalpopmais.com.br\/en\/wp-json\/wp\/v2\/posts\/224383\/revisions"}],"wp:featuredmedia":[{"embeddable":true,"href":"https:\/\/portalpopmais.com.br\/en\/wp-json\/wp\/v2\/media\/224384"}],"wp:attachment":[{"href":"https:\/\/portalpopmais.com.br\/en\/wp-json\/wp\/v2\/media?parent=224383"}],"wp:term":[{"taxonomy":"category","embeddable":true,"href":"https:\/\/portalpopmais.com.br\/en\/wp-json\/wp\/v2\/categories?post=224383"},{"taxonomy":"post_tag","embeddable":true,"href":"https:\/\/portalpopmais.com.br\/en\/wp-json\/wp\/v2\/tags?post=224383"}],"curies":[{"name":"wp","href":"https:\/\/api.w.org\/{rel}","templated":true}]}}