{"id":224390,"date":"2025-01-22T23:18:16","date_gmt":"2025-01-23T02:18:16","guid":{"rendered":"https:\/\/portalpopmais.com.br\/?p=224390"},"modified":"2025-01-22T23:18:16","modified_gmt":"2025-01-23T02:18:16","slug":"faustao-esta-internado-desde-dezembro-diz-cnn","status":"publish","type":"post","link":"https:\/\/portalpopmais.com.br\/en\/faustao-esta-internado-desde-dezembro-diz-cnn\/","title":{"rendered":"&#8220;Faust\u00e3o est\u00e1 internado desde dezembro&#8221;; diz CNN"},"content":{"rendered":"\n<p>O apresentador Fausto Silva, de 74, voltou a ser internado no final de dezembro para a realiza\u00e7\u00e3o de um tratamento de infec\u00e7\u00e3o. A informa\u00e7\u00e3o foi confirmada pela assessoria de Faust\u00e3o \u00e0 CNN nesta quarta-feira, 22.<\/p>\n\n\n\n<p>\u201cFausto [Silva] est\u00e1 encerrando o <a href=\"https:\/\/www.cnnbrasil.com.br\/entretenimento\/ricardo-vianna-atualiza-estado-de-saude-de-lexa-estavel\/\" target=\"_blank\" rel=\"noopener\">tratamento<\/a> de uma infec\u00e7\u00e3o desde o final de dezembro e ter\u00e1 alta no final de semana\u201d, informou Luciana Cardoso, esposa do apresentador.<\/p>\n\n\n\n<p>No fim de 2023, precisou passar por um transplante de cora\u00e7\u00e3o e ficou aproximadamente dois meses internado. Conforme a Secret\u00e1ria de Sa\u00fade de S\u00e3o Paulo, assim que o \u00f3rg\u00e3o ficou dispon\u00edvel, doze pessoas que atendiam os requisitos para o transplante foram selecionadas.<\/p>\n\n\n\n<p>Dos 12, quatro tinham prioridade. O apresentador estava na segunda posi\u00e7\u00e3o da lista e recebeu o \u00f3rg\u00e3o ap\u00f3s a recusa da equipe do paciente que estava na primeira.<\/p>\n\n\n\n<p>M\u00eas depois, em Abril de 2024, passou por um transplante de rim, ficando 53 dias internado. O quadro de problemas renais se agravaram ap\u00f3s o apresentador sofrer de uma insufici\u00eancia card\u00edaca.<\/p>\n","protected":false},"excerpt":{"rendered":"<p>O apresentador Fausto Silva, de 74, voltou a ser internado no final de dezembro para a realiza\u00e7\u00e3o de um tratamento de infec\u00e7\u00e3o. A informa\u00e7\u00e3o foi confirmada pela assessoria de Faust\u00e3o \u00e0 CNN nesta quarta-feira, 22. \u201cFausto [Silva] est\u00e1 encerrando o tratamento de uma infec\u00e7\u00e3o desde o final de dezembro e ter\u00e1 alta no final de [&hellip;]<\/p>\n","protected":false},"author":2,"featured_media":169836,"comment_status":"closed","ping_status":"closed","sticky":false,"template":"","format":"standard","meta":{"footnotes":""},"categories":[1],"tags":[],"class_list":["post-224390","post","type-post","status-publish","format-standard","has-post-thumbnail","hentry","category-fire2"],"_links":{"self":[{"href":"https:\/\/portalpopmais.com.br\/en\/wp-json\/wp\/v2\/posts\/224390","targetHints":{"allow":["GET"]}}],"collection":[{"href":"https:\/\/portalpopmais.com.br\/en\/wp-json\/wp\/v2\/posts"}],"about":[{"href":"https:\/\/portalpopmais.com.br\/en\/wp-json\/wp\/v2\/types\/post"}],"author":[{"embeddable":true,"href":"https:\/\/portalpopmais.com.br\/en\/wp-json\/wp\/v2\/users\/2"}],"replies":[{"embeddable":true,"href":"https:\/\/portalpopmais.com.br\/en\/wp-json\/wp\/v2\/comments?post=224390"}],"version-history":[{"count":0,"href":"https:\/\/portalpopmais.com.br\/en\/wp-json\/wp\/v2\/posts\/224390\/revisions"}],"wp:featuredmedia":[{"embeddable":true,"href":"https:\/\/portalpopmais.com.br\/en\/wp-json\/wp\/v2\/media\/169836"}],"wp:attachment":[{"href":"https:\/\/portalpopmais.com.br\/en\/wp-json\/wp\/v2\/media?parent=224390"}],"wp:term":[{"taxonomy":"category","embeddable":true,"href":"https:\/\/portalpopmais.com.br\/en\/wp-json\/wp\/v2\/categories?post=224390"},{"taxonomy":"post_tag","embeddable":true,"href":"https:\/\/portalpopmais.com.br\/en\/wp-json\/wp\/v2\/tags?post=224390"}],"curies":[{"name":"wp","href":"https:\/\/api.w.org\/{rel}","templated":true}]}}