{"id":224409,"date":"2025-01-23T10:54:37","date_gmt":"2025-01-23T13:54:37","guid":{"rendered":"https:\/\/portalpopmais.com.br\/?p=224409"},"modified":"2025-01-23T10:57:14","modified_gmt":"2025-01-23T13:57:14","slug":"ainda-estou-aqui-recebe-tres-indicacoes-ao-oscar","status":"publish","type":"post","link":"https:\/\/portalpopmais.com.br\/en\/ainda-estou-aqui-recebe-tres-indicacoes-ao-oscar\/","title":{"rendered":"&#8220;Ainda Estou Aqui&#8221; recebe tr\u00eas indica\u00e7\u00f5es ao Oscar"},"content":{"rendered":"<p>Entrou para a hist\u00f3ria! A produ\u00e7\u00e3o brasileira &#8220;<strong><a href=\"https:\/\/portalpopmais.com.br\/en\/trends\/ainda-estou-aqui\/\" data-type=\"post_tag\" data-id=\"16854\">Ainda Estou Aqui<\/a><\/strong>&#8221; recebeu tr\u00eas indica\u00e7\u00f5es ao Oscar, a principal premia\u00e7\u00e3o do cinema mundial.<\/p>\n\n\n\n<p>Dirigido Walter Salles, o longa est\u00e1 entre os nomeados nas categorias &#8220;Melhor Filme Estrangeiro&#8221; e &#8220;Melhor Filme&#8221;, sendo esta uma indica\u00e7\u00e3o in\u00e9dita para o cinema nacional.<\/p>\n\n\n\n<p>Confirmando as expectativas, Fernanda Torres tamb\u00e9m foi indicada na categoria &#8220;Melhor Atriz&#8221;. Veja a lista completa:<\/p>\n\n\n\n<h2 class=\"wp-block-heading\"><strong>Ator coadjuvante<\/strong><\/h2>\n\n\n\n<ul class=\"wp-block-list\">\n<li>Yura Borisov &#8211; &#8216;Anora&#8217;<\/li>\n\n\n\n<li>Kieran Culkin &#8211; &#8216;A verdadeira dor&#8217;<\/li>\n\n\n\n<li>Edward Norton &#8211; &#8216;Um completo desconhecido&#8217;<\/li>\n\n\n\n<li>Guy Pierce &#8211; &#8216;O brutalista&#8217;<\/li>\n\n\n\n<li>Jeremy Strong &#8211; &#8216;O aprendiz&#8217;<\/li>\n<\/ul>\n\n\n\n<h2 class=\"wp-block-heading\">Figurino<\/h2>\n\n\n\n<ul class=\"wp-block-list\">\n<li>&#8216;Um completo desconhecido&#8217;<\/li>\n\n\n\n<li>&#8216;Conclave&#8217;<\/li>\n\n\n\n<li>&#8216;Gladiador 2&#8217;<\/li>\n\n\n\n<li>&#8216;Nosferatu&#8217;<\/li>\n\n\n\n<li>&#8216;Wicked&#8217;<\/li>\n<\/ul>\n\n\n\n<h2 class=\"wp-block-heading\">Maquiagem e cabelo<\/h2>\n\n\n\n<ul class=\"wp-block-list\">\n<li>&#8216;Um homem diferente&#8217;<\/li>\n\n\n\n<li>&#8216;Emilia P\u00e9rez&#8217;<\/li>\n\n\n\n<li>&#8216;Nosferatu&#8217;<\/li>\n\n\n\n<li>&#8216;A subst\u00e2ncia&#8217;<\/li>\n\n\n\n<li>&#8216;Wicked&#8217;<\/li>\n<\/ul>\n\n\n\n<h2 class=\"wp-block-heading\">Trilha sonora<\/h2>\n\n\n\n<ul class=\"wp-block-list\">\n<li>&#8216;O brutalista&#8217;<\/li>\n\n\n\n<li>&#8216;Conclave&#8217;<\/li>\n\n\n\n<li>&#8216;Emilia P\u00e9rez&#8217;<\/li>\n\n\n\n<li>&#8216;Wicked&#8217;<\/li>\n\n\n\n<li>O rob\u00f4 selvagem&#8217;<\/li>\n<\/ul>\n\n\n\n<h2 class=\"wp-block-heading\">Curta-metragem com atores<\/h2>\n\n\n\n<ul class=\"wp-block-list\">\n<li>&#8216;A lien&#8217;<\/li>\n\n\n\n<li>&#8216;Anuja&#8217;<\/li>\n\n\n\n<li>&#8216;I&#8217;m not a robot&#8217;<\/li>\n\n\n\n<li>The last ranger&#8217;<\/li>\n\n\n\n<li>&#8216;The man who could not remain silent&#8217;<\/li>\n<\/ul>\n\n\n\n<h2 class=\"wp-block-heading\">Curta-metragem animado<\/h2>\n\n\n\n<ul class=\"wp-block-list\">\n<li>&#8216;Beautiful men&#8217;<\/li>\n\n\n\n<li>&#8216;In the shadow of cypress&#8217;<\/li>\n\n\n\n<li>&#8216;Magic candies&#8217;<\/li>\n\n\n\n<li>&#8216;Wander to wonder&#8217;<\/li>\n\n\n\n<li>&#8216;Yuck!&#8217;<\/li>\n<\/ul>\n\n\n\n<h2 class=\"wp-block-heading\">Roteiro adaptado<\/h2>\n\n\n\n<ul class=\"wp-block-list\">\n<li>&#8216;Um completo desconhecido&#8217;<\/li>\n\n\n\n<li>&#8216;Conclave&#8217;<\/li>\n\n\n\n<li>&#8216;Emilia P\u00e9rez&#8217;<\/li>\n\n\n\n<li>&#8216;Nickel boys&#8217;<\/li>\n\n\n\n<li>&#8216;Sing sing&#8217;<\/li>\n<\/ul>\n\n\n\n<h2 class=\"wp-block-heading\">Roteiro original<\/h2>\n\n\n\n<ul class=\"wp-block-list\">\n<li>&#8216;Anora&#8217;<\/li>\n\n\n\n<li>&#8216;O brutalista&#8217;<\/li>\n\n\n\n<li>&#8216;A verdadeira dor&#8217;<\/li>\n\n\n\n<li>&#8216;Setembro 5&#8217;<\/li>\n\n\n\n<li>&#8216;A subst\u00e2ncia&#8217;<\/li>\n<\/ul>\n\n\n\n<h2 class=\"wp-block-heading\">Atriz coadjuvante<\/h2>\n\n\n\n<ul class=\"wp-block-list\">\n<li>Monica Barbaro &#8211; &#8216;Um completo desconhecido&#8217;<\/li>\n\n\n\n<li>Ariana Grande &#8211; &#8216;Wicked&#8217;<\/li>\n\n\n\n<li>Felicity Jones &#8211; &#8216;O brutalista&#8217;<\/li>\n\n\n\n<li>Isabella Rossellini &#8211; &#8216;Conclave&#8217;<\/li>\n\n\n\n<li>Zoe Salda\u00f1a &#8211; &#8216;Emilia P\u00e9rez&#8217;<\/li>\n<\/ul>\n\n\n\n<h2 class=\"wp-block-heading\">Can\u00e7\u00e3o original<\/h2>\n\n\n\n<ul class=\"wp-block-list\">\n<li>&#8216;El Mal&#8217; &#8211; &#8216;Emilia P\u00e9rez&#8217;<\/li>\n\n\n\n<li>&#8216;The journey&#8217; &#8211; &#8216;The six triple eight&#8217;<\/li>\n\n\n\n<li>&#8216;Like a bird&#8217; &#8211; &#8216;Sing sing&#8217;<\/li>\n\n\n\n<li>&#8216;Mi camino&#8217; &#8211; &#8216;Emilia P\u00e9rez&#8217;<\/li>\n\n\n\n<li>&#8216;Never too late&#8217; &#8211; &#8216;Elton John: Never too late&#8217;<\/li>\n<\/ul>\n\n\n\n<h2 class=\"wp-block-heading\">Document\u00e1rio<\/h2>\n\n\n\n<ul class=\"wp-block-list\">\n<li>&#8216;Black box diaries&#8217;<\/li>\n\n\n\n<li>&#8216;No other land&#8217;<\/li>\n\n\n\n<li>&#8216;Porcelain war&#8217;<\/li>\n\n\n\n<li>&#8216;Soundtrack to a coup d&#8217;etat&#8217;<\/li>\n\n\n\n<li>&#8216;Sugarcane&#8217;<\/li>\n<\/ul>\n\n\n\n<h2 class=\"wp-block-heading\">Document\u00e1rio de curta-metragem<\/h2>\n\n\n\n<ul class=\"wp-block-list\">\n<li>&#8216;Death by numbers&#8217;<\/li>\n\n\n\n<li>&#8216;I am ready, warden&#8217;<\/li>\n\n\n\n<li>&#8216;Incident&#8217;<\/li>\n\n\n\n<li>&#8216;Instruments of a beating heart&#8217;<\/li>\n\n\n\n<li>The only girl in the orchestra&#8217;<\/li>\n<\/ul>\n\n\n\n<h2 class=\"wp-block-heading\">Filme internacional<\/h2>\n\n\n\n<ul class=\"wp-block-list\">\n<li>&#8216;Ainda estou aqui&#8217; &#8211; Brasil<\/li>\n\n\n\n<li>&#8216;A garota da agulha&#8217; &#8211; Dinamarca<\/li>\n\n\n\n<li>&#8216;Emilia P\u00e9rez&#8217; &#8211; Fran\u00e7a<\/li>\n\n\n\n<li>&#8216;A semente do fruto sagrado&#8217; &#8211; Alemanha<\/li>\n\n\n\n<li>&#8216;Flow&#8217; &#8211; Let\u00f4nia<\/li>\n<\/ul>\n\n\n\n<h2 class=\"wp-block-heading\">Anima\u00e7\u00e3o<\/h2>\n\n\n\n<ul class=\"wp-block-list\">\n<li>&#8216;Flow&#8217;<\/li>\n\n\n\n<li>&#8216;Divertida mente 2&#8217;<\/li>\n\n\n\n<li>&#8216;Mem\u00f3rias de um caracol&#8217;<\/li>\n\n\n\n<li>&#8216;Wallace &amp; Gromit: Avengan\u00e7a&#8217;<\/li>\n\n\n\n<li>&#8216;O rob\u00f4 selvagem&#8217;<\/li>\n<\/ul>\n\n\n\n<h2 class=\"wp-block-heading\">Dire\u00e7\u00e3o de arte<\/h2>\n\n\n\n<ul class=\"wp-block-list\">\n<li>&#8216;O brutalista&#8217;<\/li>\n\n\n\n<li>&#8216;Conclave&#8217;<\/li>\n\n\n\n<li>&#8216;Duna: Parte 2&#8217;<\/li>\n\n\n\n<li>&#8216;Nosferatu&#8217;<\/li>\n\n\n\n<li>&#8216;Wicked&#8217;<\/li>\n<\/ul>\n\n\n\n<h2 class=\"wp-block-heading\">Montagem<\/h2>\n\n\n\n<ul class=\"wp-block-list\">\n<li>&#8216;Anora&#8217;<\/li>\n\n\n\n<li>&#8216;O brutalista&#8217;<\/li>\n\n\n\n<li>&#8216;Conclave&#8217;<\/li>\n\n\n\n<li>&#8216;Emilia P\u00e9rez&#8217;<\/li>\n\n\n\n<li>&#8216;Wicked&#8217;<\/li>\n<\/ul>\n\n\n\n<h2 class=\"wp-block-heading\">Som<\/h2>\n\n\n\n<ul class=\"wp-block-list\">\n<li>&#8216;Um completo desconhecido&#8217;<\/li>\n\n\n\n<li>&#8216;Duna: Parte 2&#8217;<\/li>\n\n\n\n<li>&#8216;Emilia P\u00e9rez&#8217;<\/li>\n\n\n\n<li>&#8216;Wicked&#8217;<\/li>\n\n\n\n<li>&#8216;O rob\u00f4 selvagem&#8217;<\/li>\n<\/ul>\n\n\n\n<h2 class=\"wp-block-heading\">Efeitos visuais<\/h2>\n\n\n\n<ul class=\"wp-block-list\">\n<li>&#8216;Alien: Romulus&#8217;<\/li>\n\n\n\n<li>&#8216;Better Man: A Hist\u00f3ria de Robbie Williams&#8217;<\/li>\n\n\n\n<li>&#8216;Duna: Parte 2&#8217;<\/li>\n\n\n\n<li>&#8216;Planeta dos Macacos: O Reinado&#8217;<\/li>\n\n\n\n<li>&#8216;Wicked&#8217;<\/li>\n<\/ul>\n\n\n\n<h2 class=\"wp-block-heading\">Fotografia<\/h2>\n\n\n\n<ul class=\"wp-block-list\">\n<li>&#8216;O brutalista&#8217;<\/li>\n\n\n\n<li>&#8216;Duna: Parte 2&#8217;<\/li>\n\n\n\n<li>&#8216;Emilia P\u00e9rez&#8217;<\/li>\n\n\n\n<li>&#8216;Maria Callas&#8217;<\/li>\n\n\n\n<li>&#8216;Nosferatu&#8217;<\/li>\n<\/ul>\n\n\n\n<h2 class=\"wp-block-heading\">Ator<\/h2>\n\n\n\n<ul class=\"wp-block-list\">\n<li>Adrien Brody &#8211; &#8216;O brutalista&#8217;<\/li>\n\n\n\n<li>Timoth\u00e9e Chalamet &#8211; &#8216;Um completo desconhecido&#8217;<\/li>\n\n\n\n<li>Colman Domingo &#8211; &#8216;Sing sing&#8217;<\/li>\n\n\n\n<li>Ralph Fiennes &#8211; &#8216;Conclave&#8217;<\/li>\n\n\n\n<li>Sebastian Stan &#8211; &#8216;O aprendiz&#8217;<\/li>\n<\/ul>\n\n\n\n<p><\/p>","protected":false},"excerpt":{"rendered":"<p>Entrou para a hist\u00f3ria! A produ\u00e7\u00e3o brasileira &#8220;Ainda Estou Aqui&#8221; recebeu tr\u00eas indica\u00e7\u00f5es ao Oscar, a principal premia\u00e7\u00e3o do cinema mundial. Dirigido Walter Salles, o longa est\u00e1 entre os nomeados nas categorias &#8220;Melhor Filme Estrangeiro&#8221; e &#8220;Melhor Filme&#8221;, sendo esta uma indica\u00e7\u00e3o in\u00e9dita para o cinema nacional. Confirmando as expectativas, Fernanda Torres tamb\u00e9m foi indicada [&hellip;]<\/p>\n","protected":false},"author":2,"featured_media":221327,"comment_status":"closed","ping_status":"closed","sticky":false,"template":"","format":"standard","meta":{"footnotes":""},"categories":[174],"tags":[16854,8781,765],"class_list":["post-224409","post","type-post","status-publish","format-standard","has-post-thumbnail","hentry","category-filmes-series","tag-ainda-estou-aqui","tag-fernanda-torres","tag-oscar"],"_links":{"self":[{"href":"https:\/\/portalpopmais.com.br\/en\/wp-json\/wp\/v2\/posts\/224409","targetHints":{"allow":["GET"]}}],"collection":[{"href":"https:\/\/portalpopmais.com.br\/en\/wp-json\/wp\/v2\/posts"}],"about":[{"href":"https:\/\/portalpopmais.com.br\/en\/wp-json\/wp\/v2\/types\/post"}],"author":[{"embeddable":true,"href":"https:\/\/portalpopmais.com.br\/en\/wp-json\/wp\/v2\/users\/2"}],"replies":[{"embeddable":true,"href":"https:\/\/portalpopmais.com.br\/en\/wp-json\/wp\/v2\/comments?post=224409"}],"version-history":[{"count":0,"href":"https:\/\/portalpopmais.com.br\/en\/wp-json\/wp\/v2\/posts\/224409\/revisions"}],"wp:featuredmedia":[{"embeddable":true,"href":"https:\/\/portalpopmais.com.br\/en\/wp-json\/wp\/v2\/media\/221327"}],"wp:attachment":[{"href":"https:\/\/portalpopmais.com.br\/en\/wp-json\/wp\/v2\/media?parent=224409"}],"wp:term":[{"taxonomy":"category","embeddable":true,"href":"https:\/\/portalpopmais.com.br\/en\/wp-json\/wp\/v2\/categories?post=224409"},{"taxonomy":"post_tag","embeddable":true,"href":"https:\/\/portalpopmais.com.br\/en\/wp-json\/wp\/v2\/tags?post=224409"}],"curies":[{"name":"wp","href":"https:\/\/api.w.org\/{rel}","templated":true}]}}