{"id":224547,"date":"2025-01-25T07:22:15","date_gmt":"2025-01-25T10:22:15","guid":{"rendered":"https:\/\/portalpopmais.com.br\/?p=224547"},"modified":"2025-01-25T07:22:18","modified_gmt":"2025-01-25T10:22:18","slug":"naldo-fala-sobre-a-possibilidade-de-parceria-com-justin-bieber","status":"publish","type":"post","link":"https:\/\/portalpopmais.com.br\/en\/naldo-fala-sobre-a-possibilidade-de-parceria-com-justin-bieber\/","title":{"rendered":"Naldo fala sobre a possibilidade de parceria com Justin Bieber"},"content":{"rendered":"<p class=\"wp-block-paragraph\"><strong><a href=\"https:\/\/portalpopmais.com.br\/en\/trends\/naldo-benny\/\" data-type=\"post_tag\" data-id=\"3816\">Naldo Benny<\/a><\/strong> revelou em entrevista que pretende lan\u00e7ar uma m\u00fasica em parceria com Justin Bieber. Ao portal F5, o brasileiro disse que o astro pop teria aceitado gravar um feat com ele e que estaria preparando seu retorno aos palcos em 2025.\u00a0<\/p>\n\n\n\n<p class=\"wp-block-paragraph\">O cantor disse que a conversa foi direta. &#8220;Sabe que ele me falou? &#8216;Claro. E estou voltando aos palcos nesse ano. Vamos ver sim&#8217;. Confia. S\u00e9rio. N\u00e3o ri que \u00e9 s\u00e9rio. Me falou em primeira m\u00e3o&#8221;<\/p>\n\n\n\n<p class=\"wp-block-paragraph\">Com hist\u00f3rico de de intera\u00e7\u00f5es peculiares com personalidades globais, Naldo vira assunto nas redes sociais com frequ\u00eancia. Em outros momentos, o artista disse ter sido respons\u00e1vel pela vinda de Madonna ao Brasil e ser pr\u00f3ximo de outros cantores como Chris Brown.<\/p>\n\n\n\n<p class=\"wp-block-paragraph\">Ainda na conversa, Naldo declarou que nunca inventou fatos e que, mesmo que se incomode com as cr\u00edticas, aprendeu a reagir \u00e0s rea\u00e7\u00f5es do p\u00fablico.&nbsp;<\/p>\n\n\n\n<p class=\"wp-block-paragraph\">&#8220;Olha&#8230; Eu fico muito p*** da vida. Juro. S\u00f3 que eu resolvi entrar nessa onda, comecei a embarcar nessa parada e acabei virando o jogo. Renovei o meu p\u00fablico, chegaram marcas, viralizei nas redes com v\u00e1rias hashtags, videozinhos e passei a ter um engajamento fora do normal por causa das resenhas (&#8230;) Nenhuma (hist\u00f3ria \u00e9 mentira). Tudo verdade. N\u00e3o contei uma mentira at\u00e9 hoje&#8221;, disse.<\/p>","protected":false},"excerpt":{"rendered":"<p>Naldo Benny revelou em entrevista que pretende lan\u00e7ar uma m\u00fasica em parceria com Justin Bieber. Ao portal F5, o brasileiro disse que o astro pop teria aceitado gravar um feat com ele e que estaria preparando seu retorno aos palcos em 2025.\u00a0 O cantor disse que a conversa foi direta. &#8220;Sabe que ele me falou? [&hellip;]<\/p>\n","protected":false},"author":2,"featured_media":224550,"comment_status":"closed","ping_status":"closed","sticky":false,"template":"","format":"standard","meta":{"footnotes":""},"categories":[154],"tags":[267,3816],"class_list":["post-224547","post","type-post","status-publish","format-standard","has-post-thumbnail","hentry","category-musica","tag-justin-bieber","tag-naldo-benny"],"_links":{"self":[{"href":"https:\/\/portalpopmais.com.br\/en\/wp-json\/wp\/v2\/posts\/224547","targetHints":{"allow":["GET"]}}],"collection":[{"href":"https:\/\/portalpopmais.com.br\/en\/wp-json\/wp\/v2\/posts"}],"about":[{"href":"https:\/\/portalpopmais.com.br\/en\/wp-json\/wp\/v2\/types\/post"}],"author":[{"embeddable":true,"href":"https:\/\/portalpopmais.com.br\/en\/wp-json\/wp\/v2\/users\/2"}],"replies":[{"embeddable":true,"href":"https:\/\/portalpopmais.com.br\/en\/wp-json\/wp\/v2\/comments?post=224547"}],"version-history":[{"count":0,"href":"https:\/\/portalpopmais.com.br\/en\/wp-json\/wp\/v2\/posts\/224547\/revisions"}],"wp:featuredmedia":[{"embeddable":true,"href":"https:\/\/portalpopmais.com.br\/en\/wp-json\/wp\/v2\/media\/224550"}],"wp:attachment":[{"href":"https:\/\/portalpopmais.com.br\/en\/wp-json\/wp\/v2\/media?parent=224547"}],"wp:term":[{"taxonomy":"category","embeddable":true,"href":"https:\/\/portalpopmais.com.br\/en\/wp-json\/wp\/v2\/categories?post=224547"},{"taxonomy":"post_tag","embeddable":true,"href":"https:\/\/portalpopmais.com.br\/en\/wp-json\/wp\/v2\/tags?post=224547"}],"curies":[{"name":"wp","href":"https:\/\/api.w.org\/{rel}","templated":true}]}}