{"id":224780,"date":"2025-01-28T23:33:09","date_gmt":"2025-01-29T02:33:09","guid":{"rendered":"https:\/\/portalpopmais.com.br\/?p=224780"},"modified":"2025-01-28T23:33:09","modified_gmt":"2025-01-29T02:33:09","slug":"fresno-realiza-turne-eu-nunca-fui-embora","status":"publish","type":"post","link":"https:\/\/portalpopmais.com.br\/en\/fresno-realiza-turne-eu-nunca-fui-embora\/","title":{"rendered":"Fresno realiza turn\u00ea &#8220;Eu Nunca Fui Embora&#8221;"},"content":{"rendered":"<p>A banda Fresno leva para S\u00e3o Paulo a turn\u00ea \u201cEu Nunca Fui Embora\u201d no pr\u00f3ximo dia 14 de fevereiro, no Clube Atl\u00e9tico Juventus. Com 25 anos de carreira, Lucas Silveira, Vavo e Guerra&nbsp; comemoram a trajet\u00f3ria em um show que une os sucessos e m\u00fasicas do \u00e1lbum hom\u00f4nimo lan\u00e7ado em 2024.<\/p>\n\n\n\n<p>O disco entrou na lista de melhores \u00e1lbuns nacionais da revista Rolling Stone Brasil e traz colabora\u00e7\u00f5es com personalidades da m\u00fasica como Pabllo Vittar, em \u201cEu Te Amo\/ Eu Te Odeio\u201d; NX Zero, em \u201cSe Eu For Vou Com Voc\u00ea\u201d, e Chit\u00e3ozinho e Xoror\u00f3, em Camadas, al\u00e9m das participa\u00e7\u00f5es de Dead Fish, em &#8220;Essa Vida Ainda Vai nos Matar&#8221;, e Filipe Catto, em &#8220;Diga Parte Final&#8221;.<\/p>\n\n\n\n<p>\u00c0 imprensa, Lucas Silveira comenta sobre a turn\u00ea. \u201cEu Nunca Fui Embora \u00e9 uma celebra\u00e7\u00e3o. N\u00e3o tenho d\u00favida de que este \u00e9 o disco e a turn\u00ea da nossa carreira. A gente faz m\u00fasica pra cantar com a galera e poder viver isso juntos, mesmo depois de tantos anos, \u00e9 incr\u00edvel. Pensamos em uma sele\u00e7\u00e3o de m\u00fasicas para que cada show seja \u00fanico\u201d.&nbsp;<\/p>\n\n\n\n<p>Al\u00e9m de S\u00e3o Paulo, a turn\u00ea passar\u00e1 por outras cidades, incluindo Florian\u00f3polis, Rio de Janeiro e Curitiba. As novas datas ser\u00e3o divulgadas em breve.<\/p>","protected":false},"excerpt":{"rendered":"<p>A banda Fresno leva para S\u00e3o Paulo a turn\u00ea \u201cEu Nunca Fui Embora\u201d no pr\u00f3ximo dia 14 de fevereiro, no Clube Atl\u00e9tico Juventus. Com 25 anos de carreira, Lucas Silveira, Vavo e Guerra&nbsp; comemoram a trajet\u00f3ria em um show que une os sucessos e m\u00fasicas do \u00e1lbum hom\u00f4nimo lan\u00e7ado em 2024. O disco entrou na [&hellip;]<\/p>\n","protected":false},"author":2,"featured_media":163710,"comment_status":"closed","ping_status":"closed","sticky":false,"template":"","format":"standard","meta":{"footnotes":""},"categories":[2165],"tags":[4099],"class_list":["post-224780","post","type-post","status-publish","format-standard","has-post-thumbnail","hentry","category-noticias","tag-fresno"],"_links":{"self":[{"href":"https:\/\/portalpopmais.com.br\/en\/wp-json\/wp\/v2\/posts\/224780","targetHints":{"allow":["GET"]}}],"collection":[{"href":"https:\/\/portalpopmais.com.br\/en\/wp-json\/wp\/v2\/posts"}],"about":[{"href":"https:\/\/portalpopmais.com.br\/en\/wp-json\/wp\/v2\/types\/post"}],"author":[{"embeddable":true,"href":"https:\/\/portalpopmais.com.br\/en\/wp-json\/wp\/v2\/users\/2"}],"replies":[{"embeddable":true,"href":"https:\/\/portalpopmais.com.br\/en\/wp-json\/wp\/v2\/comments?post=224780"}],"version-history":[{"count":0,"href":"https:\/\/portalpopmais.com.br\/en\/wp-json\/wp\/v2\/posts\/224780\/revisions"}],"wp:featuredmedia":[{"embeddable":true,"href":"https:\/\/portalpopmais.com.br\/en\/wp-json\/wp\/v2\/media\/163710"}],"wp:attachment":[{"href":"https:\/\/portalpopmais.com.br\/en\/wp-json\/wp\/v2\/media?parent=224780"}],"wp:term":[{"taxonomy":"category","embeddable":true,"href":"https:\/\/portalpopmais.com.br\/en\/wp-json\/wp\/v2\/categories?post=224780"},{"taxonomy":"post_tag","embeddable":true,"href":"https:\/\/portalpopmais.com.br\/en\/wp-json\/wp\/v2\/tags?post=224780"}],"curies":[{"name":"wp","href":"https:\/\/api.w.org\/{rel}","templated":true}]}}