{"id":224849,"date":"2025-01-30T14:49:25","date_gmt":"2025-01-30T17:49:25","guid":{"rendered":"https:\/\/portalpopmais.com.br\/?p=224849"},"modified":"2025-01-30T14:49:27","modified_gmt":"2025-01-30T17:49:27","slug":"bolsonaro-revela-policia-federal","status":"publish","type":"post","link":"https:\/\/portalpopmais.com.br\/en\/bolsonaro-revela-policia-federal\/","title":{"rendered":"Bolsonaro revela aguardar o &#8216;toc toc toc&#8217; em sua porta \u00e0s 6h da manh\u00e3: &#8220;\u00c9 a Pol\u00edcia Federal&#8221;"},"content":{"rendered":"<p>O ex-presidente <strong><a href=\"https:\/\/portalpopmais.com.br\/en\/trends\/bolsonaro\/\" data-type=\"post_tag\" data-id=\"477\">Jair Bolsonaro<\/a><\/strong> revelou, em entrevista \u00e0 revista americana <a href=\"https:\/\/www.instagram.com\/portalpopmais?igsh=MTNjb2tpbnRud3pqMw==\" target=\"_blank\" rel=\"noopener\"><strong>Bloomberg<\/strong><\/a>, que j\u00e1 est\u00e1 preparado para um novo tipo de despertador: o toque da campainha da Pol\u00edcia Federal \u00e0s seis da manh\u00e3. Segundo ele, apesar de dormir bem, j\u00e1 se acostumou com a ideia de acordar com a tradicional abordagem matinal dos agentes.<\/p>\n\n\n\n<p>&#8220;Durmo bem, mas j\u00e1 estou preparado para ouvir a campainha tocar \u00e0s 6h da manh\u00e3: \u2018\u00c9 a Pol\u00edcia Federal!\u2019&#8221;, declarou Bolsonaro, aparentemente com o despertador j\u00e1 ajustado para essa rotina.<\/p>\n\n\n\n<p>Indiciado em tr\u00eas investiga\u00e7\u00f5es da PF, Bolsonaro acumula processos na Justi\u00e7a. Entre os motivos, est\u00e3o a suposta fraude no cart\u00e3o de vacina\u00e7\u00e3o, a trama do golpe e o famoso caso das joias sauditas.<\/p>\n\n\n\n<p>Mesmo ineleg\u00edvel por decis\u00e3o do TSE, o ex-presidente ainda se v\u00ea como o \u00fanico capaz de enfrentar Lula nas urnas. Seu plano? Pressionar o Judici\u00e1rio com apoio internacional, numa estrat\u00e9gia que soa um pouco como &#8220;se n\u00e3o pode venc\u00ea-los, pe\u00e7a refor\u00e7os de fora&#8221;.<\/p>\n\n\n\n<p>&#8220;Hoje, eu sou a oposi\u00e7\u00e3o contra Lula. Qualquer outro nome que concorrer tem um s\u00e9rio risco de perder&#8221;, afirmou Bolsonaro, refor\u00e7ando sua convic\u00e7\u00e3o de que o Brasil seria muito melhor com ele no poder. Conta outra\u2026<\/p>","protected":false},"excerpt":{"rendered":"<p>O ex-presidente Jair Bolsonaro revelou, em entrevista \u00e0 revista americana Bloomberg, que j\u00e1 est\u00e1 preparado para um novo tipo de despertador: o toque da campainha da Pol\u00edcia Federal \u00e0s seis da manh\u00e3. Segundo ele, apesar de dormir bem, j\u00e1 se acostumou com a ideia de acordar com a tradicional abordagem matinal dos agentes. &#8220;Durmo bem, [&hellip;]<\/p>\n","protected":false},"author":3,"featured_media":224850,"comment_status":"closed","ping_status":"closed","sticky":false,"template":"","format":"standard","meta":{"footnotes":""},"categories":[2165],"tags":[477,17188],"class_list":["post-224849","post","type-post","status-publish","format-standard","has-post-thumbnail","hentry","category-noticias","tag-bolsonaro","tag-policia-federal"],"_links":{"self":[{"href":"https:\/\/portalpopmais.com.br\/en\/wp-json\/wp\/v2\/posts\/224849","targetHints":{"allow":["GET"]}}],"collection":[{"href":"https:\/\/portalpopmais.com.br\/en\/wp-json\/wp\/v2\/posts"}],"about":[{"href":"https:\/\/portalpopmais.com.br\/en\/wp-json\/wp\/v2\/types\/post"}],"author":[{"embeddable":true,"href":"https:\/\/portalpopmais.com.br\/en\/wp-json\/wp\/v2\/users\/3"}],"replies":[{"embeddable":true,"href":"https:\/\/portalpopmais.com.br\/en\/wp-json\/wp\/v2\/comments?post=224849"}],"version-history":[{"count":0,"href":"https:\/\/portalpopmais.com.br\/en\/wp-json\/wp\/v2\/posts\/224849\/revisions"}],"wp:featuredmedia":[{"embeddable":true,"href":"https:\/\/portalpopmais.com.br\/en\/wp-json\/wp\/v2\/media\/224850"}],"wp:attachment":[{"href":"https:\/\/portalpopmais.com.br\/en\/wp-json\/wp\/v2\/media?parent=224849"}],"wp:term":[{"taxonomy":"category","embeddable":true,"href":"https:\/\/portalpopmais.com.br\/en\/wp-json\/wp\/v2\/categories?post=224849"},{"taxonomy":"post_tag","embeddable":true,"href":"https:\/\/portalpopmais.com.br\/en\/wp-json\/wp\/v2\/tags?post=224849"}],"curies":[{"name":"wp","href":"https:\/\/api.w.org\/{rel}","templated":true}]}}