{"id":224973,"date":"2025-01-31T14:14:06","date_gmt":"2025-01-31T17:14:06","guid":{"rendered":"https:\/\/portalpopmais.com.br\/?p=224973"},"modified":"2025-01-31T14:14:09","modified_gmt":"2025-01-31T17:14:09","slug":"aonde-foi-parar-novo-single-de-caca-vile-vem-ai-em-2025","status":"publish","type":"post","link":"https:\/\/portalpopmais.com.br\/en\/aonde-foi-parar-novo-single-de-caca-vile-vem-ai-em-2025\/","title":{"rendered":"\u201cAonde foi Parar\u201d, novo single de Cac\u00e1 Vile, vem ai em 2025!"},"content":{"rendered":"<p>O amor sempre foi marca registrada nas composi\u00e7\u00f5es do cantor <strong><a href=\"https:\/\/portalpopmais.com.br\/en\/trends\/caca-vile\/\" data-type=\"post_tag\" data-id=\"17254\">Cac\u00e1 Vile<\/a><\/strong>, e para 2025 ele prepara uma s\u00e9rie de lan\u00e7amentos (singles) e um \u00e1lbum. A primeira a ser lan\u00e7ada \u00e9 a faixa \u2018<a href=\"https:\/\/open.spotify.com\/intl-pt\/track\/2ZgcboRfK3FbtMYMVptOJ0\" target=\"_blank\" rel=\"noopener\">Aonde foi Parar<\/a>\u2019, que estreia nesta sexta-feira (31), em todas as plataformas digitais. <\/p>\n\n\n\n<p>A can\u00e7\u00e3o &#8220;Aonde Foi Parar&#8221; \u00e9 uma balada rom\u00e2ntica profunda e emotiva que reflete sobre a fragilidade do amor e os desencontros da vida. Com uma melodia delicada e cheia de sentimento, a m\u00fasica traz versos que narram a luta para preservar um relacionamento que parecia invenc\u00edvel, mas que acabou escapando por entre os dedos. A letra, aborda as nuances do amor que um dia foi &#8220;tudo e tanto&#8221;, mas que se perdeu com o tempo, convidando o ouvinte a uma introspec\u00e7\u00e3o sobre os altos e baixos das rela\u00e7\u00f5es. \u201c\u00c9 uma can\u00e7\u00e3o para quem j\u00e1 amou, perdeu e ficou com as mem\u00f3rias do que um dia foi especial\u201d, disse.<\/p>\n\n\n\n<figure class=\"wp-block-embed is-type-video is-provider-youtube wp-block-embed-youtube wp-embed-aspect-16-9 wp-has-aspect-ratio\"><div class=\"wp-block-embed__wrapper\">\n<iframe loading=\"lazy\" title=\"Cac\u00e1 Vile - Aonde foi parar (Lyric video)\" width=\"880\" height=\"495\" src=\"https:\/\/www.youtube.com\/embed\/Hb_mOlIitbk?feature=oembed\" frameborder=\"0\" allow=\"accelerometer; autoplay; clipboard-write; encrypted-media; gyroscope; picture-in-picture; web-share\" referrerpolicy=\"strict-origin-when-cross-origin\" allowfullscreen><\/iframe>\n<\/div><\/figure>\n\n\n\n<p>O arranjo musical cria uma atmosfera envolvente e sofisticada, onde o viol\u00e3o de a\u00e7o predomina, estabelecendo uma base mel\u00f3dica \u00edntima e acolhedora. As cordas complementam o instrumental com contracantos delicados, trazendo suavidade e uma paleta de cores sonoras que enriquece ainda mais a experi\u00eancia.<\/p>\n\n\n\n<p>\u00c0 medida que a m\u00fasica progride, o vocal cresce em intensidade, acompanhando o aumento emocional da narrativa, culminando em um final impactante e repleto de sentimento. &#8220;Aonde Foi Parar&#8221; n\u00e3o \u00e9 apenas uma can\u00e7\u00e3o sobre despedidas; \u00e9 uma jornada sonora que combina lirismo, melodia e emo\u00e7\u00e3o em perfeita harmonia.<\/p>","protected":false},"excerpt":{"rendered":"<p>O amor sempre foi marca registrada nas composi\u00e7\u00f5es do cantor Cac\u00e1 Vile, e para 2025 ele prepara uma s\u00e9rie de lan\u00e7amentos (singles) e um \u00e1lbum. A primeira a ser lan\u00e7ada \u00e9 a faixa \u2018Aonde foi Parar\u2019, que estreia nesta sexta-feira (31), em todas as plataformas digitais. A can\u00e7\u00e3o &#8220;Aonde Foi Parar&#8221; \u00e9 uma balada rom\u00e2ntica [&hellip;]<\/p>\n","protected":false},"author":2,"featured_media":224976,"comment_status":"closed","ping_status":"closed","sticky":false,"template":"","format":"standard","meta":{"footnotes":""},"categories":[154],"tags":[17254],"class_list":["post-224973","post","type-post","status-publish","format-standard","has-post-thumbnail","hentry","category-musica","tag-caca-vile"],"_links":{"self":[{"href":"https:\/\/portalpopmais.com.br\/en\/wp-json\/wp\/v2\/posts\/224973","targetHints":{"allow":["GET"]}}],"collection":[{"href":"https:\/\/portalpopmais.com.br\/en\/wp-json\/wp\/v2\/posts"}],"about":[{"href":"https:\/\/portalpopmais.com.br\/en\/wp-json\/wp\/v2\/types\/post"}],"author":[{"embeddable":true,"href":"https:\/\/portalpopmais.com.br\/en\/wp-json\/wp\/v2\/users\/2"}],"replies":[{"embeddable":true,"href":"https:\/\/portalpopmais.com.br\/en\/wp-json\/wp\/v2\/comments?post=224973"}],"version-history":[{"count":0,"href":"https:\/\/portalpopmais.com.br\/en\/wp-json\/wp\/v2\/posts\/224973\/revisions"}],"wp:featuredmedia":[{"embeddable":true,"href":"https:\/\/portalpopmais.com.br\/en\/wp-json\/wp\/v2\/media\/224976"}],"wp:attachment":[{"href":"https:\/\/portalpopmais.com.br\/en\/wp-json\/wp\/v2\/media?parent=224973"}],"wp:term":[{"taxonomy":"category","embeddable":true,"href":"https:\/\/portalpopmais.com.br\/en\/wp-json\/wp\/v2\/categories?post=224973"},{"taxonomy":"post_tag","embeddable":true,"href":"https:\/\/portalpopmais.com.br\/en\/wp-json\/wp\/v2\/tags?post=224973"}],"curies":[{"name":"wp","href":"https:\/\/api.w.org\/{rel}","templated":true}]}}