{"id":225393,"date":"2025-02-06T03:02:25","date_gmt":"2025-02-06T06:02:25","guid":{"rendered":"https:\/\/portalpopmais.com.br\/?p=225393"},"modified":"2025-02-06T03:04:16","modified_gmt":"2025-02-06T06:04:16","slug":"rodrigo-bocardi-sbt-bonner-e-tralli","status":"publish","type":"post","link":"https:\/\/portalpopmais.com.br\/en\/rodrigo-bocardi-sbt-bonner-e-tralli\/","title":{"rendered":"Rodrigo Bocardi entra na mira do SBT e deixa de seguir Bonner e Tralli nas redes sociais"},"content":{"rendered":"<p>Ap\u00f3s sua recente sa\u00edda da TV Globo, <a href=\"https:\/\/portalpopmais.com.br\/wp-content\/uploads\/2025\/01\/GridArt_20250131_085613177.jpg\" data-type=\"attachment\" data-id=\"224903\"><strong>Rodrigo Bocardi<\/strong><\/a> est\u00e1 em negocia\u00e7\u00f5es com o <strong><a href=\"https:\/\/www.instagram.com\/portalpopmais?igsh=MTNjb2tpbnRud3pqMw==\" target=\"_blank\" rel=\"noopener\">SBT<\/a><\/strong> para assumir um programa matinal. A emissora da fam\u00edlia Abravanel tem interesse em contar com o jornalista para impulsionar sua audi\u00eancia no in\u00edcio da tarde.<\/p>\n\n\n\n<p>Al\u00e9m das conversas com o SBT, Bocardi tem sido sondado por outras emissoras, como a Band e a Record, que demonstram interesse em seu talento para fortalecer suas grades de programa\u00e7\u00e3o.<\/p>\n\n\n\n<p>Paralelamente \u00e0s movimenta\u00e7\u00f5es profissionais, o jornalista realizou mudan\u00e7as significativas em suas redes sociais. Ele deixou de seguir diversos ex-colegas da Globo no Instagram, incluindo William Bonner, C\u00e9sar Tralli e Nilson Klava.<\/p>\n\n\n\n<p>Em uma recente mensagem enigm\u00e1tica na sua p\u00e1gina no Instagram, Bocardi compartilhou: <em>&#8220;Quantas ideias, quantas possibilidades para a gente manter viva essa nossa conex\u00e3o que \u00e9 forte. Quantas hist\u00f3rias pela frente. Me convidaram para um caf\u00e9. Um sentimento de que Rodrigo Bocardi volta j\u00e1&#8221;<\/em>.<\/p>\n\n\n\n<p>O p\u00fablico agora aguarda ansiosamente pelos pr\u00f3ximos passos de Bocardi, que promete novidades em breve.<\/p>","protected":false},"excerpt":{"rendered":"<p>Ap\u00f3s sua recente sa\u00edda da TV Globo, Rodrigo Bocardi est\u00e1 em negocia\u00e7\u00f5es com o SBT para assumir um programa matinal. A emissora da fam\u00edlia Abravanel tem interesse em contar com o jornalista para impulsionar sua audi\u00eancia no in\u00edcio da tarde. Al\u00e9m das conversas com o SBT, Bocardi tem sido sondado por outras emissoras, como a [&hellip;]<\/p>\n","protected":false},"author":3,"featured_media":225394,"comment_status":"closed","ping_status":"closed","sticky":false,"template":"","format":"standard","meta":{"footnotes":""},"categories":[181],"tags":[10983,8259,403,10985],"class_list":["post-225393","post","type-post","status-publish","format-standard","has-post-thumbnail","hentry","category-televisao","tag-bonner","tag-rodrigo-bocardi","tag-sbt","tag-tralli"],"_links":{"self":[{"href":"https:\/\/portalpopmais.com.br\/en\/wp-json\/wp\/v2\/posts\/225393","targetHints":{"allow":["GET"]}}],"collection":[{"href":"https:\/\/portalpopmais.com.br\/en\/wp-json\/wp\/v2\/posts"}],"about":[{"href":"https:\/\/portalpopmais.com.br\/en\/wp-json\/wp\/v2\/types\/post"}],"author":[{"embeddable":true,"href":"https:\/\/portalpopmais.com.br\/en\/wp-json\/wp\/v2\/users\/3"}],"replies":[{"embeddable":true,"href":"https:\/\/portalpopmais.com.br\/en\/wp-json\/wp\/v2\/comments?post=225393"}],"version-history":[{"count":0,"href":"https:\/\/portalpopmais.com.br\/en\/wp-json\/wp\/v2\/posts\/225393\/revisions"}],"wp:featuredmedia":[{"embeddable":true,"href":"https:\/\/portalpopmais.com.br\/en\/wp-json\/wp\/v2\/media\/225394"}],"wp:attachment":[{"href":"https:\/\/portalpopmais.com.br\/en\/wp-json\/wp\/v2\/media?parent=225393"}],"wp:term":[{"taxonomy":"category","embeddable":true,"href":"https:\/\/portalpopmais.com.br\/en\/wp-json\/wp\/v2\/categories?post=225393"},{"taxonomy":"post_tag","embeddable":true,"href":"https:\/\/portalpopmais.com.br\/en\/wp-json\/wp\/v2\/tags?post=225393"}],"curies":[{"name":"wp","href":"https:\/\/api.w.org\/{rel}","templated":true}]}}