{"id":225921,"date":"2025-02-12T03:20:27","date_gmt":"2025-02-12T06:20:27","guid":{"rendered":"https:\/\/portalpopmais.com.br\/?p=225921"},"modified":"2025-02-12T03:20:30","modified_gmt":"2025-02-12T06:20:30","slug":"ilhados-com-a-sogra-processa-genro","status":"publish","type":"post","link":"https:\/\/portalpopmais.com.br\/en\/ilhados-com-a-sogra-processa-genro\/","title":{"rendered":"Vivendo em abrigo, ex-participante de &#8216;Ilhados com a Sogra&#8217; processa genro e pede indeniza\u00e7\u00e3o"},"content":{"rendered":"<p>Severina Ten\u00f3rio da Silva, ex-participante da primeira edi\u00e7\u00e3o do reality <a href=\"https:\/\/portalpopmais.com.br\/wp-content\/uploads\/2021\/02\/anitta-ilhados-com-beats-detalhes-1-e1613074237387.jpg\" data-type=\"attachment\" data-id=\"76580\">&#8216;<strong>Ilhados com a Sogra<\/strong>&#8216;<\/a>, entrou na Justi\u00e7a contra o genro, Thiago Moreira C\u00e9sar, alegando danos morais. Segundo informa\u00e7\u00f5es do <strong><a href=\"https:\/\/www.instagram.com\/portalpopmais?igsh=MTNjb2tpbnRud3pqMw==\" target=\"_blank\" rel=\"noopener\">Portal L\u00e9o Dias<\/a><\/strong>, ela pede a remo\u00e7\u00e3o de conte\u00fados considerados ofensivos publicados por ele nas redes sociais, al\u00e9m de uma indeniza\u00e7\u00e3o di\u00e1ria.<\/p>\n\n\n\n<p>A rela\u00e7\u00e3o entre Severina e o casal Thiago e Mayara, sua filha, teria se deteriorado ap\u00f3s o programa. De acordo com a a\u00e7\u00e3o, Thiago publicou um v\u00eddeo em seu perfil no Instagram mencionando a sogra de maneira pejorativa, o que, segundo a defesa de Severina, extrapola os limites da liberdade de express\u00e3o e afeta sua honra e imagem.<\/p>\n\n\n\n<p><em>&#8220;A perman\u00eancia dos v\u00eddeos prejudica n\u00e3o apenas a reputa\u00e7\u00e3o p\u00fablica da autora, mas tamb\u00e9m exp\u00f5e desnecessariamente sua privacidade&#8221;<\/em>, argumenta a defesa no processo.<\/p>\n\n\n\n<p>Antes de acionar a Justi\u00e7a, Severina enviou uma notifica\u00e7\u00e3o extrajudicial pedindo a remo\u00e7\u00e3o do v\u00eddeo, mas Thiago teria se recusado a apag\u00e1-lo. A filha de Severina, por outro lado, teria retirado o material de suas redes.<\/p>\n\n\n\n<p>A pe\u00e7a processual fundamenta-se no direito \u00e0 honra e \u00e0 privacidade, apontando que a liberdade de express\u00e3o n\u00e3o \u00e9 absoluta e deve respeitar esses limites. No pedido, Severina solicita a exclus\u00e3o do conte\u00fado no prazo de 24 horas, sob pena de multa di\u00e1ria de R$ 500,00. Al\u00e9m disso, pede uma indeniza\u00e7\u00e3o por danos morais no valor de R$ 2.000,00 e o pagamento das custas processuais e honor\u00e1rios advocat\u00edcios.<\/p>\n\n\n\n<p>Atualmente desempregada e vivendo em um abrigo, Severina afirma que enfrenta dificuldades desde o fim do reality.<\/p>\n\n\n\n<h3 class=\"wp-block-heading\">A vers\u00e3o do genro<\/h3>\n\n\n\n<p>Thiago Moreira C\u00e9sar se manifestou sobre o caso, afirmando que o v\u00eddeo foi uma resposta a declara\u00e7\u00f5es de Severina em uma entrevista.<\/p>\n\n\n\n<p><em>&#8220;Tudo aconteceu pois ela disse que eu e Mayara a abandonamos, o que nunca existiu. Com essa atitude, mais uma vez, ela colocou a opini\u00e3o p\u00fablica contra a gente. Por isso, tivemos que nos pronunciar e postar um v\u00eddeo falando a verdade dos fatos&#8221;<\/em>, justificou.<\/p>\n\n\n\n<p>Ele tamb\u00e9m argumentou que a publica\u00e7\u00e3o foi uma forma de defesa:<\/p>\n\n\n\n<p><em>&#8220;Ela alega que a expusemos nesse v\u00eddeo, mas ela nos exp\u00f4s o tempo todo. O v\u00eddeo foi apenas para nos defender. Como sempre, Severina s\u00f3 pensa nela, sem se importar com as consequ\u00eancias, mesmo que a pr\u00f3pria filha seja atacada devido \u00e0s suas mentiras.&#8221;<\/em><\/p>\n\n\n\n<p>Por fim, Thiago lamentou a situa\u00e7\u00e3o: <em>&#8220;Preferi ficar do lado dela no reality para agora levar isso em troca, mas Deus sabe de todas as coisas.&#8221;<\/em><\/p>\n\n\n\n<p>O caso segue em tramita\u00e7\u00e3o na Justi\u00e7a paulista.<\/p>","protected":false},"excerpt":{"rendered":"<p>Severina Ten\u00f3rio da Silva, ex-participante da primeira edi\u00e7\u00e3o do reality &#8216;Ilhados com a Sogra&#8216;, entrou na Justi\u00e7a contra o genro, Thiago Moreira C\u00e9sar, alegando danos morais. Segundo informa\u00e7\u00f5es do Portal L\u00e9o Dias, ela pede a remo\u00e7\u00e3o de conte\u00fados considerados ofensivos publicados por ele nas redes sociais, al\u00e9m de uma indeniza\u00e7\u00e3o di\u00e1ria. A rela\u00e7\u00e3o entre Severina [&hellip;]<\/p>\n","protected":false},"author":3,"featured_media":225922,"comment_status":"closed","ping_status":"closed","sticky":false,"template":"","format":"standard","meta":{"footnotes":""},"categories":[173],"tags":[],"class_list":["post-225921","post","type-post","status-publish","format-standard","has-post-thumbnail","hentry","category-celebridades"],"_links":{"self":[{"href":"https:\/\/portalpopmais.com.br\/en\/wp-json\/wp\/v2\/posts\/225921","targetHints":{"allow":["GET"]}}],"collection":[{"href":"https:\/\/portalpopmais.com.br\/en\/wp-json\/wp\/v2\/posts"}],"about":[{"href":"https:\/\/portalpopmais.com.br\/en\/wp-json\/wp\/v2\/types\/post"}],"author":[{"embeddable":true,"href":"https:\/\/portalpopmais.com.br\/en\/wp-json\/wp\/v2\/users\/3"}],"replies":[{"embeddable":true,"href":"https:\/\/portalpopmais.com.br\/en\/wp-json\/wp\/v2\/comments?post=225921"}],"version-history":[{"count":0,"href":"https:\/\/portalpopmais.com.br\/en\/wp-json\/wp\/v2\/posts\/225921\/revisions"}],"wp:featuredmedia":[{"embeddable":true,"href":"https:\/\/portalpopmais.com.br\/en\/wp-json\/wp\/v2\/media\/225922"}],"wp:attachment":[{"href":"https:\/\/portalpopmais.com.br\/en\/wp-json\/wp\/v2\/media?parent=225921"}],"wp:term":[{"taxonomy":"category","embeddable":true,"href":"https:\/\/portalpopmais.com.br\/en\/wp-json\/wp\/v2\/categories?post=225921"},{"taxonomy":"post_tag","embeddable":true,"href":"https:\/\/portalpopmais.com.br\/en\/wp-json\/wp\/v2\/tags?post=225921"}],"curies":[{"name":"wp","href":"https:\/\/api.w.org\/{rel}","templated":true}]}}