{"id":226457,"date":"2025-02-18T15:23:58","date_gmt":"2025-02-18T18:23:58","guid":{"rendered":"https:\/\/portalpopmais.com.br\/?p=226457"},"modified":"2025-02-18T15:44:56","modified_gmt":"2025-02-18T18:44:56","slug":"incendio-atinge-cidade-cinematografica-da-globo","status":"publish","type":"post","link":"https:\/\/portalpopmais.com.br\/en\/incendio-atinge-cidade-cinematografica-da-globo\/","title":{"rendered":"Inc\u00eandio toma conta dos Est\u00fadios Globo; veja v\u00eddeo"},"content":{"rendered":"<p>Um inc\u00eandio de grandes propor\u00e7\u00f5es atingiu a cidade cenogr\u00e1fica da novela das 7, da <strong><a href=\"https:\/\/portalpopmais.com.br\/en\/trends\/tv-globo\/\" data-type=\"post_tag\" data-id=\"1665\">TV Globo<\/a><\/strong>, deixando a produ\u00e7\u00e3o em estado de alerta. As chamas come\u00e7aram de forma inesperada e se espalharam rapidamente, for\u00e7ando a evacua\u00e7\u00e3o imediata do local. O incidente, que ocorreu nos Est\u00fadios Globo, causou um verdadeiro p\u00e2nico entre os funcion\u00e1rios e elenco da <a href=\"http:\/\/ikarus.mus.br\" target=\"_blank\" rel=\"noopener\">trama<\/a>.<\/p>\n\n\n\n<p>Testemunhas relatam que o fogo tomou grandes propor\u00e7\u00f5es em poucos minutos, com labaredas que podiam ser vistas a metros de dist\u00e2ncia. \u201cDe repente, tudo estava pegando fogo, foi assustador\u201d, disse um membro da equipe de produ\u00e7\u00e3o que presenciou o incidente.<\/p>\n\n\n\n<p>Bombeiros foram acionados imediatamente.No entanto, os preju\u00edzos materiais podem ser enormes, j\u00e1 que a cidade cenogr\u00e1fica era um dos principais cen\u00e1rios da novela.<\/p>\n\n\n\n<figure class=\"wp-block-embed is-type-video is-provider-youtube wp-block-embed-youtube wp-embed-aspect-16-9 wp-has-aspect-ratio\"><div class=\"wp-block-embed__wrapper\">\n<iframe loading=\"lazy\" title=\"Inc\u00eandio nos Est\u00fadios Globo, no Rio\" width=\"563\" height=\"1000\" src=\"https:\/\/www.youtube.com\/embed\/SdxJSE2-7v4?feature=oembed\" frameborder=\"0\" allow=\"accelerometer; autoplay; clipboard-write; encrypted-media; gyroscope; picture-in-picture; web-share\" referrerpolicy=\"strict-origin-when-cross-origin\" allowfullscreen><\/iframe>\n<\/div><\/figure>\n\n\n\n<p><\/p>","protected":false},"excerpt":{"rendered":"<p>Um inc\u00eandio de grandes propor\u00e7\u00f5es atingiu a cidade cenogr\u00e1fica da novela das 7, da TV Globo, deixando a produ\u00e7\u00e3o em estado de alerta. As chamas come\u00e7aram de forma inesperada e se espalharam rapidamente, for\u00e7ando a evacua\u00e7\u00e3o imediata do local. O incidente, que ocorreu nos Est\u00fadios Globo, causou um verdadeiro p\u00e2nico entre os funcion\u00e1rios e elenco [&hellip;]<\/p>\n","protected":false},"author":2,"featured_media":203769,"comment_status":"closed","ping_status":"closed","sticky":false,"template":"","format":"standard","meta":{"footnotes":""},"categories":[181],"tags":[180],"class_list":["post-226457","post","type-post","status-publish","format-standard","has-post-thumbnail","hentry","category-televisao","tag-globo"],"_links":{"self":[{"href":"https:\/\/portalpopmais.com.br\/en\/wp-json\/wp\/v2\/posts\/226457","targetHints":{"allow":["GET"]}}],"collection":[{"href":"https:\/\/portalpopmais.com.br\/en\/wp-json\/wp\/v2\/posts"}],"about":[{"href":"https:\/\/portalpopmais.com.br\/en\/wp-json\/wp\/v2\/types\/post"}],"author":[{"embeddable":true,"href":"https:\/\/portalpopmais.com.br\/en\/wp-json\/wp\/v2\/users\/2"}],"replies":[{"embeddable":true,"href":"https:\/\/portalpopmais.com.br\/en\/wp-json\/wp\/v2\/comments?post=226457"}],"version-history":[{"count":0,"href":"https:\/\/portalpopmais.com.br\/en\/wp-json\/wp\/v2\/posts\/226457\/revisions"}],"wp:featuredmedia":[{"embeddable":true,"href":"https:\/\/portalpopmais.com.br\/en\/wp-json\/wp\/v2\/media\/203769"}],"wp:attachment":[{"href":"https:\/\/portalpopmais.com.br\/en\/wp-json\/wp\/v2\/media?parent=226457"}],"wp:term":[{"taxonomy":"category","embeddable":true,"href":"https:\/\/portalpopmais.com.br\/en\/wp-json\/wp\/v2\/categories?post=226457"},{"taxonomy":"post_tag","embeddable":true,"href":"https:\/\/portalpopmais.com.br\/en\/wp-json\/wp\/v2\/tags?post=226457"}],"curies":[{"name":"wp","href":"https:\/\/api.w.org\/{rel}","templated":true}]}}