{"id":227107,"date":"2025-02-26T09:12:39","date_gmt":"2025-02-26T12:12:39","guid":{"rendered":"https:\/\/portalpopmais.com.br\/?p=227107"},"modified":"2025-02-26T09:12:42","modified_gmt":"2025-02-26T12:12:42","slug":"oruam-preso-flagrante-rio-de-janeiro","status":"publish","type":"post","link":"https:\/\/portalpopmais.com.br\/en\/oruam-preso-flagrante-rio-de-janeiro\/","title":{"rendered":"Oruam volta a ser preso, desta vez em flagrante, no Rio de Janeiro"},"content":{"rendered":"<p class=\"wp-block-paragraph\"><strong><a href=\"https:\/\/portalpopmais.com.br\/en\/trends\/oruam\/\" data-type=\"post_tag\" data-id=\"11331\">Oruam<\/a><\/strong> foi novamente detido na manh\u00e3 desta quarta-feira (26\/2), no Jo\u00e1, uma \u00e1rea na zona oeste do Rio. O cantor foi abordado pela Pol\u00edcia Civil do Rio de Janeiro, e durante a opera\u00e7\u00e3o, os policiais encontraram um traficante do Complexo da Penha, que estava escapando da Justi\u00e7a devido a um crime relacionado a organiza\u00e7\u00f5es criminosas, na resid\u00eancia do rapper.<\/p>\n\n\n<ul class=\"wp-block-latest-posts__list is-grid aligncenter wp-block-latest-posts is-layout-flow wp-block-latest-posts-is-layout-flow\"><li><div class=\"wp-block-latest-posts__featured-image aligncenter\"><a href=\"https:\/\/portalpopmais.com.br\/en\/nina-dobrev-e-retirada-do-tapete-vermelho-no-festival-de-veneza-eu-teria-evaporado-de-vergonha\/\" aria-label=\"Nina Dobrev \u00e9 retirada do tapete vermelho no Festival de Veneza: \u201cEu teria evaporado de vergonha\u201d\"><img loading=\"lazy\" decoding=\"async\" width=\"768\" height=\"456\" src=\"https:\/\/portalpopmais.com.br\/wp-content\/uploads\/2026\/09\/Screenshot_20260903-194159-768x456.png\" class=\"attachment-medium size-medium wp-post-image\" alt=\"Screenshot 20260903 194159\" style=\"\" srcset=\"https:\/\/portalpopmais.com.br\/wp-content\/uploads\/2026\/09\/Screenshot_20260903-194159-768x456.png 768w, https:\/\/portalpopmais.com.br\/wp-content\/uploads\/2026\/09\/Screenshot_20260903-194159-18x12.png 18w\" sizes=\"auto, (max-width: 768px) 100vw, 768px\" title=\"\"><\/a><\/div><a class=\"wp-block-latest-posts__post-title\" href=\"https:\/\/portalpopmais.com.br\/en\/nina-dobrev-e-retirada-do-tapete-vermelho-no-festival-de-veneza-eu-teria-evaporado-de-vergonha\/\">Nina Dobrev \u00e9 retirada do tapete vermelho no Festival de Veneza: \u201cEu teria evaporado de vergonha\u201d<\/a><\/li>\n<li><div class=\"wp-block-latest-posts__featured-image aligncenter\"><a href=\"https:\/\/portalpopmais.com.br\/en\/justica-condena-miguel-falabella-por-plagio-em-peca-de-teatro\/\" aria-label=\"Justi\u00e7a condena Miguel Falabella por pl\u00e1gio em pe\u00e7a de teatro\"><img loading=\"lazy\" decoding=\"async\" width=\"768\" height=\"456\" src=\"https:\/\/portalpopmais.com.br\/wp-content\/uploads\/2020\/06\/falabella-768x456.jpg\" class=\"attachment-medium size-medium wp-post-image\" alt=\"Miguel Falabella \u00e9 demitido da Globo ap\u00f3s quase 40 anos\" style=\"\" srcset=\"https:\/\/portalpopmais.com.br\/wp-content\/uploads\/2020\/06\/falabella-768x456.jpg 768w, https:\/\/portalpopmais.com.br\/wp-content\/uploads\/2020\/06\/falabella-1170x694.jpg 1170w\" sizes=\"auto, (max-width: 768px) 100vw, 768px\" title=\"\"><\/a><\/div><a class=\"wp-block-latest-posts__post-title\" href=\"https:\/\/portalpopmais.com.br\/en\/justica-condena-miguel-falabella-por-plagio-em-peca-de-teatro\/\">Justi\u00e7a condena Miguel Falabella por pl\u00e1gio em pe\u00e7a de teatro<\/a><\/li>\n<li><div class=\"wp-block-latest-posts__featured-image aligncenter\"><a href=\"https:\/\/portalpopmais.com.br\/en\/juliano-floss-e-flagrado-em-momento-intimo-com-affair\/\" aria-label=\"Juliano Floss \u00e9 flagrado em momento \u00edntimo com affair\"><img loading=\"lazy\" decoding=\"async\" width=\"768\" height=\"456\" src=\"https:\/\/portalpopmais.com.br\/wp-content\/uploads\/2026\/02\/juliano-floss-768x456.jpg\" class=\"attachment-medium size-medium wp-post-image\" alt=\"juliano floss\" style=\"\" srcset=\"https:\/\/portalpopmais.com.br\/wp-content\/uploads\/2026\/02\/juliano-floss-768x456.jpg 768w, https:\/\/portalpopmais.com.br\/wp-content\/uploads\/2026\/02\/juliano-floss-1170x694.jpg 1170w, https:\/\/portalpopmais.com.br\/wp-content\/uploads\/2026\/02\/juliano-floss-18x10.jpg 18w\" sizes=\"auto, (max-width: 768px) 100vw, 768px\" title=\"\"><\/a><\/div><a class=\"wp-block-latest-posts__post-title\" href=\"https:\/\/portalpopmais.com.br\/en\/juliano-floss-e-flagrado-em-momento-intimo-com-affair\/\">Juliano Floss \u00e9 flagrado em momento \u00edntimo com affair<\/a><\/li>\n<\/ul>\n\n\n<p class=\"wp-block-paragraph\">Segundo informa\u00e7\u00f5es da <strong><a href=\"http:\/\/g1.com.br\" target=\"_blank\" rel=\"noopener\">TV Globo<\/a><\/strong>, o jovem era alvo de um mandado de busca e apreens\u00e3o vinculado a uma investiga\u00e7\u00e3o sobre um tiroteio em um condom\u00ednio em Igarat\u00e1, que come\u00e7ou em S\u00e3o Paulo.<\/p>\n\n\n\n<figure class=\"wp-block-embed is-type-rich is-provider-twitter wp-block-embed-twitter\"><div class=\"wp-block-embed__wrapper\">\n<blockquote class=\"twitter-tweet\" data-width=\"550\" data-dnt=\"true\"><p lang=\"pt\" dir=\"ltr\">\ud83d\ude94 Vai reencontrar o papai! Oruam \u00e9 preso novamente em flagrante. Desta vez pol\u00edcia encontra foragido da Justi\u00e7a na casa dele.<br><br>O traficante Yuri Pereira Gon\u00e7alves, que era procurado por organiza\u00e7\u00e3o criminosa, foi achado na casa de Oruam.<a href=\"https:\/\/t.co\/w6sSCHJKG6\">pic.twitter.com\/w6sSCHJKG6<\/a><\/p>&mdash; BCharts (@bchartsnet) <a href=\"https:\/\/twitter.com\/bchartsnet\/status\/1894707132060069933?ref_src=twsrc%5Etfw\" target=\"_blank\" rel=\"noopener\">February 26, 2025<\/a><\/blockquote><script async src=\"https:\/\/platform.twitter.com\/widgets.js\" charset=\"utf-8\"><\/script>\n<\/div><\/figure>\n\n\n\n<p class=\"wp-block-paragraph\">Al\u00e9m do indiv\u00edduo procurado pela Justi\u00e7a, os policiais tamb\u00e9m confiscarem uma pistola de nove mil\u00edmetros, pelo menos dez armas de airsoft, j\u00f3ias e celulares. Todo esse material foi enviado, juntamente com Oruam e o fugitivo, cuja identidade n\u00e3o foi divulgada, para a Cidade da Pol\u00edcia.<\/p>\n\n\n\n<p class=\"wp-block-paragraph\">A progenitora do rapper, M\u00e1rcia Nepomuceno, tamb\u00e9m foi alvo da opera\u00e7\u00e3o, e na sua resid\u00eancia, localizada em Pechincha, Jacarepagu\u00e1, foram encontrados celulares.<\/p>\n\n\n\n<p class=\"wp-block-paragraph\">\u00c9 importante ressaltar que, na \u00faltima sexta-feira (21\/2), Oruam j\u00e1 havia sido preso ap\u00f3s desobedecer uma blitz que estava em andamento na Barra da Tijuca. Ele foi autuado por dire\u00e7\u00e3o perigosa.<\/p>","protected":false},"excerpt":{"rendered":"<p>Oruam foi novamente detido na manh\u00e3 desta quarta-feira (26\/2), no Jo\u00e1, uma \u00e1rea na zona oeste do Rio. O cantor foi abordado pela Pol\u00edcia Civil do Rio de Janeiro, e durante a opera\u00e7\u00e3o, os policiais encontraram um traficante do Complexo da Penha, que estava escapando da Justi\u00e7a devido a um crime relacionado a organiza\u00e7\u00f5es criminosas, [&hellip;]<\/p>\n","protected":false},"author":2,"featured_media":206552,"comment_status":"closed","ping_status":"closed","sticky":false,"template":"","format":"standard","meta":{"footnotes":""},"categories":[173],"tags":[11331],"class_list":["post-227107","post","type-post","status-publish","format-standard","has-post-thumbnail","hentry","category-celebridades","tag-oruam"],"_links":{"self":[{"href":"https:\/\/portalpopmais.com.br\/en\/wp-json\/wp\/v2\/posts\/227107","targetHints":{"allow":["GET"]}}],"collection":[{"href":"https:\/\/portalpopmais.com.br\/en\/wp-json\/wp\/v2\/posts"}],"about":[{"href":"https:\/\/portalpopmais.com.br\/en\/wp-json\/wp\/v2\/types\/post"}],"author":[{"embeddable":true,"href":"https:\/\/portalpopmais.com.br\/en\/wp-json\/wp\/v2\/users\/2"}],"replies":[{"embeddable":true,"href":"https:\/\/portalpopmais.com.br\/en\/wp-json\/wp\/v2\/comments?post=227107"}],"version-history":[{"count":0,"href":"https:\/\/portalpopmais.com.br\/en\/wp-json\/wp\/v2\/posts\/227107\/revisions"}],"wp:featuredmedia":[{"embeddable":true,"href":"https:\/\/portalpopmais.com.br\/en\/wp-json\/wp\/v2\/media\/206552"}],"wp:attachment":[{"href":"https:\/\/portalpopmais.com.br\/en\/wp-json\/wp\/v2\/media?parent=227107"}],"wp:term":[{"taxonomy":"category","embeddable":true,"href":"https:\/\/portalpopmais.com.br\/en\/wp-json\/wp\/v2\/categories?post=227107"},{"taxonomy":"post_tag","embeddable":true,"href":"https:\/\/portalpopmais.com.br\/en\/wp-json\/wp\/v2\/tags?post=227107"}],"curies":[{"name":"wp","href":"https:\/\/api.w.org\/{rel}","templated":true}]}}