{"id":227604,"date":"2025-03-10T04:54:24","date_gmt":"2025-03-10T07:54:24","guid":{"rendered":"https:\/\/portalpopmais.com.br\/?p=227604"},"modified":"2025-03-10T04:54:27","modified_gmt":"2025-03-10T07:54:27","slug":"copa-do-mundo-2026-tera-show-do-intervalo-pela-primeira-vez-na-historia","status":"publish","type":"post","link":"https:\/\/portalpopmais.com.br\/en\/copa-do-mundo-2026-tera-show-do-intervalo-pela-primeira-vez-na-historia\/","title":{"rendered":"Copa do Mundo 2026 ter\u00e1 show do intervalo pela primeira vez na hist\u00f3ria"},"content":{"rendered":"<p>A Fifa anunciou que a edi\u00e7\u00e3o de 2026 da <strong><a href=\"https:\/\/portalpopmais.com.br\/en\/trends\/copa-do-mundo\/\" data-type=\"post_tag\" data-id=\"10976\">Copa do Mundo<\/a><\/strong> &#8211; sediada na Am\u00e9rica do Norte &#8211; ter\u00e1 pela primeira vez um show do intervalo no dia da final. Para auxiliar na escolha, a banda Coldplay foi convidada pela FIFA para esta miss\u00e3o. <\/p>\n\n\n<ul class=\"wp-block-latest-posts__list is-grid columns-3 aligncenter wp-block-latest-posts\"><li><div class=\"wp-block-latest-posts__featured-image aligncenter\"><a href=\"https:\/\/portalpopmais.com.br\/en\/luana-piovani-rebate-criticas-apos-polemica-com-virginia-fonseca-voces-criaram-esse-monstro-video\/\" aria-label=\"Ap\u00f3s embate com Virginia, Luana Piovani dispara: &#8220;Voc\u00eas criaram esse monstro&#8221;\"><img loading=\"lazy\" decoding=\"async\" width=\"768\" height=\"435\" src=\"https:\/\/portalpopmais.com.br\/wp-content\/uploads\/2025\/07\/luana-piovani-virginia-fonseca-look-neymar-768x435.webp\" class=\"attachment-medium size-medium wp-post-image\" alt=\"\" style=\"\" title=\"\"><\/a><\/div><a class=\"wp-block-latest-posts__post-title\" href=\"https:\/\/portalpopmais.com.br\/en\/luana-piovani-rebate-criticas-apos-polemica-com-virginia-fonseca-voces-criaram-esse-monstro-video\/\">Ap\u00f3s embate com Virginia, Luana Piovani dispara: &#8220;Voc\u00eas criaram esse monstro&#8221;<\/a><\/li>\n<li><div class=\"wp-block-latest-posts__featured-image aligncenter\"><a href=\"https:\/\/portalpopmais.com.br\/en\/ludmilla-lanca-viro-vira-virou-veja-letra\/\" aria-label=\"Ludmilla lan\u00e7a &#8220;Viro Vira Virou&#8221;; veja letra\"><img loading=\"lazy\" decoding=\"async\" width=\"768\" height=\"456\" src=\"https:\/\/portalpopmais.com.br\/wp-content\/uploads\/2025\/10\/IMG_7084-768x456.jpeg\" class=\"attachment-medium size-medium wp-post-image\" alt=\"Ludmilla - Foto: @lyzoliv\" style=\"\" srcset=\"https:\/\/portalpopmais.com.br\/wp-content\/uploads\/2025\/10\/IMG_7084-768x456.jpeg 768w, https:\/\/portalpopmais.com.br\/wp-content\/uploads\/2025\/10\/IMG_7084-1170x694.jpeg 1170w, https:\/\/portalpopmais.com.br\/wp-content\/uploads\/2025\/10\/IMG_7084-18x12.jpeg 18w\" sizes=\"auto, (max-width: 768px) 100vw, 768px\" title=\"\"><\/a><\/div><a class=\"wp-block-latest-posts__post-title\" href=\"https:\/\/portalpopmais.com.br\/en\/ludmilla-lanca-viro-vira-virou-veja-letra\/\">Ludmilla lan\u00e7a &#8220;Viro Vira Virou&#8221;; veja letra<\/a><\/li>\n<li><div class=\"wp-block-latest-posts__featured-image aligncenter\"><a href=\"https:\/\/portalpopmais.com.br\/en\/letra-corpao-violao-leo-santana\/\" aria-label=\"Letra &#8220;Corp\u00e3o Viol\u00e3o&#8221; &#8211; Leo Santana\"><img loading=\"lazy\" decoding=\"async\" width=\"768\" height=\"404\" src=\"https:\/\/portalpopmais.com.br\/wp-content\/uploads\/2022\/10\/leo-santana-e1552330151231-768x404.jpg\" class=\"attachment-medium size-medium wp-post-image\" alt=\"\" style=\"\" srcset=\"https:\/\/portalpopmais.com.br\/wp-content\/uploads\/2022\/10\/leo-santana-e1552330151231-768x404.jpg 768w, https:\/\/portalpopmais.com.br\/wp-content\/uploads\/2022\/10\/leo-santana-e1552330151231.jpg 770w\" sizes=\"auto, (max-width: 768px) 100vw, 768px\" title=\"\"><\/a><\/div><a class=\"wp-block-latest-posts__post-title\" href=\"https:\/\/portalpopmais.com.br\/en\/letra-corpao-violao-leo-santana\/\">Letra &#8220;Corp\u00e3o Viol\u00e3o&#8221; &#8211; Leo Santana<\/a><\/li>\n<\/ul>\n\n\n<p>Chris Martin e o empres\u00e1rio da banda, Phil Harvey foram convocados para elaborar uma lista de artistas que poder\u00e3o participar da apresenta\u00e7\u00e3o durante a partida de futebol. O an\u00fancio foi feito pelo presidente da FIFA, Gianni Infantino em suas redes sociais. <br><br>Veja a tradu\u00e7\u00e3o:<\/p>\n\n\n\n<p><em>Foi um prazer falar com amigos e colegas presentes na Conven\u00e7\u00e3o de Parceiros Comerciais e de M\u00eddia da Copa do Mundo da FIFA 26, em Dallas, EUA, onde discutimos alguns planos muito empolgantes para a Copa do Mundo da FIFA de 2026, a maior de todas.<br><br>Posso confirmar o primeiro show do intervalo na final da Copa do Mundo da FIFA em Nova Jersey, Nova York, em parceria com o Global Citizen. Este ser\u00e1 um momento hist\u00f3rico para a Copa do Mundo da FIFA e um show digno do maior evento esportivo do mundo.<br><br>Tamb\u00e9m conversamos sobre como a FIFA tomar\u00e1 conta da Times Square no fim de semana final da Copa do Mundo da FIFA em 2026, durante a partida pela terceira coloca\u00e7\u00e3o e na final.<br><br>Esses ser\u00e3o dois jogos incr\u00edveis, com alguns dos melhores jogadores do mundo, e que melhor maneira de celebr\u00e1-los do que na hist\u00f3rica Times Square, em Nova York.<br><br>Meus agradecimentos, claro, ao CEO do Global Citizen, Hugh Evans, e sua equipe incr\u00edvel, por nos ajudarem a montar esses shows fant\u00e1sticos. Tamb\u00e9m quero agradecer a Chris Martin e Phil Harvey, do Coldplay, que estar\u00e3o trabalhando conosco na FIFA para finalizar a lista de artistas que se apresentar\u00e3o durante o show do intervalo, assim como na Times Square&#8221;<\/em><\/p>\n\n\n\n<figure class=\"wp-block-embed is-type-rich is-provider-instagram wp-block-embed-instagram\"><div class=\"wp-block-embed__wrapper\">\nhttps:\/\/www.instagram.com\/p\/DGz7YYlo9ie\/?utm_source=ig_embed&#038;ig_rid=cca0cb58-0cbf-4697-9fe5-735ec68f1bdf\n<\/div><\/figure>\n\n\n\n<p><br>A grande final acontecer\u00e1 no dia 19 de julho de 2026, no MetLife Stadium em Nova Jersey.  A decis\u00e3o de realizar um show no intervalo foi anunciada pela FIFA em setembro do ano passado. Os detalhes sobre a apresenta\u00e7\u00e3o musical durante o evento esportivo ainda s\u00e3o escassos.<\/p>","protected":false},"excerpt":{"rendered":"<p>A Fifa anunciou que a edi\u00e7\u00e3o de 2026 da Copa do Mundo &#8211; sediada na Am\u00e9rica do Norte &#8211; ter\u00e1 pela primeira vez um show do intervalo no dia da final. Para auxiliar na escolha, a banda Coldplay foi convidada pela FIFA para esta miss\u00e3o. Chris Martin e o empres\u00e1rio da banda, Phil Harvey foram [&hellip;]<\/p>\n","protected":false},"author":2,"featured_media":227607,"comment_status":"closed","ping_status":"closed","sticky":false,"template":"","format":"standard","meta":{"footnotes":""},"categories":[154],"tags":[17437,17438],"class_list":["post-227604","post","type-post","status-publish","format-standard","has-post-thumbnail","hentry","category-musica","tag-copa-do-mundo-2026","tag-show-do-intervalo"],"_links":{"self":[{"href":"https:\/\/portalpopmais.com.br\/en\/wp-json\/wp\/v2\/posts\/227604","targetHints":{"allow":["GET"]}}],"collection":[{"href":"https:\/\/portalpopmais.com.br\/en\/wp-json\/wp\/v2\/posts"}],"about":[{"href":"https:\/\/portalpopmais.com.br\/en\/wp-json\/wp\/v2\/types\/post"}],"author":[{"embeddable":true,"href":"https:\/\/portalpopmais.com.br\/en\/wp-json\/wp\/v2\/users\/2"}],"replies":[{"embeddable":true,"href":"https:\/\/portalpopmais.com.br\/en\/wp-json\/wp\/v2\/comments?post=227604"}],"version-history":[{"count":0,"href":"https:\/\/portalpopmais.com.br\/en\/wp-json\/wp\/v2\/posts\/227604\/revisions"}],"wp:featuredmedia":[{"embeddable":true,"href":"https:\/\/portalpopmais.com.br\/en\/wp-json\/wp\/v2\/media\/227607"}],"wp:attachment":[{"href":"https:\/\/portalpopmais.com.br\/en\/wp-json\/wp\/v2\/media?parent=227604"}],"wp:term":[{"taxonomy":"category","embeddable":true,"href":"https:\/\/portalpopmais.com.br\/en\/wp-json\/wp\/v2\/categories?post=227604"},{"taxonomy":"post_tag","embeddable":true,"href":"https:\/\/portalpopmais.com.br\/en\/wp-json\/wp\/v2\/tags?post=227604"}],"curies":[{"name":"wp","href":"https:\/\/api.w.org\/{rel}","templated":true}]}}