{"id":227624,"date":"2025-03-06T11:00:00","date_gmt":"2025-03-06T14:00:00","guid":{"rendered":"https:\/\/portalpopmais.com.br\/?p=227624"},"modified":"2025-03-06T07:08:02","modified_gmt":"2025-03-06T10:08:02","slug":"ana-castela-sera-empossada-como-nova-embaixadora-da-festa-do-peao","status":"publish","type":"post","link":"https:\/\/portalpopmais.com.br\/en\/ana-castela-sera-empossada-como-nova-embaixadora-da-festa-do-peao\/","title":{"rendered":"Ana Castela ser\u00e1 empossada como nova embaixadora da Festa do Pe\u00e3o"},"content":{"rendered":"<p>A cantora <strong><a href=\"https:\/\/portalpopmais.com.br\/en\/trends\/ana-castela\/\" data-type=\"post_tag\" data-id=\"11747\">Ana Castela<\/a><\/strong> ser\u00e1 oficialmente empossada como embaixadora da 70\u00aa edi\u00e7\u00e3o da Festa do Pe\u00e3o de Barretos em evento no Villa Country, em S\u00e3o Paulo, no pr\u00f3ximo dia 20 de mar\u00e7o.<\/p>\n\n\n\n<p>O show principal da noite ser\u00e1 de Luan Pereira, que al\u00e9m de Ana Castela, contar\u00e1 com convidados especiais. Entre os nomes confirmados est\u00e3o Maria Cec\u00edlia e Rodolfo, Fiduma e Jeca e Loubet.<\/p>\n\n\n\n<p>Os ingressos para a festa j\u00e1&nbsp;est\u00e3o dispon\u00edveis para venda a partir de R$ 50 no primeiro lote \u2013 compre&nbsp;<a href=\"https:\/\/www.villacountry.com.br\/\" target=\"_blank\" rel=\"noreferrer noopener\">aqui<\/a>.<\/p>","protected":false},"excerpt":{"rendered":"<p>A cantora Ana Castela ser\u00e1 oficialmente empossada como embaixadora da 70\u00aa edi\u00e7\u00e3o da Festa do Pe\u00e3o de Barretos em evento no Villa Country, em S\u00e3o Paulo, no pr\u00f3ximo dia 20 de mar\u00e7o. O show principal da noite ser\u00e1 de Luan Pereira, que al\u00e9m de Ana Castela, contar\u00e1 com convidados especiais. Entre os nomes confirmados est\u00e3o [&hellip;]<\/p>\n","protected":false},"author":2,"featured_media":189016,"comment_status":"closed","ping_status":"closed","sticky":false,"template":"","format":"standard","meta":{"footnotes":""},"categories":[154],"tags":[11747,17444],"class_list":["post-227624","post","type-post","status-publish","format-standard","has-post-thumbnail","hentry","category-musica","tag-ana-castela","tag-festa-do-peao-de-barretos"],"_links":{"self":[{"href":"https:\/\/portalpopmais.com.br\/en\/wp-json\/wp\/v2\/posts\/227624","targetHints":{"allow":["GET"]}}],"collection":[{"href":"https:\/\/portalpopmais.com.br\/en\/wp-json\/wp\/v2\/posts"}],"about":[{"href":"https:\/\/portalpopmais.com.br\/en\/wp-json\/wp\/v2\/types\/post"}],"author":[{"embeddable":true,"href":"https:\/\/portalpopmais.com.br\/en\/wp-json\/wp\/v2\/users\/2"}],"replies":[{"embeddable":true,"href":"https:\/\/portalpopmais.com.br\/en\/wp-json\/wp\/v2\/comments?post=227624"}],"version-history":[{"count":0,"href":"https:\/\/portalpopmais.com.br\/en\/wp-json\/wp\/v2\/posts\/227624\/revisions"}],"wp:featuredmedia":[{"embeddable":true,"href":"https:\/\/portalpopmais.com.br\/en\/wp-json\/wp\/v2\/media\/189016"}],"wp:attachment":[{"href":"https:\/\/portalpopmais.com.br\/en\/wp-json\/wp\/v2\/media?parent=227624"}],"wp:term":[{"taxonomy":"category","embeddable":true,"href":"https:\/\/portalpopmais.com.br\/en\/wp-json\/wp\/v2\/categories?post=227624"},{"taxonomy":"post_tag","embeddable":true,"href":"https:\/\/portalpopmais.com.br\/en\/wp-json\/wp\/v2\/tags?post=227624"}],"curies":[{"name":"wp","href":"https:\/\/api.w.org\/{rel}","templated":true}]}}