{"id":228620,"date":"2025-03-19T09:30:24","date_gmt":"2025-03-19T12:30:24","guid":{"rendered":"https:\/\/portalpopmais.com.br\/?p=228620"},"modified":"2025-03-19T09:31:54","modified_gmt":"2025-03-19T12:31:54","slug":"audio-linn-da-quebrada-na-cracolandia","status":"publish","type":"post","link":"https:\/\/portalpopmais.com.br\/en\/audio-linn-da-quebrada-na-cracolandia\/","title":{"rendered":"Em \u00e1udio, assessoria de Linn da Quebrada confirma cantora na Cracol\u00e2ndia; ou\u00e7a"},"content":{"rendered":"<p>A jornalista <a href=\"http:\/\/instagram.com\/portalpopmais\" target=\"_blank\" rel=\"noopener\">F\u00e1bia Oliveira<\/a> divulgou em suas redes sociais um \u00e1udio que mostra a assessoria da cantora <strong>Linn da Quebrada<\/strong> confirmando que a cantora estava na Cracol\u00e2ndia, em S\u00e3o Paulo.<\/p>\n\n\n\n<p>Na segunda-feira (17), a equipe da artista emitiu uma nota desmentindo a mat\u00e9ria publicada pela jornalista. No comunicado, a agente classificou como &#8220;fake news&#8221;, e disse que Linn estava <a href=\"https:\/\/portalpopmais.com.br\/en\/trends\/linn-da-quebrada\/\" data-type=\"post_tag\" data-id=\"440\">internada para tratar da sa\u00fade mental<\/a>.<\/p>\n\n\n\n<figure class=\"wp-block-embed is-type-rich is-provider-twitter wp-block-embed-twitter\"><div class=\"wp-block-embed__wrapper\">\n<blockquote class=\"twitter-tweet\" data-width=\"550\" data-dnt=\"true\"><p lang=\"pt\" dir=\"ltr\">Jornalista Fabia Oliveira EXP\u00d5E \u00e1udio da assessoria de Linn da Quebrada afirmando que a artista havia sido vista na Cracol\u00e2ndia.<br><br>Em nota oficial, a equipe negou que era ela nas fotos e v\u00eddeos divulgados! <br> <a href=\"https:\/\/t.co\/mvmioC9YeN\">pic.twitter.com\/mvmioC9YeN<\/a><\/p>&mdash; POPTime (@siteptbr) <a href=\"https:\/\/twitter.com\/siteptbr\/status\/1902314116116591009?ref_src=twsrc%5Etfw\" target=\"_blank\" rel=\"noopener\">March 19, 2025<\/a><\/blockquote><script async src=\"https:\/\/platform.twitter.com\/widgets.js\" charset=\"utf-8\"><\/script>\n<\/div><\/figure>\n\n\n\n<p>Confira abaixo a nota divulgada pela assessoria de <strong>Linn da Quebrada<\/strong>, onde nega a presen\u00e7a da cantora na regi\u00e3o conhecida pela ocupa\u00e7\u00e3o de dependentes qu\u00edmicos, no centro de S\u00e3o Paulo:<\/p>\n\n\n\n<p><em>\u201cNota de esclarecimento. A assessoria gostaria de esclarecer que a informa\u00e7\u00e3o de que Linn da Quebrada foi, ou teria sido, vista na Cracol\u00e2ndia n\u00e3o \u00e9 ver\u00eddica e possui um car\u00e1ter tendencioso. Pedimos a todos que verifiquem as informa\u00e7\u00f5es antes de compartilh\u00e1-las, a fim de evitar a dissemina\u00e7\u00e3o de boatos infundados e a promo\u00e7\u00e3o de estigmas negativos associados a quest\u00f5es de sa\u00fade e bem-estar. Contamos com a compreens\u00e3o e respeito de todos\u201d<\/em>. <\/p>","protected":false},"excerpt":{"rendered":"<p>A jornalista F\u00e1bia Oliveira divulgou em suas redes sociais um \u00e1udio que mostra a assessoria da cantora Linn da Quebrada confirmando que a cantora estava na Cracol\u00e2ndia, em S\u00e3o Paulo. Na segunda-feira (17), a equipe da artista emitiu uma nota desmentindo a mat\u00e9ria publicada pela jornalista. No comunicado, a agente classificou como &#8220;fake news&#8221;, e [&hellip;]<\/p>\n","protected":false},"author":1,"featured_media":128151,"comment_status":"closed","ping_status":"closed","sticky":false,"template":"","format":"standard","meta":{"footnotes":""},"categories":[173],"tags":[440],"class_list":["post-228620","post","type-post","status-publish","format-standard","has-post-thumbnail","hentry","category-celebridades","tag-linn-da-quebrada"],"_links":{"self":[{"href":"https:\/\/portalpopmais.com.br\/en\/wp-json\/wp\/v2\/posts\/228620","targetHints":{"allow":["GET"]}}],"collection":[{"href":"https:\/\/portalpopmais.com.br\/en\/wp-json\/wp\/v2\/posts"}],"about":[{"href":"https:\/\/portalpopmais.com.br\/en\/wp-json\/wp\/v2\/types\/post"}],"author":[{"embeddable":true,"href":"https:\/\/portalpopmais.com.br\/en\/wp-json\/wp\/v2\/users\/1"}],"replies":[{"embeddable":true,"href":"https:\/\/portalpopmais.com.br\/en\/wp-json\/wp\/v2\/comments?post=228620"}],"version-history":[{"count":0,"href":"https:\/\/portalpopmais.com.br\/en\/wp-json\/wp\/v2\/posts\/228620\/revisions"}],"wp:featuredmedia":[{"embeddable":true,"href":"https:\/\/portalpopmais.com.br\/en\/wp-json\/wp\/v2\/media\/128151"}],"wp:attachment":[{"href":"https:\/\/portalpopmais.com.br\/en\/wp-json\/wp\/v2\/media?parent=228620"}],"wp:term":[{"taxonomy":"category","embeddable":true,"href":"https:\/\/portalpopmais.com.br\/en\/wp-json\/wp\/v2\/categories?post=228620"},{"taxonomy":"post_tag","embeddable":true,"href":"https:\/\/portalpopmais.com.br\/en\/wp-json\/wp\/v2\/tags?post=228620"}],"curies":[{"name":"wp","href":"https:\/\/api.w.org\/{rel}","templated":true}]}}