{"id":229294,"date":"2025-04-01T09:00:00","date_gmt":"2025-04-01T12:00:00","guid":{"rendered":"https:\/\/portalpopmais.com.br\/?p=229294"},"modified":"2025-04-01T08:01:36","modified_gmt":"2025-04-01T11:01:36","slug":"segunda-parte-do-bau-da-taty-2-e-lancada-com-participacao-de-pabllo-vittar","status":"publish","type":"post","link":"https:\/\/portalpopmais.com.br\/en\/segunda-parte-do-bau-da-taty-2-e-lancada-com-participacao-de-pabllo-vittar\/","title":{"rendered":"Segunda parte do &#8220;Ba\u00fa da Taty 2&#8221; \u00e9 lan\u00e7ada com participa\u00e7\u00e3o de Pabllo Vittar"},"content":{"rendered":"<p class=\"wp-block-paragraph\">Na sexta-feira, 28, a cantora Taty Girl lan\u00e7ou a segunda parte do t\u00e3o esperado \u00e1lbum &#8220;Ba\u00fa da Taty 2&#8221;, que conta com 8 m\u00fasicas cheias de sucesso, nostalgia, al\u00e9m de participa\u00e7\u00f5es especiais.<\/p>\n\n\n\n<p class=\"wp-block-paragraph\">O \u00e1lbum traz o aguardado feat de Taty Girl com Pabllo Vittar, que colocou seu vozeir\u00e3o em tr\u00eas m\u00fasicas do projeto. <\/p>\n\n\n\n<p class=\"wp-block-paragraph\">Ou\u00e7a o projeto na \u00edntegra:<\/p>\n\n\n\n<figure class=\"wp-block-embed is-type-rich is-provider-spotify wp-block-embed-spotify wp-embed-aspect-21-9 wp-has-aspect-ratio\"><div class=\"wp-block-embed__wrapper\">\n<iframe title=\"Spotify Embed: Ba\u00fa da Taty 2, Pt. 2 (Ao Vivo)\" style=\"border-radius: 12px\" width=\"100%\" height=\"352\" frameborder=\"0\" allowfullscreen allow=\"autoplay; clipboard-write; encrypted-media; fullscreen; picture-in-picture\" loading=\"lazy\" src=\"https:\/\/open.spotify.com\/embed\/album\/1aSIovEpV6p1gt3LTqECJr?si=ToFeAnKPT4akRDD6SontUQ&#038;utm_source=oembed\"><\/iframe>\n<\/div><\/figure>\n\n\n\n<p class=\"wp-block-paragraph\">Ap\u00f3s cantarem &#8220;Falta Coragem&#8221; no \u00e1lbum &#8220;Batid\u00e3o Tropical&#8221;, as cantoras se unem mais uma vez nos projetos &#8220;S\u00e3o Amores&#8221;, &#8220;N\u00e3o \u00e9 papel de Homem&#8221; e &#8220;Nada Se Compara a Ti&#8221;, a faixa foco do projeto. <\/p>\n\n\n\n<p class=\"wp-block-paragraph\">Al\u00e9m de Pabllo Vittar, Monique Pessoa e Suzy Navarro tamb\u00e9m participaram das grava\u00e7\u00f5es do Ba\u00fa da Taty. <\/p>\n\n\n\n<p class=\"wp-block-paragraph\">\u201cEssa segunda parte surgiu depois de muitos pedidos por parte dos f\u00e3s. Ela demonstra toda a emo\u00e7\u00e3o e carinho que tenho por todos que acreditaram no meu projeto e seguiram fi\u00e9is ao longo dos anos\u201d, declarou Taty \u00e0 BIllboard.<\/p>","protected":false},"excerpt":{"rendered":"<p>Na sexta-feira, 28, a cantora Taty Girl lan\u00e7ou a segunda parte do t\u00e3o esperado \u00e1lbum &#8220;Ba\u00fa da Taty 2&#8221;, que conta com 8 m\u00fasicas cheias de sucesso, nostalgia, al\u00e9m de participa\u00e7\u00f5es especiais. O \u00e1lbum traz o aguardado feat de Taty Girl com Pabllo Vittar, que colocou seu vozeir\u00e3o em tr\u00eas m\u00fasicas do projeto. Ou\u00e7a o [&hellip;]<\/p>\n","protected":false},"author":2,"featured_media":216889,"comment_status":"closed","ping_status":"closed","sticky":false,"template":"","format":"standard","meta":{"footnotes":""},"categories":[154],"tags":[17590,7396],"class_list":["post-229294","post","type-post","status-publish","format-standard","has-post-thumbnail","hentry","category-musica","tag-bau-da-taty-girl","tag-forro"],"_links":{"self":[{"href":"https:\/\/portalpopmais.com.br\/en\/wp-json\/wp\/v2\/posts\/229294","targetHints":{"allow":["GET"]}}],"collection":[{"href":"https:\/\/portalpopmais.com.br\/en\/wp-json\/wp\/v2\/posts"}],"about":[{"href":"https:\/\/portalpopmais.com.br\/en\/wp-json\/wp\/v2\/types\/post"}],"author":[{"embeddable":true,"href":"https:\/\/portalpopmais.com.br\/en\/wp-json\/wp\/v2\/users\/2"}],"replies":[{"embeddable":true,"href":"https:\/\/portalpopmais.com.br\/en\/wp-json\/wp\/v2\/comments?post=229294"}],"version-history":[{"count":0,"href":"https:\/\/portalpopmais.com.br\/en\/wp-json\/wp\/v2\/posts\/229294\/revisions"}],"wp:featuredmedia":[{"embeddable":true,"href":"https:\/\/portalpopmais.com.br\/en\/wp-json\/wp\/v2\/media\/216889"}],"wp:attachment":[{"href":"https:\/\/portalpopmais.com.br\/en\/wp-json\/wp\/v2\/media?parent=229294"}],"wp:term":[{"taxonomy":"category","embeddable":true,"href":"https:\/\/portalpopmais.com.br\/en\/wp-json\/wp\/v2\/categories?post=229294"},{"taxonomy":"post_tag","embeddable":true,"href":"https:\/\/portalpopmais.com.br\/en\/wp-json\/wp\/v2\/tags?post=229294"}],"curies":[{"name":"wp","href":"https:\/\/api.w.org\/{rel}","templated":true}]}}