{"id":229617,"date":"2025-04-03T20:36:24","date_gmt":"2025-04-03T23:36:24","guid":{"rendered":"https:\/\/portalpopmais.com.br\/?p=229617"},"modified":"2025-04-30T16:01:29","modified_gmt":"2025-04-30T19:01:29","slug":"lancamentos-musicais-4-de-abril-de-2025","status":"publish","type":"post","link":"https:\/\/portalpopmais.com.br\/en\/lancamentos-musicais-4-de-abril-de-2025\/","title":{"rendered":"Lan\u00e7amentos da semana: Anitta com Pedro Sampaio, Marina Sena, BIN e mais"},"content":{"rendered":"<p>Mais uma sexta-feira de <strong>lan\u00e7amentos<\/strong> chegou e com ela muitas novidades! Nosso destaque por aqui vai para o novo \u00e1lbum de <a href=\"https:\/\/portalpopmais.com.br\/en\/trends\/marina-sena\/\" data-type=\"post_tag\" data-id=\"10126\">Marina Sena<\/a>, que crava de vez o nome da cantora entre os maiores do pop nacional na atualidade.<\/p>\n\n\n\n<p>Tem ainda a parceria explosiva entre Pedro Sampaio, Anitta e MC GW, al\u00e9m do novo EP do Bruno Rosa, novos single de Julia Mestre e Miley Cyrus, al\u00e9m querido Lucas Pretti e o fen\u00f4meno Simone Mendes. Acompanhe no list\u00e3o abaixo.<\/p>\n\n\n\n<ul class=\"wp-block-list\">\n<li><a href=\"http:\/\/ikarus.mus.br\" target=\"_blank\" rel=\"noopener\"><strong>Veja todas as letras e tradu\u00e7\u00f5es dos lan\u00e7amentos da semana<\/strong><\/a><\/li>\n<\/ul>\n\n\n\n<h2 class=\"wp-block-heading\">Lan\u00e7amentos da semana<\/h2>\n\n\n\n<h2 class=\"wp-block-heading\">Marina Sena<\/h2>\n\n\n\n<p>Se \u00e9 m\u00fasica com sentimento, batidas envolventes e uma obra-prima em forma de \u00e1lbum, j\u00e1 sabemos que Marina Sena est\u00e1 envolvida. Na segunda-feira (31), uma das vozes mais potentes da m\u00fasica brasileira atualmente lan\u00e7ou seu terceiro \u00e1lbum de est\u00fadio, \u201cCoisas Naturais\u201d. Seu novo trabalho refor\u00e7a a identidade \u00fanica de Marina Sena, que explora ritmos que constroem o som \u00fanico de seu novo trabalho.<\/p>\n\n\n\n<figure class=\"wp-block-embed is-type-rich is-provider-spotify wp-block-embed-spotify wp-embed-aspect-21-9 wp-has-aspect-ratio\"><div class=\"wp-block-embed__wrapper\">\n<iframe title=\"Spotify Embed: Coisas Naturais\" style=\"border-radius: 12px\" width=\"100%\" height=\"352\" frameborder=\"0\" allowfullscreen allow=\"autoplay; clipboard-write; encrypted-media; fullscreen; picture-in-picture\" loading=\"lazy\" src=\"https:\/\/open.spotify.com\/embed\/album\/2PRDU8Oeb9f0lpgSjbaJXE?utm_source=oembed\"><\/iframe>\n<\/div><\/figure>\n\n\n\n<h3 class=\"wp-block-heading\">Pedro Sampaio, Anitta, MC GW<\/h3>\n\n\n\n<p>O astro est\u00e1 de volta. Pedro Sampaio lan\u00e7ou, nesta quinta-feira (03), \u201cBota um Funk\u201d, batid\u00e3o em parceria com ningu\u00e9m menos que: Anitta, o maior expoente global do funk; e MC GW, um dos principais nomes da cena funkeira no Brasil. A novidade ganhar\u00e1 ainda um videoclipe, a ser liberado em breve.<\/p>\n\n\n\n<figure class=\"wp-block-embed is-type-video is-provider-youtube wp-block-embed-youtube wp-embed-aspect-16-9 wp-has-aspect-ratio\"><div class=\"wp-block-embed__wrapper\">\n<iframe loading=\"lazy\" title=\"PEDRO SAMPAIO, ANITTA, MC GW - BOTA UM FUNK\" width=\"880\" height=\"495\" src=\"https:\/\/www.youtube.com\/embed\/YTB0coKHpCM?feature=oembed\" frameborder=\"0\" allow=\"accelerometer; autoplay; clipboard-write; encrypted-media; gyroscope; picture-in-picture; web-share\" referrerpolicy=\"strict-origin-when-cross-origin\" allowfullscreen><\/iframe>\n<\/div><\/figure>\n\n\n\n<h3 class=\"wp-block-heading\">Simone Mendes<\/h3>\n\n\n\n<p>Simone Mendes segue colecionando hits e momentos inesquec\u00edveis! A cantora lan\u00e7a nesta quinta-feira (3) sua nova m\u00fasica, &#8220;Saudade Proibida&#8221;. A faixa faz parte do DVD &#8220;Cantando Sua Hist\u00f3ria 2&#8221;, gravado em uma noite inesquec\u00edvel na Arena Amaz\u00f4nica, em Manaus, diante de mais de 30 mil pessoas. O projeto conta com 10 faixas in\u00e9ditas, que ser\u00e3o lan\u00e7adas gradualmente.<\/p>\n\n\n\n<figure class=\"wp-block-embed is-type-video is-provider-youtube wp-block-embed-youtube wp-embed-aspect-4-3 wp-has-aspect-ratio\"><div class=\"wp-block-embed__wrapper\">\n<iframe loading=\"lazy\" title=\"Saudade Proibida (Ao Vivo)\" width=\"880\" height=\"660\" src=\"https:\/\/www.youtube.com\/embed\/UjsBIGw_ZqE?feature=oembed\" frameborder=\"0\" allow=\"accelerometer; autoplay; clipboard-write; encrypted-media; gyroscope; picture-in-picture; web-share\" referrerpolicy=\"strict-origin-when-cross-origin\" allowfullscreen><\/iframe>\n<\/div><\/figure>\n\n\n\n<h3 class=\"wp-block-heading\">Miley Cyrus<\/h3>\n\n\n\n<p>Dois anos ap\u00f3s o \u00e1lbum Endless Summer Vacation (2x Platina BR), Miley Cyrus (52.9M ouvintes mensais) inicia uma nova era com as faixas promocionais \u201cPrelude\u201d e \u201cSomething Beautiful\u201d em 31\/3, seguido do single oficial \u201cEnd of the World\u201d em 3\/4. A artista j\u00e1 vinha dando pistas do lan\u00e7amento com cartazes espalhados pelo mundo, aumentando a expectativa dos f\u00e3s. Uma das maiores estrelas de sua gera\u00e7\u00e3o, Miley cresceu sob os holofotes e construiu uma carreira repleta de sucessos como Party In The USA, We Can\u2019t Stop, Wrecking Ball e Flowers, um dos maiores hits da d\u00e9cada.<\/p>\n\n\n\n<figure class=\"wp-block-embed is-type-video is-provider-youtube wp-block-embed-youtube wp-embed-aspect-16-9 wp-has-aspect-ratio\"><div class=\"wp-block-embed__wrapper\">\n<iframe loading=\"lazy\" title=\"Miley Cyrus - End of the World (Official Video)\" width=\"880\" height=\"495\" src=\"https:\/\/www.youtube.com\/embed\/CXBFU97X61I?feature=oembed\" frameborder=\"0\" allow=\"accelerometer; autoplay; clipboard-write; encrypted-media; gyroscope; picture-in-picture; web-share\" referrerpolicy=\"strict-origin-when-cross-origin\" allowfullscreen><\/iframe>\n<\/div><\/figure>\n\n\n\n<h3 class=\"wp-block-heading\">BIN<\/h3>\n\n\n\n<p>O quarto \u00e1lbum de est\u00fadio do rapper BIN, &#8220;Para Todas as Mulheres que J\u00e1 Rimei &#8211; Pt. 2&#8221;, d\u00e1 continuidade ao seu projeto de estreia, trazendo uma evolu\u00e7\u00e3o musical e emocional cinco anos ap\u00f3s o primeiro lan\u00e7amento. O disco explora temas como amor e os ciclos da vida, refletindo a maturidade do artista.<\/p>\n\n\n\n<figure class=\"wp-block-embed is-type-video is-provider-youtube wp-block-embed-youtube wp-embed-aspect-16-9 wp-has-aspect-ratio\"><div class=\"wp-block-embed__wrapper\">\n<iframe loading=\"lazy\" title=\"Para todas as mulheres que j\u00e1 rimei Pt. 2\" width=\"880\" height=\"495\" src=\"https:\/\/www.youtube.com\/embed\/videoseries?list=PLBVAGk9wiAKUxvMyPQZlFmPP8qIAJ5Bkf\" frameborder=\"0\" allow=\"accelerometer; autoplay; clipboard-write; encrypted-media; gyroscope; picture-in-picture; web-share\" referrerpolicy=\"strict-origin-when-cross-origin\" allowfullscreen><\/iframe>\n<\/div><\/figure>\n\n\n\n<h3 class=\"wp-block-heading\">KayBlack<\/h3>\n\n\n\n<p>O rapper Kayblack \u2014 um dos principais nomes do rap nacional atual \u2014 lan\u00e7a o single in\u00e9dito \u201c Discreto \u201d, j\u00e1 dispon\u00edvel, e comemora dois anos do EP \u201c Contradi\u00e7\u00f5es \u201d, projeto que foi um grande marco em sua carreira. Com a chegada do novo single e uma trajet\u00f3ria marcada pelo sucesso e autenticidade, o rapper reafirma sua identidade na cena musical brasileira. O lan\u00e7amento chegou acompanhado de um videoclipe oficial, disponibilizado simultaneamente no canal do artista no YouTube.<\/p>\n\n\n\n<figure class=\"wp-block-embed is-type-rich is-provider-spotify wp-block-embed-spotify wp-embed-aspect-21-9 wp-has-aspect-ratio\"><div class=\"wp-block-embed__wrapper\">\n<iframe title=\"Spotify Embed: Discreto\" style=\"border-radius: 12px\" width=\"100%\" height=\"352\" frameborder=\"0\" allowfullscreen allow=\"autoplay; clipboard-write; encrypted-media; fullscreen; picture-in-picture\" loading=\"lazy\" src=\"https:\/\/open.spotify.com\/embed\/album\/1ACVXYNOm1AwwCPxzgZfe1?utm_source=oembed\"><\/iframe>\n<\/div><\/figure>\n\n\n\n<h3 class=\"wp-block-heading\">MC IG<\/h3>\n\n\n\n<p>MC IG e MC Neg\u00e3o Original encerram trilogia com \u201c JOGA JOGA \u201d &#8211; \u00daltimo single da s\u00e9rie, produzido por DJ Pereira , Murilo e LT no Beat , j\u00e1 est\u00e1 dispon\u00edvel nas plataformas. Trilogia j\u00e1 acumula mais de 3,5 milh\u00f5es de plays e domina charts nacionais.<\/p>\n\n\n\n<figure class=\"wp-block-embed is-type-rich is-provider-spotify wp-block-embed-spotify wp-embed-aspect-21-9 wp-has-aspect-ratio\"><div class=\"wp-block-embed__wrapper\">\n<iframe title=\"Spotify Embed: Joga, Joga\" style=\"border-radius: 12px\" width=\"100%\" height=\"152\" frameborder=\"0\" allowfullscreen allow=\"autoplay; clipboard-write; encrypted-media; fullscreen; picture-in-picture\" loading=\"lazy\" src=\"https:\/\/open.spotify.com\/embed\/track\/3oR92uxdNLvV4A05uEfoh1?utm_source=oembed\"><\/iframe>\n<\/div><\/figure>\n\n\n\n<h3 class=\"wp-block-heading\">MU540 e Kyan<\/h3>\n\n\n\n<p>N\u00e3o \u00e9 novidade que quando MU540 e Kyan se unem \u00e9 para lan\u00e7ar tend\u00eancias no rap e no funk. Mais uma vez, ap\u00f3s a viraliza\u00e7\u00e3o do EP Um Quebrada Inteligente, a dupla da baixada santista inicia uma nova era com a estreia da faixa \u201cU$D, \u00c9 U$D\u201d, com DJ MZL Ori sendo o abre-alas de Dois Quebrada Inteligente que ter\u00e1 como proposta uma experimenta\u00e7\u00e3o sonora entre os dois artistas. A novidade j\u00e1 est\u00e1 dispon\u00edvel no YouTube, gravado e roteirizado por Lucas Zetre, diretor criativo e fundador da gravadora Ehxis.<\/p>\n\n\n\n<figure class=\"wp-block-embed is-type-video is-provider-youtube wp-block-embed-youtube wp-embed-aspect-4-3 wp-has-aspect-ratio\"><div class=\"wp-block-embed__wrapper\">\n<iframe loading=\"lazy\" title=\"KYAN &amp; MU540 - USD, e\u0301 USD! feat. DJ MZL Ori\" width=\"880\" height=\"660\" src=\"https:\/\/www.youtube.com\/embed\/vqcIzU_OLW4?feature=oembed\" frameborder=\"0\" allow=\"accelerometer; autoplay; clipboard-write; encrypted-media; gyroscope; picture-in-picture; web-share\" referrerpolicy=\"strict-origin-when-cross-origin\" allowfullscreen><\/iframe>\n<\/div><\/figure>\n\n\n\n<h3 class=\"wp-block-heading\">THIAGO FREITAS<\/h3>\n\n\n\n<p>Um dos grandes nomes da nova gera\u00e7\u00e3o do forr\u00f3 e do piseiro, Thiago Freitas lan\u00e7a seu mais novo single, &#8220;Confus\u00e3o Mental&#8221;. A faixa chega via Warner Music Brasil e vem acompanhada de um videoclipe in\u00e9dito, dispon\u00edvel no canal oficial do artista no YouTube.<\/p>\n\n\n\n<figure class=\"wp-block-embed is-type-rich is-provider-spotify wp-block-embed-spotify wp-embed-aspect-21-9 wp-has-aspect-ratio\"><div class=\"wp-block-embed__wrapper\">\n<iframe title=\"Spotify Embed: Confus\u00e3o Mental\" style=\"border-radius: 12px\" width=\"100%\" height=\"152\" frameborder=\"0\" allowfullscreen allow=\"autoplay; clipboard-write; encrypted-media; fullscreen; picture-in-picture\" loading=\"lazy\" src=\"https:\/\/open.spotify.com\/embed\/track\/1My6kZNxsfUvdT2IEpwYQI?utm_source=oembed\"><\/iframe>\n<\/div><\/figure>\n\n\n\n<h3 class=\"wp-block-heading\">MARVVILA<\/h3>\n\n\n\n<p>O cen\u00e1rio do pagode est\u00e1 prestes a ser agitado com o lan\u00e7amento de &#8221; S\u00f3 VVamo Sunset&#8221; , o novo e aguardado projeto audiovisual da cantora Marvvila . Reconhecida por sua voz inconfund\u00edvel, a artista libera a primeira parte do trabalho nesta quinta-feira (03), \u00e0s 21h, com o clipe da faixa-foco, \u201cPode Ficar com a Raz\u00e3o\u201d , em parceria com o grupo Menos \u00e9 Mais , \u00e0s 12h da sexta-feira (04), em seu canal no YouTube. &#8221; S\u00f3 VVamo Sunset &#8211; Parte 1&#8243; conta ainda com as participa\u00e7\u00f5es de Gamadinho, Suel e MC Marks.<\/p>\n\n\n\n<figure class=\"wp-block-embed is-type-rich is-provider-spotify wp-block-embed-spotify wp-embed-aspect-21-9 wp-has-aspect-ratio\"><div class=\"wp-block-embed__wrapper\">\n<iframe title=\"Spotify Embed: S\u00f3 VVamo Sunset, Part. 1 (Ao Vivo)\" style=\"border-radius: 12px\" width=\"100%\" height=\"352\" frameborder=\"0\" allowfullscreen allow=\"autoplay; clipboard-write; encrypted-media; fullscreen; picture-in-picture\" loading=\"lazy\" src=\"https:\/\/open.spotify.com\/embed\/album\/73L5lCkfDpEaDgN84rJQLp?utm_source=oembed\"><\/iframe>\n<\/div><\/figure>\n\n\n\n<h3 class=\"wp-block-heading\">Ed Sheeran<\/h3>\n\n\n\n<p>O cantor brit\u00e2nico Ed Sheeran lan\u00e7a, nesta sexta-feira (04), a can\u00e7\u00e3o &#8221; Azizam &#8220;. A faixa \u00e9 a primeira pr\u00e9via do oitavo \u00e1lbum de est\u00fadio do artista. Ed j\u00e1 vinha anunciando o lan\u00e7amento, com publica\u00e7\u00f5es, em suas redes sociais, de pequenos teasers do single.<\/p>\n\n\n\n<figure class=\"wp-block-embed is-type-video is-provider-youtube wp-block-embed-youtube wp-embed-aspect-16-9 wp-has-aspect-ratio\"><div class=\"wp-block-embed__wrapper\">\n<iframe loading=\"lazy\" title=\"Ed Sheeran - Azizam (Pink Heart Video)\" width=\"880\" height=\"495\" src=\"https:\/\/www.youtube.com\/embed\/q_48vyHWls4?feature=oembed\" frameborder=\"0\" allow=\"accelerometer; autoplay; clipboard-write; encrypted-media; gyroscope; picture-in-picture; web-share\" referrerpolicy=\"strict-origin-when-cross-origin\" allowfullscreen><\/iframe>\n<\/div><\/figure>\n\n\n\n<h3 class=\"wp-block-heading\">G-Eazy<\/h3>\n\n\n\n<p>Ap\u00f3s o sucesso do an\u00fancio de sua nova turn\u00ea Helium, G-Eazy est\u00e1 de volta com um lan\u00e7amento que promete surpreender seus f\u00e3s. Seu novo single, Fight &amp; Fuck, chega \u00e0s plataformas no dia 3 de abril, aquecendo a expectativa para esta nova fase de sua carreira. Com 25 milh\u00f5es de ouvintes mensais no Spotify e mais de 10 milh\u00f5es de seguidores no Instagram, o rapper segue consolidando seu espa\u00e7o na cena, trazendo seu estilo \u00fanico e provocativo para mais um hit.<\/p>\n\n\n\n<h3 class=\"wp-block-heading\">Sleep Token<\/h3>\n\n\n\n<p>Conhecidos pelo constante uso de m\u00e1scaras, que garantem sua anonimidade, o grupo Sleep Token lan\u00e7a a faixa &#8220;Caramel&#8221;. Os brit\u00e2nicos, que contam com mais de 5 milh\u00f5es de ouvintes mensais, s\u00e3o conhecidos por mesclar o metal com ritimos como o indie, o pop e o trap. Em 9 anos de carreira, a banda j\u00e1 acumula hits como as faixas &#8220;The Summoning&#8221; e &#8220;Granite&#8221;, ambas com mais de 120 milh\u00f5es de reprodu\u00e7\u00f5es no Spotify.<\/p>\n\n\n\n<h3 class=\"wp-block-heading\">Rudimental x Khalid<\/h3>\n\n\n\n<p>Rudimental lan\u00e7a &#8220;All I Know&#8221;, faixa do novo \u00e1lbum previsto para junho. A m\u00fasica combina elementos cl\u00e1ssicos e modernos do grupo, trazendo instrumentos ao vivo como piano, \u00f3rg\u00e3o e cordas. Escrita com Dan Caplen (These Days \u2013 1B streams), a faixa come\u00e7ou a ser divulgada em 14 de mar\u00e7o. O grupo est\u00e1 em turn\u00ea pela Austr\u00e1lia e Nova Zel\u00e2ndia e se apresentar\u00e1 em festivais como Coachella, Boomtown, Reading &amp; Leeds. Khalid, que participa da faixa, acumula oito m\u00fasicas bilion\u00e1rias no Spotify.<\/p>\n\n\n\n<h3 class=\"wp-block-heading\">G&amp;B<\/h3>\n\n\n\n<p>Dando sequ\u00eancia \u00e0 divulga\u00e7\u00e3o do projeto &#8220;+Amor+M\u00fasica&#8221;, a dupla Guilherme &amp; Benuto lan\u00e7a nesta quinta-feira (03) o single &#8220;Filho da M\u00e3e&#8221;. A faixa estar\u00e1 dispon\u00edvel em todas as plataformas de streaming \u00e0s 21h. O videoclipe chega no mesmo hor\u00e1rio ao YouTube oficial da dupla. Com refr\u00e3o chiclete, o single fala sobre aquele ex que a pessoa nunca consegue esquecer.<\/p>\n\n\n\n<h3 class=\"wp-block-heading\">Yasmin Santos<\/h3>\n\n\n\n<p>Um dos maiores nomes da nova gera\u00e7\u00e3o do sertanejo, Yasmin Santos, mostra mais uma vez todo o seu talento e versatilidade. A cantora participou do programa \u201c#Quintou\u201d, do Filtr Music, plataforma da Sony Music, em que artistas se apresentam no escrit\u00f3rio da gravadora, com shows exclusivos, gerando conte\u00fados em v\u00eddeos que s\u00e3o disponibilizados no canal do Filtr Music Brasil no YouTube. Hoje, a cantora disponibiliza a faixa \u201cCuidado que eu te Supero\u201d, presente no seu projeto de 2022, \u201cAo vivo em Goi\u00e2nia\u201d. Yasmin entregou toda sua pot\u00eancia vocal e gravou m\u00fasicas que fazem parte da sua hist\u00f3ria, como \u201cPrincipalmente Pessoas\u201d, primeira m\u00fasica disponibilizada do projeto, \u201cCuidado Que Eu Te Supero\u201d, j\u00e1 dispon\u00edvel, \u201cSempre Tem Um Ex\u201d, \u201cAbstin\u00eancia\u201d, al\u00e9m de mostrar sua habilidade em outros estilos ao apresentar \u201cMalandragem\u201d, de C\u00e1ssia Eller, e \u201cSens\u00edvel Demais\u201d de Jorge Vercilo. Completa o repert\u00f3rio a vers\u00e3o de \u201cMe Ajuda a Te Esquecer\u201d, do cantor Eduardo Costa. Confira o cronograma dos lan\u00e7amentos abaixo.<\/p>\n\n\n\n<h3 class=\"wp-block-heading\">\u00c1vine Vinny<\/h3>\n\n\n\n<p>Dando continuidade ao seu projeto inovador &#8220;Quebra-Cabe\u00e7a&#8221;, o cantor \u00c1vine Vinny apresenta o primeiro bundle do trabalho, gravado ao vivo em Recife. S\u00e3o cinco faixas, incluindo a in\u00e9dita \u201cTerapia\u201d e \u201cEi Amor\u201d, al\u00e9m dos singles j\u00e1 lan\u00e7ados: \u201cTavez\u201d, \u201cVida de Bebo\u201d e \u201cGuardanapo\u201d. Com um conceito original, cada uma das cinco faixas do projeto possui um cen\u00e1rio e roupagem diferente, trazendo diversidade ao forronejo e reafirmando a criatividade do artista.<\/p>\n\n\n\n<h3 class=\"wp-block-heading\">Ana Carolina<\/h3>\n\n\n\n<p>No dia 3 de abril, \u00e0s 21h, Ana Carolina lan\u00e7a o EP \u201cAna Canta C\u00e1ssia Ao Vivo &#8211; Volume 2\u201d em todas as plataformas digitais. O trabalho, lan\u00e7ado pela Sony Music, traz em seu repert\u00f3rio os registros ao vivo de \u201cTodas as Mulheres do Mundo\u201d; \u201cE.C.T.\u201d; \u201cMaluca\u201d, \u201cPartido Alto\u201d e o medley de \u201cMilagreiro \/ N\u00f3s\u201d. As faixas ainda ganhar\u00e3o clipes, que fazem parte do registro audiovisual do show gravado em S\u00e3o Paulo, no Tokio Marine Hall, e dirigido por Jorge Farjalla, que ser\u00e3o disponibilizados no canal oficial de Ana Carolina no YouTube tamb\u00e9m a partir do dia 3 de abril, \u00e0s 21h. Ana Canta C\u00e1ssia, a celebrada turn\u00ea de Ana Carolina em homenagem \u00e0 C\u00e1ssia Eller, foi vista por mais de 400.000 pessoas e agora est\u00e1 sendo eternizada. Seu show em S\u00e3o Paulo no Tokio Marine Hall foi inteiramente gravado, e o projeto est\u00e1 sendo lan\u00e7ado em etapas. Em setembro de 2024, o \u201cAna Canta C\u00e1ssia Ao Vivo &#8211; Volume 1\u201d trouxe em seu repert\u00f3rio o registro musical ao vivo de Relic\u00e1rio, al\u00e9m das faixas All Star, Segundo Sol, Gatas Extraordin\u00e1rias e Malandragem, que contaram tamb\u00e9m com v\u00eddeos gravados no show de S\u00e3o Paulo. A turn\u00ea Ana Canta C\u00e1ssia e seu registro audiovisual foram dirigidos por Jorge Farjalla, com realiza\u00e7\u00e3o da Opus Entretenimento.<\/p>\n\n\n\n<h3 class=\"wp-block-heading\">Mar\u00e9s<\/h3>\n\n\n\n<p>O selo Caqu\u00ed lan\u00e7a \u201cMar\u00e9s\u201d, uma colet\u00e2nea musical que apresenta o novo som do Par\u00e1, misturando carimb\u00f3, tecnobrega, indie e pop amaz\u00f4nico. Produzido por Pratagy e Reiner e patrocinado pela Natura Musical, o \u00e1lbum traz 10 faixas in\u00e9ditas de artistas que representam as cenas feminina, LGBTQIAPN+ e perif\u00e9rica, promovendo diversidade e representatividade.<\/p>\n\n\n\n<figure class=\"wp-block-embed is-type-video is-provider-youtube wp-block-embed-youtube wp-embed-aspect-4-3 wp-has-aspect-ratio\"><div class=\"wp-block-embed__wrapper\">\n<iframe loading=\"lazy\" title=\"MAR\u00c9S - Uma colet\u00e2nea do Selo Caqu\u00ed (2025)\" width=\"880\" height=\"660\" src=\"https:\/\/www.youtube.com\/embed\/h95nW9VNvwQ?feature=oembed\" frameborder=\"0\" allow=\"accelerometer; autoplay; clipboard-write; encrypted-media; gyroscope; picture-in-picture; web-share\" referrerpolicy=\"strict-origin-when-cross-origin\" allowfullscreen><\/iframe>\n<\/div><\/figure>\n\n\n\n<h3 class=\"wp-block-heading\">Julia Mestre<\/h3>\n\n\n\n<p>Dando continuidade \u00e0 imers\u00e3o no universo sonoro de seu pr\u00f3ximo \u00e1lbum, Julia Mestre apresenta &#8220;Vampira&#8221;, o seu mais novo single. A faixa, uma releitura da salsa original de Rey Reyes, carrega um ar de mist\u00e9rio e desejo, transformando a narrativa da can\u00e7\u00e3o em um thriller sensual. Com produ\u00e7\u00e3o musical que bebe da sonoridade dos anos 80, referenciando nomes como Sade, Maxwell e at\u00e9 &#8220;Thriller&#8221; de Michael Jackson, &#8220;Vampira&#8221; refor\u00e7a a identidade visual e sonora do novo trabalho de Julia, criando uma experi\u00eancia envolvente para o ouvinte.<\/p>\n\n\n\n<figure class=\"wp-block-embed is-type-rich is-provider-spotify wp-block-embed-spotify wp-embed-aspect-21-9 wp-has-aspect-ratio\"><div class=\"wp-block-embed__wrapper\">\n<iframe title=\"Spotify Embed: VAMPIRA\" style=\"border-radius: 12px\" width=\"100%\" height=\"352\" frameborder=\"0\" allowfullscreen allow=\"autoplay; clipboard-write; encrypted-media; fullscreen; picture-in-picture\" loading=\"lazy\" src=\"https:\/\/open.spotify.com\/embed\/album\/7LzzhXvISZU0211SpC70JZ?si=1&#038;nd=1&#038;dlsi=c8cdf5c23f4d42d8&#038;utm_source=oembed\"><\/iframe>\n<\/div><\/figure>\n\n\n\n<h3 class=\"wp-block-heading\">Bruno Rosa<\/h3>\n\n\n\n<p>Ap\u00f3s o sucesso do primeiro lan\u00e7amento do projeto \u201cEvolu\u00e7\u00e3o\u201d na faixa \u201cFiu Fiu\u201d, parceria com Israel &amp; Rodolffo que soma mais de 13 milh\u00f5es de streams em apenas um m\u00eas, Bruno Rosa anuncia o primeiro EP completo. Al\u00e9m da can\u00e7\u00e3o, que est\u00e1 viralizada, o cantor disponibiliza o compilado com mais quatro m\u00fasicas in\u00e9ditas, incluindo a faixa foco \u201cNem Eu\u201d.<\/p>\n\n\n\n<figure class=\"wp-block-embed is-type-rich is-provider-spotify wp-block-embed-spotify wp-embed-aspect-21-9 wp-has-aspect-ratio\"><div class=\"wp-block-embed__wrapper\">\n<iframe title=\"Spotify Embed: Evolu\u00e7\u00e3o EP 1 (Ao Vivo)\" style=\"border-radius: 12px\" width=\"100%\" height=\"352\" frameborder=\"0\" allowfullscreen allow=\"autoplay; clipboard-write; encrypted-media; fullscreen; picture-in-picture\" loading=\"lazy\" src=\"https:\/\/open.spotify.com\/embed\/album\/4c77Naknk4JCUPH7RCiv9P?utm_source=oembed\"><\/iframe>\n<\/div><\/figure>\n\n\n\n<h3 class=\"wp-block-heading\">Nebrugg<\/h3>\n\n\n\n<p>Um dos nomes mais promissores do drill nacional, Nebrugg anuncia o lan\u00e7amento de seu segundo \u00e1lbum de est\u00fadio, &#8220;Sem Risco, Sem Ganhos&#8221;, para o dia 02 de abril. O projeto marca um momento de transi\u00e7\u00e3o e inova\u00e7\u00e3o na carreira do artista, que aposta em est\u00e9ticas diferenciadas, acompanhadas de uma evolu\u00e7\u00e3o sonora, mas claro, sem perder sua ess\u00eancia. Com 11 faixas, sendo nove in\u00e9ditas, o \u00e1lbum chega para refor\u00e7ar a identidade jovem e aut\u00eantica de Nebrugg na cena. Destaque para &#8220;Meus Erros&#8221;, considerada o carro-chefe deste trabalho transformador, que vem acompanhada de um videoclipe. As j\u00e1 lan\u00e7adas \u201cFrutos\u201d e \u201cDeboche\u201d, acumulam mais de 1 milh\u00e3o de plays nas plataformas de \u00e1udio e v\u00eddeo, confirmando o alto engajamento de seus f\u00e3s na espera pelo projeto. &#8220;Sem Risco, Sem Ganhos&#8221; estar\u00e1 dispon\u00edvel nas plataformas de streaming e no YouTube, com distribui\u00e7\u00e3o pela SoundON.<\/p>\n\n\n\n<figure class=\"wp-block-embed is-type-rich is-provider-spotify wp-block-embed-spotify wp-embed-aspect-21-9 wp-has-aspect-ratio\"><div class=\"wp-block-embed__wrapper\">\n<iframe title=\"Spotify Embed: Sem Riscos Sem Ganhos\" style=\"border-radius: 12px\" width=\"100%\" height=\"352\" frameborder=\"0\" allowfullscreen allow=\"autoplay; clipboard-write; encrypted-media; fullscreen; picture-in-picture\" loading=\"lazy\" src=\"https:\/\/open.spotify.com\/embed\/album\/4KGLnSRzR27KFPOKsBFr2J?utm_source=oembed\"><\/iframe>\n<\/div><\/figure>\n\n\n\n<h3 class=\"wp-block-heading\">RoB Love<\/h3>\n\n\n\n<p>A cantora e compositora pernambucana RoB Love acaba de lan\u00e7ar &#8220;JAH WILL SHOW THE WAY&#8221;, segundo single de uma s\u00e9rie que culminar\u00e1 em um \u00e1lbum previsto para o segundo semestre do ano. Com refer\u00eancias sonoras inspiradas no som cl\u00e1ssico da Island Records dos anos 1970 e 1980 e nas ic\u00f4nicas produ\u00e7\u00f5es de Lee Perry no Black Ark Studio, &#8220;JAH WILL SHOW THE WAY&#8221; traz vibra\u00e7\u00f5es positivas para a alma. A faixa foi gravada no est\u00fadio de Kassin Kamal, no Rio de Janeiro, e mixada por Mario Caldato Jr. em Los Angeles, onde ganhou novos elementos e texturas com o Tres Cubano e percuss\u00e3o de Gabriel Geraissati e o teclado, mel\u00f3dica e vocoder de Roberto Pollo.<\/p>\n\n\n\n<figure class=\"wp-block-embed is-type-rich is-provider-spotify wp-block-embed-spotify wp-embed-aspect-21-9 wp-has-aspect-ratio\"><div class=\"wp-block-embed__wrapper\">\n<iframe title=\"Spotify Embed: Jah Will Show the Way\" style=\"border-radius: 12px\" width=\"100%\" height=\"352\" frameborder=\"0\" allowfullscreen allow=\"autoplay; clipboard-write; encrypted-media; fullscreen; picture-in-picture\" loading=\"lazy\" src=\"https:\/\/open.spotify.com\/embed\/album\/2tevgilrk6mQjT1qJ8csrJ?si=1&#038;nd=1&#038;dlsi=ae44ad64f27e4f82&#038;utm_source=oembed\"><\/iframe>\n<\/div><\/figure>\n\n\n\n<h3 class=\"wp-block-heading\">Marcela Lucatelli<\/h3>\n\n\n\n<p>Marcela Lucatelli lan\u00e7a Coisa M\u00e1: disco de pop ritual\u00edstico com colabora\u00e7\u00f5es de Kiko Dinucci e Romulo Fr\u00f3es. \u00c1lbum marca nova fase da artista, que assina a produ\u00e7\u00e3o e estreia trilogia audiovisual com o clipe de &#8220;Janeiro Junto \u00e9 Bom&#8221;<\/p>\n\n\n\n<figure class=\"wp-block-embed is-type-video is-provider-youtube wp-block-embed-youtube wp-embed-aspect-16-9 wp-has-aspect-ratio\"><div class=\"wp-block-embed__wrapper\">\n<iframe loading=\"lazy\" title=\"Marcela Lucatelli: JANEIRO JUNTO \u00c9 BOM (Clipe Oficial)\" width=\"880\" height=\"495\" src=\"https:\/\/www.youtube.com\/embed\/hNnfyoMWJY0?feature=oembed\" frameborder=\"0\" allow=\"accelerometer; autoplay; clipboard-write; encrypted-media; gyroscope; picture-in-picture; web-share\" referrerpolicy=\"strict-origin-when-cross-origin\" allowfullscreen><\/iframe>\n<\/div><\/figure>\n\n\n\n<h3 class=\"wp-block-heading\">Ana Cacimba<\/h3>\n\n\n\n<p>A cantora e compositora Ana Cacimba lan\u00e7a o single Efeito, uma m\u00fasica envolvente que exalta o amor na sua forma mais pura e curativa. Produzida por Dmax, a faixa mistura o frescor do pop brasileiro com batidas de funk, criando uma quent\u00edssima sonoridade. Diferente das narrativas de paix\u00f5es avassaladoras, Efeito fala sobre um amor tranquilo, que n\u00e3o prende nem machuca, mas acolhe e transforma.<\/p>\n\n\n\n<figure class=\"wp-block-embed is-type-rich is-provider-spotify wp-block-embed-spotify wp-embed-aspect-21-9 wp-has-aspect-ratio\"><div class=\"wp-block-embed__wrapper\">\n<iframe title=\"Spotify Embed: EFEITO\" style=\"border-radius: 12px\" width=\"100%\" height=\"352\" frameborder=\"0\" allowfullscreen allow=\"autoplay; clipboard-write; encrypted-media; fullscreen; picture-in-picture\" loading=\"lazy\" src=\"https:\/\/open.spotify.com\/embed\/album\/7LjhBq7oWHpeYWrcYbCriM?utm_source=oembed\"><\/iframe>\n<\/div><\/figure>\n\n\n\n<h3 class=\"wp-block-heading\">Enme<\/h3>\n\n\n\n<p>E hoje (03), a cantora maranhense Enme lan\u00e7a &#8220;Movedi\u00e7a&#8221;, seu novo EP. Esse trabalho marca uma nova era em sua carreira e tem como foco as interconex\u00f5es da m\u00fasica preta, enquanto mescla elementos de trap, afrobeat, amapiano e reggae.<\/p>\n\n\n\n<figure class=\"wp-block-embed is-type-rich is-provider-spotify wp-block-embed-spotify wp-embed-aspect-21-9 wp-has-aspect-ratio\"><div class=\"wp-block-embed__wrapper\">\n<iframe title=\"Spotify Embed: Enme\" style=\"border-radius: 12px\" width=\"100%\" height=\"352\" frameborder=\"0\" allowfullscreen allow=\"autoplay; clipboard-write; encrypted-media; fullscreen; picture-in-picture\" loading=\"lazy\" src=\"https:\/\/open.spotify.com\/embed\/artist\/3ttiKwSvGG74O588DvPIG8?si=1&#038;nd=1&#038;dlsi=3fb2274acaac4b7f&#038;utm_source=oembed\"><\/iframe>\n<\/div><\/figure>\n\n\n\n<h3 class=\"wp-block-heading\">BAD LUV<\/h3>\n\n\n\n<p>No dia 01, tivemos o lan\u00e7amento do single &#8220;REAPRENDER&#8221; da banda BAD LUV, formada por alguns nomes que j\u00e1 marcaram a cena de rock brasileira, como Gee Rocha (NX Zero), V\u00edtor Peracetta (Matu\u00ea), Jo\u00e3o Bonaf\u00e9 (Gloria) e Caio Weber (Cefa). A faixa marca a nova forma\u00e7\u00e3o do grupo e antecede o lan\u00e7amento do primeiro \u00e1lbum deles, previsto pro segundo semestre de 2025.<\/p>\n\n\n\n<figure class=\"wp-block-embed is-type-rich is-provider-spotify wp-block-embed-spotify wp-embed-aspect-21-9 wp-has-aspect-ratio\"><div class=\"wp-block-embed__wrapper\">\n<iframe title=\"Spotify Embed: REAPRENDER\" style=\"border-radius: 12px\" width=\"100%\" height=\"352\" frameborder=\"0\" allowfullscreen allow=\"autoplay; clipboard-write; encrypted-media; fullscreen; picture-in-picture\" loading=\"lazy\" src=\"https:\/\/open.spotify.com\/embed\/album\/7ptxxczobYbm9oApNhXUZP?si=1&#038;nd=1&#038;dlsi=beda191f465d419d&#038;utm_source=oembed\"><\/iframe>\n<\/div><\/figure>\n\n\n\n<h3 class=\"wp-block-heading\">Breno Ferreira<\/h3>\n\n\n\n<p>O cantor Breno Ferreira lan\u00e7ou o single &#8220;\u00c0 Moda Antiga&#8221;, com a participa\u00e7\u00e3o de dois grandes nomes da m\u00fasica brasileira: Alexandre Pires, \u00edcone do pagode, e Leo Foguete, destaque do forr\u00f3. A faixa foi gravada no in\u00edcio deste ano em Balne\u00e1rio Cambori\u00fa e faz parte do audiovisual Deu Onda. Em seus versos, a m\u00fasica fala sobre a insatisfa\u00e7\u00e3o com os amores passageiros e a busca por um relacionamento mais s\u00e9rio e comprometido. Com um toque de romantismo \u00e0 moda antiga, a can\u00e7\u00e3o se destaca pela sua sinceridade e pela for\u00e7a da sua mensagem: &#8220;Eu ainda acredito no amor, \u00f4-\u00f4\u00f4\u00f4, com declara\u00e7\u00e3o, bombom, buqu\u00ea de flor, \u00f4-\u00f4\u00f4\u00f4\u2026 Eu quero um romance \u00e0 moda antiga.&#8221;<\/p>\n\n\n\n<figure class=\"wp-block-embed is-type-rich is-provider-spotify wp-block-embed-spotify wp-embed-aspect-21-9 wp-has-aspect-ratio\"><div class=\"wp-block-embed__wrapper\">\n<iframe title=\"Spotify Embed: \u00c0 Moda Antiga (Ao Vivo)\" style=\"border-radius: 12px\" width=\"100%\" height=\"352\" frameborder=\"0\" allowfullscreen allow=\"autoplay; clipboard-write; encrypted-media; fullscreen; picture-in-picture\" loading=\"lazy\" src=\"https:\/\/open.spotify.com\/embed\/album\/4ZYcAflFQDkAJA52qwwlQr?referral=labelaffiliate&#038;utm_source=oembed&#038;utm_medium=Indie_Believe&#038;utm_campaign=labelaffiliate\"><\/iframe>\n<\/div><\/figure>\n\n\n\n<h3 class=\"wp-block-heading\">Ana Canhoto<\/h3>\n\n\n\n<p>Com toda a do\u00e7ura e o romantismo que um casamento pede, a voz da cantora e compositora Ana Canhoto, finalista do The Voice Brasil (2020), j\u00e1 embalou mais de 400 casamentos, em diversas partes do Brasil e at\u00e9 fora dele. Focada neste projeto e j\u00e1 refer\u00eancia no nicho, a artista retoma, agora, seus lan\u00e7amentos autorais. Lan\u00e7ada nesta sexta-feira (4), com visualizer \u00e0s 21h, &#8220;Melhor Assim&#8221; marca o retorno de Ana Canhoto ao repert\u00f3rio autoral em portugu\u00eas, ap\u00f3s lan\u00e7amentos em ingl\u00eas como &#8220;Still Need You&#8221; (2022) e &#8220;It&#8217;s Okay&#8221; (2024), al\u00e9m de algumas vers\u00f5es que alcan\u00e7aram mais de 15 milh\u00f5es de views no Instagram.<\/p>\n\n\n\n<figure class=\"wp-block-embed is-type-rich is-provider-spotify wp-block-embed-spotify wp-embed-aspect-21-9 wp-has-aspect-ratio\"><div class=\"wp-block-embed__wrapper\">\n<iframe title=\"Spotify Embed: Melhor Assim\" style=\"border-radius: 12px\" width=\"100%\" height=\"352\" frameborder=\"0\" allowfullscreen allow=\"autoplay; clipboard-write; encrypted-media; fullscreen; picture-in-picture\" loading=\"lazy\" src=\"https:\/\/open.spotify.com\/embed\/album\/5B4x1mLl1bopRUAj8OrP3I?go=1&#038;nd=1&#038;dlsi=e989b1134bae418a&#038;utm_source=oembed\"><\/iframe>\n<\/div><\/figure>\n\n\n\n<h3 class=\"wp-block-heading\">Voc\u00ea Adora<\/h3>\n\n\n\n<p>O projeto de retomada do canal &#8220;Voc\u00ea Adora&#8221;, da gravadora Som Livre, segue trazendo m\u00fasicas de peso, que aben\u00e7oam tocando milhares de cora\u00e7\u00f5es. Agora \u00e9 a vez da bel\u00edssima can\u00e7\u00e3o &#8220;O Le\u00e3o e a Igreja&#8221;, lan\u00e7ada neste 1\u00ba de abril de 2025, nas vozes dos cantores Inai\u00e1 Ramos e Clovis, o compositor da m\u00fasica. Duas gera\u00e7\u00f5es que se uniram para levar ao p\u00fablico essa ora\u00e7\u00e3o cantada.<\/p>\n\n\n\n<figure class=\"wp-block-embed is-type-rich is-provider-spotify wp-block-embed-spotify wp-embed-aspect-21-9 wp-has-aspect-ratio\"><div class=\"wp-block-embed__wrapper\">\n<iframe title=\"Spotify Embed: Voc\u00ea Adora, Vol. 2\" style=\"border-radius: 12px\" width=\"100%\" height=\"352\" frameborder=\"0\" allowfullscreen allow=\"autoplay; clipboard-write; encrypted-media; fullscreen; picture-in-picture\" loading=\"lazy\" src=\"https:\/\/open.spotify.com\/embed\/album\/19ym9gq5l1SEYjxYAANjhL?go=1&#038;nd=1&#038;dlsi=72661982d811464b&#038;utm_source=oembed\"><\/iframe>\n<\/div><\/figure>\n\n\n\n<h3 class=\"wp-block-heading\">Mari Fernandez<\/h3>\n\n\n\n<p>Ter um projeto evidenciando suas refere\u0302ncias na mu\u0301sica sertaneja, sempre foi um sonho para Mari Fernandez e o a\u0301lbum &#8220;Ao Vivo no Rio de Janeiro&#8221;, e\u0301 a materializac\u0327a\u0303o desse desejo. Os dois primeiros ep &#8216;s desse audiovisual ja\u0301 foram lanc\u0327ados e trouxeram nu\u0301meros impressionantes em faixas como &#8220;So\u0301 Sei Ser Fiel&#8221;, &#8220;Choro, Gelo e Gin&#8221; e &#8220;Pulseira&#8221;, que contou com a participac\u0327a\u0303o de Guilherme e Benuto. Nesta quinta (3), mais tre\u0302s faixas chegam em todas as plataformas digitais, a\u0300s 21h, concluindo assim o projeto.<\/p>\n\n\n\n<figure class=\"wp-block-embed is-type-rich is-provider-spotify wp-block-embed-spotify wp-embed-aspect-21-9 wp-has-aspect-ratio\"><div class=\"wp-block-embed__wrapper\">\n<iframe title=\"Spotify Embed: Ao Vivo no Rio de Janeiro\" style=\"border-radius: 12px\" width=\"100%\" height=\"352\" frameborder=\"0\" allowfullscreen allow=\"autoplay; clipboard-write; encrypted-media; fullscreen; picture-in-picture\" loading=\"lazy\" src=\"https:\/\/open.spotify.com\/embed\/album\/0enfKJcXh3BjqmBPuYBomh?utm_source=oembed\"><\/iframe>\n<\/div><\/figure>\n\n\n\n<h3 class=\"wp-block-heading\">Vulgo FK<\/h3>\n\n\n\n<p>O cantor Vulgo FK lan\u00e7ou na quarta-feira (2), o single &#8220;Sem Sentimento&#8221;, em parceria com MC GP. A faixa traz a identidade marcante do artista, com uma levada cl\u00e1ssica e novamente conta com a colabora\u00e7\u00e3o entre Vulgo FK e MC GP, que j\u00e1 provou ser um sucesso em outras ocasi\u00f5es. A expectativa \u00e9 que &#8220;Sem Sentimento&#8221; siga o mesmo caminho, conquistando o p\u00fablico e se destacando nas plataformas digitais.<\/p>\n\n\n\n<figure class=\"wp-block-embed is-type-rich is-provider-spotify wp-block-embed-spotify wp-embed-aspect-21-9 wp-has-aspect-ratio\"><div class=\"wp-block-embed__wrapper\">\n<iframe title=\"Spotify Embed: Sem Sentimento\" style=\"border-radius: 12px\" width=\"100%\" height=\"352\" frameborder=\"0\" allowfullscreen allow=\"autoplay; clipboard-write; encrypted-media; fullscreen; picture-in-picture\" loading=\"lazy\" src=\"https:\/\/open.spotify.com\/embed\/album\/6cKl9wlnEI5KTwdBtW3FwG?go=1&#038;nd=1&#038;dlsi=e1a9c5abb90d4c17&#038;utm_source=oembed\"><\/iframe>\n<\/div><\/figure>\n\n\n\n<h3 class=\"wp-block-heading\">Luan Pereira<\/h3>\n\n\n\n<p>Luan Pereira, um dos maiores fen\u00f4menos do sertanejo atual, chega com mais um lan\u00e7amento para conquistar o p\u00fablico. &#8220;N\u00e3o Era Love&#8221;, sua nova aposta, traz uma fus\u00e3o envolvente de sertanejo com funk, refor\u00e7ando seu talento para unir diferentes estilos musicais. Para essa faixa, LP convocou dois nomes de peso: MC Tuto e Grelo, que adicionam ainda mais autenticidade e irrever\u00eancia ao som. Com uma letra cheia de reviravoltas e um refr\u00e3o chiclete, &#8220;N\u00e3o Era Love&#8221; conta a hist\u00f3ria de um amor inesperado, mas com um final surpreendente. A batida envolvente e a pegada descontra\u00edda fazem da m\u00fasica uma forte candidata a hit viral, perfeita para dominar playlists e redes sociais.<\/p>\n\n\n\n<figure class=\"wp-block-embed is-type-rich is-provider-spotify wp-block-embed-spotify wp-embed-aspect-21-9 wp-has-aspect-ratio\"><div class=\"wp-block-embed__wrapper\">\n<iframe title=\"Spotify Embed: N\u00c3O ERA LOVE\" style=\"border-radius: 12px\" width=\"100%\" height=\"352\" frameborder=\"0\" allowfullscreen allow=\"autoplay; clipboard-write; encrypted-media; fullscreen; picture-in-picture\" loading=\"lazy\" src=\"https:\/\/open.spotify.com\/embed\/album\/0OLFw0H2DJQcEap0j54ie0?go=1&#038;nd=1&#038;dlsi=dc6e9a7f9bb04631&#038;utm_source=oembed\"><\/iframe>\n<\/div><\/figure>\n\n\n\n<h3 class=\"wp-block-heading\">Igow<\/h3>\n\n\n\n<p>Ap\u00f3s emplacar grandes produ\u00e7\u00f5es no funk, Igow retorna com mais um lan\u00e7amento. Em parceria com MC Dricka, ele apresenta seu novo single &#8220;Tira Tira (No Seu Momento)&#8221;, que chega \u00e0s plataformas digitais nesta sexta-feira, 04 de abril, e apresenta uma fus\u00e3o que combina a for\u00e7a do funk com sua identidade sonora \u00fanica do forr\u00f3. Com batidas marcantes e uma energia contagiante, a faixa chega como uma grande aposta para as pistas, refor\u00e7ando a versatilidade de Igow.<\/p>\n\n\n\n<figure class=\"wp-block-embed is-type-rich is-provider-spotify wp-block-embed-spotify wp-embed-aspect-21-9 wp-has-aspect-ratio\"><div class=\"wp-block-embed__wrapper\">\n<iframe title=\"Spotify Embed: Tira Tira (No Seu Momento)\" style=\"border-radius: 12px\" width=\"100%\" height=\"352\" frameborder=\"0\" allowfullscreen allow=\"autoplay; clipboard-write; encrypted-media; fullscreen; picture-in-picture\" loading=\"lazy\" src=\"https:\/\/open.spotify.com\/embed\/album\/5N5DmP4xTc720gKbiAONwV?go=1&#038;nd=1&#038;dlsi=7e7867a7c9fc44f1&#038;utm_source=oembed\"><\/iframe>\n<\/div><\/figure>\n\n\n\n<h3 class=\"wp-block-heading\">Elo Feat dos Sonhos<\/h3>\n\n\n\n<p>Na quinta-feira (3), o projeto Elo Feat dos Sonhos lan\u00e7a o quarto single da jornada musical do projeto &#8211; uma composi\u00e7\u00e3o autoral do artista Walder Wolf, cantor paraense nascido em Camet\u00e1, em parceria com Gaby Amarantos, cantora, compositora e apresentadora brasileira, conhecida como a &#8220;Rainha do Tecnobrega&#8221;. A faixa &#8220;Um Beijo&#8221; segue a s\u00e9rie de lan\u00e7amentos em parceria com os feats dos sonhos e apresenta o tecnobrega, um g\u00eanero musical brasileiro que mistura elementos do brega tradicional com m\u00fasica eletr\u00f4nica, usando batidas aceleradas e sintetizadores &#8211; ou\u00e7a aqui.<\/p>\n\n\n\n<figure class=\"wp-block-embed is-type-rich is-provider-spotify wp-block-embed-spotify wp-embed-aspect-21-9 wp-has-aspect-ratio\"><div class=\"wp-block-embed__wrapper\">\n<iframe title=\"Spotify Embed: Um Beijo\" style=\"border-radius: 12px\" width=\"100%\" height=\"352\" frameborder=\"0\" allowfullscreen allow=\"autoplay; clipboard-write; encrypted-media; fullscreen; picture-in-picture\" loading=\"lazy\" src=\"https:\/\/open.spotify.com\/embed\/album\/6DfFcoC7E26B73TRL1Ktau?utm_source=oembed\"><\/iframe>\n<\/div><\/figure>\n\n\n\n<h3 class=\"wp-block-heading\">Iguinho e Lulinha<\/h3>\n\n\n\n<p>A dupla Iguinho e Lulinha lan\u00e7ou o CD &#8220;Fora do Comum&#8221;, com 14 faixas, sendo 7 in\u00e9ditas e 7 regrava\u00e7\u00f5es. Com este trabalho, a dupla refor\u00e7a sua paix\u00e3o pelo forr\u00f3, trazendo um repert\u00f3rio que mistura romantismo e energia vibrante. A faixa de destaque \u00e9 &#8220;Atende&#8221;, uma regrava\u00e7\u00e3o de Macenna, Dj Ivis e Ruan Soares, que promete ser um sucesso. O \u00e1lbum ainda conta com m\u00fasicas como &#8220;Mel no Beijo&#8221;, &#8220;Tr\u00eas Sorrisos&#8221;, &#8220;Marra de Bandida&#8221; e &#8220;Vaqueira das Vaqueiras&#8221;, que capturam a ess\u00eancia do forr\u00f3 aut\u00eantico da dupla.<\/p>\n\n\n\n<figure class=\"wp-block-embed is-type-rich is-provider-spotify wp-block-embed-spotify wp-embed-aspect-21-9 wp-has-aspect-ratio\"><div class=\"wp-block-embed__wrapper\">\n<iframe title=\"Spotify Embed: Fora do Comum\" style=\"border-radius: 12px\" width=\"100%\" height=\"352\" frameborder=\"0\" allowfullscreen allow=\"autoplay; clipboard-write; encrypted-media; fullscreen; picture-in-picture\" loading=\"lazy\" src=\"https:\/\/open.spotify.com\/embed\/album\/71u7WxjYlLb7BSFbOWhQbD?utm_source=oembed\"><\/iframe>\n<\/div><\/figure>\n\n\n\n<h3 class=\"wp-block-heading\">CountryBeat<\/h3>\n\n\n\n<p>A dupla CountryBeat lan\u00e7ou o aguardado videoclipe de &#8220;Os Rodeio T\u00e1 Chegando&#8221;, gravado no final de mar\u00e7o no Parque de Eventos de Colorado, durante a famosa Festa do Pe\u00e3o de Boiadeiro de Colorado 2025, no Paran\u00e1, o maior rodeio do Sul do Brasil. Com uma pegada animada e batidas de funk, o clipe traz dan\u00e7arinos, efeitos visuais e uma coreografia envolvente, assinada por Ana Castela, criadora da &#8220;dancinha&#8221; viralizada em mais de 8 mil v\u00eddeos nas redes sociais. A m\u00fasica j\u00e1 \u00e9 um grande fen\u00f4meno e promete ser a sensa\u00e7\u00e3o da temporada de rodeios.<\/p>\n\n\n\n<figure class=\"wp-block-embed is-type-video is-provider-youtube wp-block-embed-youtube wp-embed-aspect-16-9 wp-has-aspect-ratio\"><div class=\"wp-block-embed__wrapper\">\n<iframe loading=\"lazy\" title=\"Os Rodeio t\u00e1 Chegando - CountryBeat (Videoclipe Oficial)\" width=\"880\" height=\"495\" src=\"https:\/\/www.youtube.com\/embed\/TjAXJGFw6K8?feature=oembed\" frameborder=\"0\" allow=\"accelerometer; autoplay; clipboard-write; encrypted-media; gyroscope; picture-in-picture; web-share\" referrerpolicy=\"strict-origin-when-cross-origin\" allowfullscreen><\/iframe>\n<\/div><\/figure>\n\n\n\n<h3 class=\"wp-block-heading\">Felipe &amp; Rodrigo<\/h3>\n\n\n\n<p>Felipe &amp; Rodrigo seguem firmes com sua trajet\u00f3ria de sucesso e, ap\u00f3s o \u00eaxito de &#8220;Banquinho&#8221;, que ostenta quase 60 milh\u00f5es de plays somados, a dupla prepara mais um lan\u00e7amento de peso. Composta por J\u00fanior Gomes, Daniel Caon, Papada e Victor Reis, &#8220;Pega o Beco&#8221; apresenta uma letra cheia de atitude, na qual o eu l\u00edrico decide dar um ponto final a um relacionamento t\u00f3xico, com versos como: &#8220;Eu perco o amor da minha vida, mas n\u00e3o perco a vida s\u00f3 por um amor&#8221;, que trazem \u00e0 tona a import\u00e2ncia de seguir em frente, independente das dificuldades.<\/p>\n\n\n\n<figure class=\"wp-block-embed is-type-rich is-provider-spotify wp-block-embed-spotify wp-embed-aspect-21-9 wp-has-aspect-ratio\"><div class=\"wp-block-embed__wrapper\">\n<iframe title=\"Spotify Embed: Pega O Beco (Ao Vivo)\" style=\"border-radius: 12px\" width=\"100%\" height=\"352\" frameborder=\"0\" allowfullscreen allow=\"autoplay; clipboard-write; encrypted-media; fullscreen; picture-in-picture\" loading=\"lazy\" src=\"https:\/\/open.spotify.com\/embed\/album\/5oxFfnutw51K4MHlcWGIEZ?go=1&#038;nd=1&#038;dlsi=1265717912b84168&#038;utm_source=oembed\"><\/iframe>\n<\/div><\/figure>\n\n\n\n<h3 class=\"wp-block-heading\">Henry Freitas<\/h3>\n\n\n\n<p>O cantor e compositor Henry Freitas se prepara para lan\u00e7ar seu t\u00e3o aguardado \u00e1lbum &#8220;Pra Beber e Amar&#8221;, com 15 faixas, incluindo m\u00fasicas in\u00e9ditas e vers\u00f5es forrozeiras de grandes sucessos da m\u00fasica brasileira, como Charlie Brown Jr., C\u00e1ssia Eller e Sandy &amp; Junior. O \u00e1lbum conta com a participa\u00e7\u00e3o de artistas renomados, como Jo\u00e3o Gomes, Menos \u00e9 Mais, Gaab, A Vontade (Ra\u00ed Saia Rodada, Zezo e Luan Estilizado) e Joyce Alane, que contribu\u00edram para tornar o projeto ainda mais especial.<\/p>\n\n\n\n<figure class=\"wp-block-embed is-type-rich is-provider-spotify wp-block-embed-spotify wp-embed-aspect-21-9 wp-has-aspect-ratio\"><div class=\"wp-block-embed__wrapper\">\n<iframe title=\"Spotify Embed: Pra Beber e Amar\" style=\"border-radius: 12px\" width=\"100%\" height=\"352\" frameborder=\"0\" allowfullscreen allow=\"autoplay; clipboard-write; encrypted-media; fullscreen; picture-in-picture\" loading=\"lazy\" src=\"https:\/\/open.spotify.com\/embed\/album\/5LfVXJXf0W8GhIVPftzlHP?utm_source=oembed\"><\/iframe>\n<\/div><\/figure>\n\n\n\n<h2 class=\"wp-block-heading has-text-align-center has-cyan-bluish-gray-background-color has-background\">Selecionadas do editor<\/h2>\n\n\n\n<h3 class=\"wp-block-heading\">Steven Binko<\/h3>\n\n\n\n<figure class=\"wp-block-embed is-type-video is-provider-youtube wp-block-embed-youtube wp-embed-aspect-4-3 wp-has-aspect-ratio\"><div class=\"wp-block-embed__wrapper\">\n<iframe loading=\"lazy\" title=\"Ghost\" width=\"880\" height=\"660\" src=\"https:\/\/www.youtube.com\/embed\/xbGJUm8OJxQ?feature=oembed\" frameborder=\"0\" allow=\"accelerometer; autoplay; clipboard-write; encrypted-media; gyroscope; picture-in-picture; web-share\" referrerpolicy=\"strict-origin-when-cross-origin\" allowfullscreen><\/iframe>\n<\/div><\/figure>\n\n\n\n<h3 class=\"wp-block-heading\">conveniens<\/h3>\n\n\n\n<figure class=\"wp-block-embed is-type-video is-provider-youtube wp-block-embed-youtube wp-embed-aspect-4-3 wp-has-aspect-ratio\"><div class=\"wp-block-embed__wrapper\">\n<iframe loading=\"lazy\" title=\"Commercial Dance Song (singleVersion)\" width=\"880\" height=\"660\" src=\"https:\/\/www.youtube.com\/embed\/hXj2eii5ueA?feature=oembed\" frameborder=\"0\" allow=\"accelerometer; autoplay; clipboard-write; encrypted-media; gyroscope; picture-in-picture; web-share\" referrerpolicy=\"strict-origin-when-cross-origin\" allowfullscreen><\/iframe>\n<\/div><\/figure>\n\n\n\n<h3 class=\"wp-block-heading\">Escaped Apple<\/h3>\n\n\n\n<figure class=\"wp-block-embed is-type-video is-provider-youtube wp-block-embed-youtube wp-embed-aspect-16-9 wp-has-aspect-ratio\"><div class=\"wp-block-embed__wrapper\">\n<iframe loading=\"lazy\" title=\"Escaped Apple feat Christine Bivefors   Tenderloin\" width=\"880\" height=\"495\" src=\"https:\/\/www.youtube.com\/embed\/JaYsou1g3pA?feature=oembed\" frameborder=\"0\" allow=\"accelerometer; autoplay; clipboard-write; encrypted-media; gyroscope; picture-in-picture; web-share\" referrerpolicy=\"strict-origin-when-cross-origin\" allowfullscreen><\/iframe>\n<\/div><\/figure>\n\n\n\n<h3 class=\"wp-block-heading\">Nashaat Salman<\/h3>\n\n\n\n<figure class=\"wp-block-embed is-type-video is-provider-youtube wp-block-embed-youtube wp-embed-aspect-16-9 wp-has-aspect-ratio\"><div class=\"wp-block-embed__wrapper\">\n<iframe loading=\"lazy\" title=\"Nashaat Salman - Live it All My Way (feat. John Lee Sanders)\" width=\"880\" height=\"495\" src=\"https:\/\/www.youtube.com\/embed\/miteDNsDU4A?feature=oembed\" frameborder=\"0\" allow=\"accelerometer; autoplay; clipboard-write; encrypted-media; gyroscope; picture-in-picture; web-share\" referrerpolicy=\"strict-origin-when-cross-origin\" allowfullscreen><\/iframe>\n<\/div><\/figure>\n\n\n\n<h3 class=\"wp-block-heading\">Mira Sthira<\/h3>\n\n\n\n<figure class=\"wp-block-embed is-type-rich is-provider-spotify wp-block-embed-spotify wp-embed-aspect-21-9 wp-has-aspect-ratio\"><div class=\"wp-block-embed__wrapper\">\n<iframe title=\"Spotify Embed: Plant Flowers\" style=\"border-radius: 12px\" width=\"100%\" height=\"152\" frameborder=\"0\" allowfullscreen allow=\"autoplay; clipboard-write; encrypted-media; fullscreen; picture-in-picture\" loading=\"lazy\" src=\"https:\/\/open.spotify.com\/embed\/track\/1zAPS6eJcsv5lISBGjKUid?si=503b873df7b84cd1&#038;utm_source=oembed\"><\/iframe>\n<\/div><\/figure>\n\n\n\n<h3 class=\"wp-block-heading\">Igor Anicic<\/h3>\n\n\n\n<figure class=\"wp-block-embed is-type-video is-provider-youtube wp-block-embed-youtube wp-embed-aspect-16-9 wp-has-aspect-ratio\"><div class=\"wp-block-embed__wrapper\">\n<iframe loading=\"lazy\" title=\"&quot; Estamos Todos Juntos &quot; - Music for the World by Igor Anicic (Video Oficial)\" width=\"880\" height=\"495\" src=\"https:\/\/www.youtube.com\/embed\/wdO5eS34mSM?feature=oembed\" frameborder=\"0\" allow=\"accelerometer; autoplay; clipboard-write; encrypted-media; gyroscope; picture-in-picture; web-share\" referrerpolicy=\"strict-origin-when-cross-origin\" allowfullscreen><\/iframe>\n<\/div><\/figure>\n\n\n\n<h3 class=\"wp-block-heading\">Solarrio<\/h3>\n\n\n\n<figure class=\"wp-block-embed is-type-video is-provider-youtube wp-block-embed-youtube wp-embed-aspect-16-9 wp-has-aspect-ratio\"><div class=\"wp-block-embed__wrapper\">\n<iframe loading=\"lazy\" title=\"Solarrio - So Many Questions  (Official Lyric Video)\" width=\"880\" height=\"495\" src=\"https:\/\/www.youtube.com\/embed\/UcoeI7TAqJU?feature=oembed\" frameborder=\"0\" allow=\"accelerometer; autoplay; clipboard-write; encrypted-media; gyroscope; picture-in-picture; web-share\" referrerpolicy=\"strict-origin-when-cross-origin\" allowfullscreen><\/iframe>\n<\/div><\/figure>\n\n\n\n<h3 class=\"wp-block-heading\">Max Ceddo<\/h3>\n\n\n\n<figure class=\"wp-block-embed is-type-rich is-provider-spotify wp-block-embed-spotify wp-embed-aspect-21-9 wp-has-aspect-ratio\"><div class=\"wp-block-embed__wrapper\">\n<iframe title=\"Spotify Embed: Dreaming Under the Hammer\" style=\"border-radius: 12px\" width=\"100%\" height=\"152\" frameborder=\"0\" allowfullscreen allow=\"autoplay; clipboard-write; encrypted-media; fullscreen; picture-in-picture\" loading=\"lazy\" src=\"https:\/\/open.spotify.com\/embed\/track\/1iKP7JIzImilk37c1e9agU?utm_source=oembed\"><\/iframe>\n<\/div><\/figure>\n\n\n\n<h3 class=\"wp-block-heading\">QTNT<\/h3>\n\n\n\n<figure class=\"wp-block-embed is-type-rich is-provider-spotify wp-block-embed-spotify wp-embed-aspect-21-9 wp-has-aspect-ratio\"><div class=\"wp-block-embed__wrapper\">\n<iframe title=\"Spotify Embed: Naughty\" style=\"border-radius: 12px\" width=\"100%\" height=\"152\" frameborder=\"0\" allowfullscreen allow=\"autoplay; clipboard-write; encrypted-media; fullscreen; picture-in-picture\" loading=\"lazy\" src=\"https:\/\/open.spotify.com\/embed\/track\/49vzSlw8I1hUiqtuKAJE9r?utm_source=oembed\"><\/iframe>\n<\/div><\/figure>\n\n\n\n<h3 class=\"wp-block-heading\">Sara Diana<\/h3>\n\n\n\n<figure class=\"wp-block-embed is-type-video is-provider-youtube wp-block-embed-youtube wp-embed-aspect-4-3 wp-has-aspect-ratio\"><div class=\"wp-block-embed__wrapper\">\n<iframe loading=\"lazy\" title=\"Vegas\" width=\"880\" height=\"660\" src=\"https:\/\/www.youtube.com\/embed\/QjgopvLZoIs?feature=oembed\" frameborder=\"0\" allow=\"accelerometer; autoplay; clipboard-write; encrypted-media; gyroscope; picture-in-picture; web-share\" referrerpolicy=\"strict-origin-when-cross-origin\" allowfullscreen><\/iframe>\n<\/div><\/figure>\n\n\n\n<h3 class=\"wp-block-heading\">Horologica<\/h3>\n\n\n\n<figure class=\"wp-block-embed is-type-rich is-provider-spotify wp-block-embed-spotify wp-embed-aspect-21-9 wp-has-aspect-ratio\"><div class=\"wp-block-embed__wrapper\">\n<iframe title=\"Spotify Embed: Rio\" style=\"border-radius: 12px\" width=\"100%\" height=\"152\" frameborder=\"0\" allowfullscreen allow=\"autoplay; clipboard-write; encrypted-media; fullscreen; picture-in-picture\" loading=\"lazy\" src=\"https:\/\/open.spotify.com\/embed\/track\/1Eu2wsKSUpAcv7pmPn2iVZ?utm_source=oembed\"><\/iframe>\n<\/div><\/figure>\n\n\n\n<h3 class=\"wp-block-heading\">Bird<\/h3>\n\n\n\n<figure class=\"wp-block-embed is-type-video is-provider-youtube wp-block-embed-youtube wp-embed-aspect-16-9 wp-has-aspect-ratio\"><div class=\"wp-block-embed__wrapper\">\n<iframe loading=\"lazy\" title=\"Bird - How Soon Is Now - (Official Video)\" width=\"880\" height=\"495\" src=\"https:\/\/www.youtube.com\/embed\/lkyVGv10hzo?feature=oembed\" frameborder=\"0\" allow=\"accelerometer; autoplay; clipboard-write; encrypted-media; gyroscope; picture-in-picture; web-share\" referrerpolicy=\"strict-origin-when-cross-origin\" allowfullscreen><\/iframe>\n<\/div><\/figure>\n\n\n\n<h3 class=\"wp-block-heading\">OLIVIER BRUNIE<\/h3>\n\n\n\n<figure class=\"wp-block-embed is-type-video is-provider-youtube wp-block-embed-youtube wp-embed-aspect-16-9 wp-has-aspect-ratio\"><div class=\"wp-block-embed__wrapper\">\n<iframe loading=\"lazy\" title=\"06 Dans Nos Yeux\" width=\"880\" height=\"495\" src=\"https:\/\/www.youtube.com\/embed\/aUiFbvyKN7Y?feature=oembed\" frameborder=\"0\" allow=\"accelerometer; autoplay; clipboard-write; encrypted-media; gyroscope; picture-in-picture; web-share\" referrerpolicy=\"strict-origin-when-cross-origin\" allowfullscreen><\/iframe>\n<\/div><\/figure>\n\n\n\n<h3 class=\"wp-block-heading\">Loham<\/h3>\n\n\n\n<figure class=\"wp-block-embed is-type-video is-provider-youtube wp-block-embed-youtube wp-embed-aspect-4-3 wp-has-aspect-ratio\"><div class=\"wp-block-embed__wrapper\">\n<iframe loading=\"lazy\" title=\"Gilda\" width=\"880\" height=\"660\" src=\"https:\/\/www.youtube.com\/embed\/HopDRSVxkRM?feature=oembed\" frameborder=\"0\" allow=\"accelerometer; autoplay; clipboard-write; encrypted-media; gyroscope; picture-in-picture; web-share\" referrerpolicy=\"strict-origin-when-cross-origin\" allowfullscreen><\/iframe>\n<\/div><\/figure>\n\n\n\n<h3 class=\"wp-block-heading\">iumi the band<\/h3>\n\n\n\n<figure class=\"wp-block-embed is-type-video is-provider-youtube wp-block-embed-youtube wp-embed-aspect-4-3 wp-has-aspect-ratio\"><div class=\"wp-block-embed__wrapper\">\n<iframe loading=\"lazy\" title=\"I Hate Me\" width=\"880\" height=\"660\" src=\"https:\/\/www.youtube.com\/embed\/DSKz5n1ztFo?feature=oembed\" frameborder=\"0\" allow=\"accelerometer; autoplay; clipboard-write; encrypted-media; gyroscope; picture-in-picture; web-share\" referrerpolicy=\"strict-origin-when-cross-origin\" allowfullscreen><\/iframe>\n<\/div><\/figure>\n\n\n\n<h3 class=\"wp-block-heading\">Gabe Jake Dillon<\/h3>\n\n\n\n<figure class=\"wp-block-embed is-type-video is-provider-youtube wp-block-embed-youtube wp-embed-aspect-16-9 wp-has-aspect-ratio\"><div class=\"wp-block-embed__wrapper\">\n<iframe loading=\"lazy\" title=\"Gabe Jake Dillon ft. Jaiyna Aaliyana - Waiting Game (Official Audio)\" width=\"880\" height=\"495\" src=\"https:\/\/www.youtube.com\/embed\/f4BEap-zQbc?feature=oembed\" frameborder=\"0\" allow=\"accelerometer; autoplay; clipboard-write; encrypted-media; gyroscope; picture-in-picture; web-share\" referrerpolicy=\"strict-origin-when-cross-origin\" allowfullscreen><\/iframe>\n<\/div><\/figure>","protected":false},"excerpt":{"rendered":"<p>Mais uma sexta-feira de lan\u00e7amentos chegou e com ela muitas novidades! Nosso destaque por aqui vai para o novo \u00e1lbum de Marina Sena, que crava de vez o nome da cantora entre os maiores do pop nacional na atualidade. Tem ainda a parceria explosiva entre Pedro Sampaio, Anitta e MC GW, al\u00e9m do novo EP [&hellip;]<\/p>\n","protected":false},"author":1,"featured_media":229622,"comment_status":"closed","ping_status":"closed","sticky":false,"template":"","format":"standard","meta":{"footnotes":""},"categories":[2164],"tags":[167,7732,1261],"class_list":["post-229617","post","type-post","status-publish","format-standard","has-post-thumbnail","hentry","category-lancamentos","tag-anitta","tag-lancamentos","tag-pedro-sampaio"],"_links":{"self":[{"href":"https:\/\/portalpopmais.com.br\/en\/wp-json\/wp\/v2\/posts\/229617","targetHints":{"allow":["GET"]}}],"collection":[{"href":"https:\/\/portalpopmais.com.br\/en\/wp-json\/wp\/v2\/posts"}],"about":[{"href":"https:\/\/portalpopmais.com.br\/en\/wp-json\/wp\/v2\/types\/post"}],"author":[{"embeddable":true,"href":"https:\/\/portalpopmais.com.br\/en\/wp-json\/wp\/v2\/users\/1"}],"replies":[{"embeddable":true,"href":"https:\/\/portalpopmais.com.br\/en\/wp-json\/wp\/v2\/comments?post=229617"}],"version-history":[{"count":0,"href":"https:\/\/portalpopmais.com.br\/en\/wp-json\/wp\/v2\/posts\/229617\/revisions"}],"wp:featuredmedia":[{"embeddable":true,"href":"https:\/\/portalpopmais.com.br\/en\/wp-json\/wp\/v2\/media\/229622"}],"wp:attachment":[{"href":"https:\/\/portalpopmais.com.br\/en\/wp-json\/wp\/v2\/media?parent=229617"}],"wp:term":[{"taxonomy":"category","embeddable":true,"href":"https:\/\/portalpopmais.com.br\/en\/wp-json\/wp\/v2\/categories?post=229617"},{"taxonomy":"post_tag","embeddable":true,"href":"https:\/\/portalpopmais.com.br\/en\/wp-json\/wp\/v2\/tags?post=229617"}],"curies":[{"name":"wp","href":"https:\/\/api.w.org\/{rel}","templated":true}]}}