{"id":230585,"date":"2025-04-18T13:53:35","date_gmt":"2025-04-18T16:53:35","guid":{"rendered":"https:\/\/portalpopmais.com.br\/?p=230585"},"modified":"2025-04-19T09:43:15","modified_gmt":"2025-04-19T12:43:15","slug":"lexa-voce-e-eu","status":"publish","type":"post","link":"https:\/\/portalpopmais.com.br\/en\/lexa-voce-e-eu\/","title":{"rendered":"\u201cVoc\u00ea e Eu\u201d: Lexa lan\u00e7a single em homenagem \u00e0 filha que nasceu prematura"},"content":{"rendered":"<p>Lexa, cantora e compositora, lan\u00e7ou nesta sexta-feira (18), a m\u00fasica\u00a0<strong>&#8220;<a href=\"https:\/\/www.youtube.com\/watch?v=b1W7E_IMAus\" target=\"_blank\" rel=\"noopener\">Voc\u00ea e Eu<\/a>&#8220;<\/strong>, uma homenagem dedicada \u00e0 sua filha,\u00a0<strong>Sofia,\u00a0<\/strong>que nasceu prematura e n\u00e3o resistiu. A faixa chega acompanhada de um videoclipe gravado na praia e nas imagens, destacam-se o c\u00e9u azul e os raios de sol iluminando o ambiente, enquanto Lexa interpreta a can\u00e7\u00e3o em um momento de supera\u00e7\u00e3o e afeto.<\/p>\n\n\n\n<p><em>&#8220;\u00c9 aquela for\u00e7a para seguir que estou buscando em voc\u00ea. O teu amor me escolheu&#8221;<\/em>, revela um dos versos da can\u00e7\u00e3o, que expressa todo o sentimento de for\u00e7a e amor que a artista procurou transmitir nessa homenagem.<\/p>\n\n\n\n<p>Para embalar a letra, Lexa apostou em um arranjo mel\u00f3dico e delicado, conduzido por piano, violino e viol\u00e3o e produzido especialmente para a faixa, que imprime um trabalho realizado com profundo respeito, carinho e cuidado por Sofia.<\/p>\n\n\n\n<figure class=\"wp-block-embed is-type-video is-provider-youtube wp-block-embed-youtube wp-embed-aspect-16-9 wp-has-aspect-ratio\"><div class=\"wp-block-embed__wrapper\">\n<iframe loading=\"lazy\" title=\"Lexa - Voc\u00ea e Eu (Clipe Oficial)\" width=\"880\" height=\"495\" src=\"https:\/\/www.youtube.com\/embed\/b1W7E_IMAus?feature=oembed\" frameborder=\"0\" allow=\"accelerometer; autoplay; clipboard-write; encrypted-media; gyroscope; picture-in-picture; web-share\" referrerpolicy=\"strict-origin-when-cross-origin\" allowfullscreen><\/iframe>\n<\/div><\/figure>","protected":false},"excerpt":{"rendered":"<p>Lexa, cantora e compositora, lan\u00e7ou nesta sexta-feira (18), a m\u00fasica\u00a0&#8220;Voc\u00ea e Eu&#8220;, uma homenagem dedicada \u00e0 sua filha,\u00a0Sofia,\u00a0que nasceu prematura e n\u00e3o resistiu. A faixa chega acompanhada de um videoclipe gravado na praia e nas imagens, destacam-se o c\u00e9u azul e os raios de sol iluminando o ambiente, enquanto Lexa interpreta a can\u00e7\u00e3o em um [&hellip;]<\/p>\n","protected":false},"author":1,"featured_media":230605,"comment_status":"closed","ping_status":"closed","sticky":false,"template":"","format":"standard","meta":{"footnotes":""},"categories":[154],"tags":[702],"class_list":["post-230585","post","type-post","status-publish","format-standard","has-post-thumbnail","hentry","category-musica","tag-lexa"],"_links":{"self":[{"href":"https:\/\/portalpopmais.com.br\/en\/wp-json\/wp\/v2\/posts\/230585","targetHints":{"allow":["GET"]}}],"collection":[{"href":"https:\/\/portalpopmais.com.br\/en\/wp-json\/wp\/v2\/posts"}],"about":[{"href":"https:\/\/portalpopmais.com.br\/en\/wp-json\/wp\/v2\/types\/post"}],"author":[{"embeddable":true,"href":"https:\/\/portalpopmais.com.br\/en\/wp-json\/wp\/v2\/users\/1"}],"replies":[{"embeddable":true,"href":"https:\/\/portalpopmais.com.br\/en\/wp-json\/wp\/v2\/comments?post=230585"}],"version-history":[{"count":0,"href":"https:\/\/portalpopmais.com.br\/en\/wp-json\/wp\/v2\/posts\/230585\/revisions"}],"wp:featuredmedia":[{"embeddable":true,"href":"https:\/\/portalpopmais.com.br\/en\/wp-json\/wp\/v2\/media\/230605"}],"wp:attachment":[{"href":"https:\/\/portalpopmais.com.br\/en\/wp-json\/wp\/v2\/media?parent=230585"}],"wp:term":[{"taxonomy":"category","embeddable":true,"href":"https:\/\/portalpopmais.com.br\/en\/wp-json\/wp\/v2\/categories?post=230585"},{"taxonomy":"post_tag","embeddable":true,"href":"https:\/\/portalpopmais.com.br\/en\/wp-json\/wp\/v2\/tags?post=230585"}],"curies":[{"name":"wp","href":"https:\/\/api.w.org\/{rel}","templated":true}]}}