{"id":230876,"date":"2025-04-22T19:17:07","date_gmt":"2025-04-22T22:17:07","guid":{"rendered":"https:\/\/portalpopmais.com.br\/?p=230876"},"modified":"2025-04-22T19:17:10","modified_gmt":"2025-04-22T22:17:10","slug":"tina-knowles-cancer-de-mama","status":"publish","type":"post","link":"https:\/\/portalpopmais.com.br\/en\/tina-knowles-cancer-de-mama\/","title":{"rendered":"Tina Knowles, m\u00e3e de Beyonc\u00e9, revela diagn\u00f3stico de c\u00e2ncer de mama"},"content":{"rendered":"<p>Tina Knowles, m\u00e3e das cantoras Beyonc\u00e9 e Solange, foi diagnosticada com c\u00e2ncer de mama em est\u00e1gio 1. A informa\u00e7\u00e3o foi relevada pela pr\u00f3pria, em entrevista ao &#8220;CBS Mornings&#8221;, exibida parcialmente nesta ter\u00e7a-feira (22). Aos 71 anos, Tina enfatizou a import\u00e2ncia das mamografias regulares, que acabou adiando durante a pandemia de COVID-19.<\/p>\n\n\n\n<p>Ainda na entrevista, Tina contou que descobriu dois tumores no seio esquerdo durante um exame tardio, sendo um deles cancer\u00edgeno. Apesar do atraso, o c\u00e2ncer n\u00e3o se espalhou e foi considerado de crescimento lento. A empres\u00e1ria passou por uma lumpectomia em agosto para remover o tumor e agora est\u00e1 livre do c\u00e2ncer.<\/p>\n\n\n\n<p>Durante a entrevista, ela relembrou o apoio das filhas e amigos no hospital antes da cirurgia. Ela destacou um momento especial em que Solange e a sobrinha Angie Beyince cantaram &#8220;Walk With Me&#8221;, trazendo conforto e for\u00e7a antes do procedimento. &#8220;\u00c9 sobre Deus caminhar com voc\u00ea em algo e te proteger&#8221;, disse Tina, emocionada durante o trecho exibido.<\/p>\n\n\n\n<p>Meses ap\u00f3s a cirurgia, Tina ainda enfrentou uma infec\u00e7\u00e3o grave, que quase a impediu de participar do evento Glamour&#8217;s Women of the Year em outubro de 2024. A fam\u00edlia, especialmente Beyonc\u00e9, aconselhou a matriarca a priorizar a sa\u00fade, mas a empres\u00e1ria decidiu participar do momento. &#8220;Muito da minha vida, eu simplesmente me recusei a ser reconhecida\u2026 e isso foi meu dizendo, &#8216;Eu mere\u00e7o isso'&#8221;, refletiu Knowles.<\/p>","protected":false},"excerpt":{"rendered":"<p>Tina Knowles, m\u00e3e das cantoras Beyonc\u00e9 e Solange, foi diagnosticada com c\u00e2ncer de mama em est\u00e1gio 1. A informa\u00e7\u00e3o foi relevada pela pr\u00f3pria, em entrevista ao &#8220;CBS Mornings&#8221;, exibida parcialmente nesta ter\u00e7a-feira (22). Aos 71 anos, Tina enfatizou a import\u00e2ncia das mamografias regulares, que acabou adiando durante a pandemia de COVID-19. Ainda na entrevista, Tina [&hellip;]<\/p>\n","protected":false},"author":2,"featured_media":230877,"comment_status":"closed","ping_status":"closed","sticky":false,"template":"","format":"standard","meta":{"footnotes":""},"categories":[173],"tags":[213,17738],"class_list":["post-230876","post","type-post","status-publish","format-standard","has-post-thumbnail","hentry","category-celebridades","tag-beyonce","tag-tina-knowles"],"_links":{"self":[{"href":"https:\/\/portalpopmais.com.br\/en\/wp-json\/wp\/v2\/posts\/230876","targetHints":{"allow":["GET"]}}],"collection":[{"href":"https:\/\/portalpopmais.com.br\/en\/wp-json\/wp\/v2\/posts"}],"about":[{"href":"https:\/\/portalpopmais.com.br\/en\/wp-json\/wp\/v2\/types\/post"}],"author":[{"embeddable":true,"href":"https:\/\/portalpopmais.com.br\/en\/wp-json\/wp\/v2\/users\/2"}],"replies":[{"embeddable":true,"href":"https:\/\/portalpopmais.com.br\/en\/wp-json\/wp\/v2\/comments?post=230876"}],"version-history":[{"count":0,"href":"https:\/\/portalpopmais.com.br\/en\/wp-json\/wp\/v2\/posts\/230876\/revisions"}],"wp:featuredmedia":[{"embeddable":true,"href":"https:\/\/portalpopmais.com.br\/en\/wp-json\/wp\/v2\/media\/230877"}],"wp:attachment":[{"href":"https:\/\/portalpopmais.com.br\/en\/wp-json\/wp\/v2\/media?parent=230876"}],"wp:term":[{"taxonomy":"category","embeddable":true,"href":"https:\/\/portalpopmais.com.br\/en\/wp-json\/wp\/v2\/categories?post=230876"},{"taxonomy":"post_tag","embeddable":true,"href":"https:\/\/portalpopmais.com.br\/en\/wp-json\/wp\/v2\/tags?post=230876"}],"curies":[{"name":"wp","href":"https:\/\/api.w.org\/{rel}","templated":true}]}}