{"id":230921,"date":"2025-04-24T09:05:55","date_gmt":"2025-04-24T12:05:55","guid":{"rendered":"https:\/\/portalpopmais.com.br\/?p=230921"},"modified":"2025-07-20T12:50:04","modified_gmt":"2025-07-20T15:50:04","slug":"day-limns-furta-cor","status":"publish","type":"post","link":"https:\/\/portalpopmais.com.br\/en\/day-limns-furta-cor\/","title":{"rendered":"DAY Limns lan\u00e7a o single &#8220;furta-cor&#8221;; veja letra"},"content":{"rendered":"<p><strong><a href=\"https:\/\/portalpopmais.com.br\/en\/trends\/day-limns\/\" data-type=\"post_tag\" data-id=\"6627\">DAY LIMNS<\/a><\/strong> lan\u00e7a nesta quinta-feira, 24 de abril, a faixa &#8220;furta-cor&#8221; e anuncia oficialmente seu novo EP,&nbsp;<em>a beleza do caos<\/em>, projeto que transforma a travessia urbana da artista em poesia pop. Com produ\u00e7\u00e3o de nomes como Los Brasileiros (vencedores do Grammy) e DMAX, o EP re\u00fane quatro faixas in\u00e9ditas que misturam pop alternativo, trap, R&amp;B melanc\u00f3lico e elementos de hyperpop, guiados por uma sensibilidade l\u00edrica visceral.<\/p>\n\n\n\n<p>A quarta e \u00faltima faixa, escolhida como single promocional a pedido dos f\u00e3s, foi apresentada ao vivo pela primeira vez no show&nbsp;<em>A BELEZA DO CAOS<\/em>, realizado no \u00faltimo dia 6 de abril na Casa Natura Musical. Com leveza melanc\u00f3lica, &#8220;furta-cor&#8221; encerra o EP aceitando a imperman\u00eancia das coisas. &#8220;A conclus\u00e3o n\u00e3o \u00e9 resolu\u00e7\u00e3o. \u00c9 aceita\u00e7\u00e3o&#8221;, diz DAY. &#8220;Essa m\u00fasica n\u00e3o traz uma resposta definitiva. Ela se abre para o agora, mesmo que ele ainda doa. Ela entende que vai doer, mas tamb\u00e9m sabe que a beleza nasce da entrega, da vulnerabilidade consciente, da arte de continuar mesmo sem certeza.&#8221;<\/p>\n\n\n\n<p>Em versos como &#8220;Hoje eu n\u00e3o vou fechar meus olhos&#8230;&#8221; e &#8220;Disse que \u00e9 agridoce, disse que \u00e9 furta-cor&#8221;, a can\u00e7\u00e3o mergulha na instabilidade da exist\u00eancia com lirismo e honestidade. &#8220;Furta-cor \u00e9 uma contempla\u00e7\u00e3o. Uma m\u00fasica que olha para o caos e decide n\u00e3o resistir. Ela se permite sentir. Tudo \u00e9 inst\u00e1vel, mut\u00e1vel, impermanente \u2014 como a pr\u00f3pria luz furta-cor&#8221;, completa a artista.<\/p>\n\n\n\n<p><em>A Beleza do Caos<\/em>&nbsp;\u00e9 mais do que um EP \u2014 \u00e9 um estudo narrativo e conceitual sobre a espiritualidade do cotidiano. Depois de encarnar uma &#8220;deusa alien\u00edgena que se fez humana&#8221; nos projetos&nbsp;<em>V\u00caNUS\u2260netuno<\/em>&nbsp;e&nbsp;<em>VENUSNETUNO II<\/em>, DAY LIMNS agora apresenta a &#8220;vers\u00e3o humana&#8221;, vivenciando intensamente a experi\u00eancia de estar na Terra. &#8220;Esse projeto \u00e9 sobre viver a cidade como met\u00e1fora do mundo interno. A cidade aparece aqui como reflexo da minha mente: ruas intensas, sinais inst\u00e1veis, encontros e desencontros. O caos n\u00e3o \u00e9 ru\u00eddo \u2014 \u00e9 linguagem ancestral&#8221;, explica.<\/p>\n\n\n\n<p>Cada faixa do EP representa uma fase dessa travessia; &#8220;furta-cor&#8221; fecha o ciclo com uma entrega doce e dolorosa \u00e0 imperman\u00eancia.<\/p>\n\n\n\n<p>&#8220;Se o caos veio antes da luz, ent\u00e3o \u00e9 em mim que ela nasce. \u00c9 aqui que o caos revela sua beleza&#8221;, explica DAY. Em&nbsp;<em>a beleza do caos<\/em>, essa beleza n\u00e3o est\u00e1 na resposta, mas no gesto de continuar \u2014 mesmo quando n\u00e3o se tem certeza de nada.<\/p>\n\n\n\n<h2 class=\"wp-block-heading\">Letra de furta-cor &#8211; DAY Limns<\/h2>\n\n\n\n<p>Hoje eu n\u00e3o vou fechar meus olhos<br>Vidrada na tua beleza<br>E te ver sorrir sem gra\u00e7a<\/p>\n\n\n\n<p>Hoje acaba num piscar de olhos<br>Eterno esse momento<br>Mesmo quando ele passa<\/p>\n\n\n\n<p>Momento mori more nesse momento<br>N\u00e3o deixe que ele te devore<br>Se entrar na chuva, deixe que ela te molhe<br>Se n\u00e3o se mover, mesmo que lentamente<\/p>\n\n\n\n<p>Vem se arrepender<br>Deixa que a vida leve<br>Leve voc\u00ea pra minha cama<br>Porque s\u00f3 l\u00e1 voc\u00ea diz que me ama<\/p>\n\n\n\n<p>Sigo a vida, n\u00e3o sigo seus rastros<br>N\u00e3o sou mais dessas de voltar atr\u00e1s<br>Tanto faz<\/p>\n\n\n\n<p>Mas c\u00ea ligou<br>Porque c\u00ea ligou<br>Dizendo saber a cor do meu sabor?<br>Disse que \u00e9 agridoce, disse que \u00e9 furta-cor<\/p>\n\n\n\n<p>Do jeito que veio, foi, nem avisou<br>Sei que o tempo \u00e9 hoje, mas, n\u00e3o anula a dor<\/p>\n\n\n\n<p>E eu vou ficar, porqu\u00ea se eu for<br>C\u00ea nem vai me pedir pra voltar<br>N\u00e3o sei se t\u00f4 feliz onde estou<br>E voc\u00ea s\u00f3 se encontra ficando mais longe de mim<\/p>\n\n\n\n<p>N\u00e3o sei como devo me sentir<br>C\u00ea sabe que eu n\u00e3o sei mentir<br>Mesmo assim, voc\u00ea mente pra mim<\/p>\n\n\n\n<p>Sabe o efeito que isso causa?<br>Mais um sopro e me desaba<br>Mais um beijo, c\u00ea me cala<\/p>\n\n\n\n<p>Sem sentimento n\u00e3o tem gra\u00e7a<br>C\u00ea ainda me ama ou me desgra\u00e7a?<\/p>\n\n\n\n<p>Dizendo saber da cor do meu sabor<br>Disse que \u00e9 agridoce, disse que \u00e9 furta-cor<\/p>\n\n\n\n<p>Do jeito que veio, foi, nem avisou<br>Sei que o tempo \u00e9 hoje, mas, n\u00e3o anular a dor<\/p>\n\n\n\n<p>C\u00ea ainda me ama ou me desgra\u00e7a?<\/p>\n\n\n\n<p>Se ainda me ama me diz<br>Se ainda me ama me diz<br>Se ainda me ama me diz<\/p>","protected":false},"excerpt":{"rendered":"<p>DAY LIMNS lan\u00e7a nesta quinta-feira, 24 de abril, a faixa &#8220;furta-cor&#8221; e anuncia oficialmente seu novo EP,&nbsp;a beleza do caos, projeto que transforma a travessia urbana da artista em poesia pop. Com produ\u00e7\u00e3o de nomes como Los Brasileiros (vencedores do Grammy) e DMAX, o EP re\u00fane quatro faixas in\u00e9ditas que misturam pop alternativo, trap, R&amp;B [&hellip;]<\/p>\n","protected":false},"author":1,"featured_media":143426,"comment_status":"closed","ping_status":"closed","sticky":false,"template":"","format":"standard","meta":{"footnotes":""},"categories":[154],"tags":[6627],"class_list":["post-230921","post","type-post","status-publish","format-standard","has-post-thumbnail","hentry","category-musica","tag-day-limns"],"_links":{"self":[{"href":"https:\/\/portalpopmais.com.br\/en\/wp-json\/wp\/v2\/posts\/230921","targetHints":{"allow":["GET"]}}],"collection":[{"href":"https:\/\/portalpopmais.com.br\/en\/wp-json\/wp\/v2\/posts"}],"about":[{"href":"https:\/\/portalpopmais.com.br\/en\/wp-json\/wp\/v2\/types\/post"}],"author":[{"embeddable":true,"href":"https:\/\/portalpopmais.com.br\/en\/wp-json\/wp\/v2\/users\/1"}],"replies":[{"embeddable":true,"href":"https:\/\/portalpopmais.com.br\/en\/wp-json\/wp\/v2\/comments?post=230921"}],"version-history":[{"count":0,"href":"https:\/\/portalpopmais.com.br\/en\/wp-json\/wp\/v2\/posts\/230921\/revisions"}],"wp:featuredmedia":[{"embeddable":true,"href":"https:\/\/portalpopmais.com.br\/en\/wp-json\/wp\/v2\/media\/143426"}],"wp:attachment":[{"href":"https:\/\/portalpopmais.com.br\/en\/wp-json\/wp\/v2\/media?parent=230921"}],"wp:term":[{"taxonomy":"category","embeddable":true,"href":"https:\/\/portalpopmais.com.br\/en\/wp-json\/wp\/v2\/categories?post=230921"},{"taxonomy":"post_tag","embeddable":true,"href":"https:\/\/portalpopmais.com.br\/en\/wp-json\/wp\/v2\/tags?post=230921"}],"curies":[{"name":"wp","href":"https:\/\/api.w.org\/{rel}","templated":true}]}}