{"id":231220,"date":"2025-04-30T08:01:45","date_gmt":"2025-04-30T11:01:45","guid":{"rendered":"https:\/\/portalpopmais.com.br\/?p=231220"},"modified":"2025-04-30T08:02:39","modified_gmt":"2025-04-30T11:02:39","slug":"silvia-abravanel-alfineta-irma","status":"publish","type":"post","link":"https:\/\/portalpopmais.com.br\/en\/silvia-abravanel-alfineta-irma\/","title":{"rendered":"Racha na fam\u00edlia? Silvia Abravanel manda indireta sobre gest\u00e3o da irm\u00e3 no SBT: &#8220;Silvio Santos foi \u00fanico&#8221;"},"content":{"rendered":"<p>As mudan\u00e7as recentes na programa\u00e7\u00e3o do SBT parece ter desagradado at\u00e9 mesmo membros da fam\u00edlia que controla a emissora. <strong><a href=\"https:\/\/portalpopmais.com.br\/en\/trends\/silvia-abravanel\/\" data-type=\"post_tag\" data-id=\"2448\">Silvia Abravanel<\/a><\/strong> concedeu entrevista \u00e0 Flavio Ricco, onde rasgou o verbo a respeito da gest\u00e3o de Daniela Beyruti, atual presidente do canal fundado por Silvio Santos.<\/p>\n\n\n\n<p>Silvia, que tamb\u00e9m diretora da emissora, fez quest\u00e3o de expressar sua vis\u00e3o divergente sobre o atual rumo do canal. Segundo ela, o SBT n\u00e3o precisa apostar em <a href=\"http:\/\/popmaisfm.com.br\" target=\"_blank\" rel=\"noopener\">inova\u00e7\u00f5es<\/a>, mas sim manter a mem\u00f3ria afetiva da audi\u00eancia conquistada pelo pai.<\/p>\n\n\n<ul class=\"wp-block-latest-posts__list is-grid columns-3 aligncenter wp-block-latest-posts\"><li><div class=\"wp-block-latest-posts__featured-image aligncenter\"><a href=\"https:\/\/portalpopmais.com.br\/en\/as-fotos-da-suite-que-shakira-ficara-hospedada-no-rio\/\" aria-label=\"As fotos da su\u00edte que Shakira ficar\u00e1 hospedada no Rio\"><img loading=\"lazy\" decoding=\"async\" width=\"768\" height=\"456\" src=\"https:\/\/portalpopmais.com.br\/wp-content\/uploads\/2024\/10\/shakira-shows-brasil-2025-768x456.jpeg\" class=\"attachment-medium size-medium wp-post-image\" alt=\"shakira shows brasil 2025\" style=\"\" title=\"\"><\/a><\/div><a class=\"wp-block-latest-posts__post-title\" href=\"https:\/\/portalpopmais.com.br\/en\/as-fotos-da-suite-que-shakira-ficara-hospedada-no-rio\/\">As fotos da su\u00edte que Shakira ficar\u00e1 hospedada no Rio<\/a><\/li>\n<li><div class=\"wp-block-latest-posts__featured-image aligncenter\"><a href=\"https:\/\/portalpopmais.com.br\/en\/cachorro-de-edson-dupla-com-hudson-e-encontrado-morto-apos-dias-desaparecido-em-sp\/\" aria-label=\"Cachorro de Edson, dupla com Hudson, \u00e9 encontrado morto ap\u00f3s dias desaparecido em SP\"><img loading=\"lazy\" decoding=\"async\" width=\"768\" height=\"456\" src=\"https:\/\/portalpopmais.com.br\/wp-content\/uploads\/2026\/04\/cachorro-768x456.webp\" class=\"attachment-medium size-medium wp-post-image\" alt=\"cachorro\" style=\"\" title=\"\"><\/a><\/div><a class=\"wp-block-latest-posts__post-title\" href=\"https:\/\/portalpopmais.com.br\/en\/cachorro-de-edson-dupla-com-hudson-e-encontrado-morto-apos-dias-desaparecido-em-sp\/\">Cachorro de Edson, dupla com Hudson, \u00e9 encontrado morto ap\u00f3s dias desaparecido em SP<\/a><\/li>\n<li><div class=\"wp-block-latest-posts__featured-image aligncenter\"><a href=\"https:\/\/portalpopmais.com.br\/en\/preso-e-condenado-hytalo-santos-e-alvo-de-nova-acao-judicial-veja\/\" aria-label=\"Preso e condenado, Hytalo Santos \u00e9 alvo de nova a\u00e7\u00e3o judicial; veja\"><img loading=\"lazy\" decoding=\"async\" width=\"768\" height=\"456\" src=\"https:\/\/portalpopmais.com.br\/wp-content\/uploads\/2025\/08\/Hytalo-Santos-preso-768x456.png\" class=\"attachment-medium size-medium wp-post-image\" alt=\"Hytalo Santos\" style=\"\" srcset=\"https:\/\/portalpopmais.com.br\/wp-content\/uploads\/2025\/08\/Hytalo-Santos-preso-768x456.png 768w, https:\/\/portalpopmais.com.br\/wp-content\/uploads\/2025\/08\/Hytalo-Santos-preso-1170x694.png 1170w\" sizes=\"auto, (max-width: 768px) 100vw, 768px\" title=\"\"><\/a><\/div><a class=\"wp-block-latest-posts__post-title\" href=\"https:\/\/portalpopmais.com.br\/en\/preso-e-condenado-hytalo-santos-e-alvo-de-nova-acao-judicial-veja\/\">Preso e condenado, Hytalo Santos \u00e9 alvo de nova a\u00e7\u00e3o judicial; veja<\/a><\/li>\n<\/ul>\n\n\n<p>\u201cNingu\u00e9m vai ser o Silvio Santos. O Silvio Santos foi \u00fanico. Ent\u00e3o a gente tem que trazer o SBT antigo para agora, porque era o que dava certo. As pessoas querem isso. Televis\u00e3o n\u00e3o \u00e9 inova\u00e7\u00e3o principalmente o SBT, que \u00e9 classe C e D. Temos que fazer televis\u00e3o para o p\u00fablico que o Silvio sempre fez a vida inteira. Ent\u00e3o ela tem que resgatar isso\u201d, disse ela.<\/p>\n\n\n\n<p>Ela ainda ressaltou que o SBT precisa valorizar os talentos da casa. Temos profissionais capacitados que conhecem o DNA do SBT. Ao inv\u00e9s de buscar novidades externas, dever\u00edamos investir em quem j\u00e1 est\u00e1 aqui e conhece nosso p\u00fablico\u201d, disse. Na sequ\u00eancia ainda sugeriu que Celso Portiolli apresente um dos quadros consagrados da emissora, o &#8220;Qual \u00c9 A M\u00fasica?&#8221;.<\/p>\n\n\n\n<p>Silvia ainda criticou a tend\u00eancia de cancelar atra\u00e7\u00f5es rapidamente, sem permitir que encontrem seu espa\u00e7o. \u201cNem tudo d\u00e1 certo de imediato. \u00c9 preciso paci\u00eancia e respeito pelo tempo do p\u00fablico\u201d, comentou.<\/p>\n\n\n\n<p>\u201cA gente precisa equilibrar o novo com o tradicional, sem esquecer da nossa base\u201d, concluiu.<\/p>","protected":false},"excerpt":{"rendered":"<p>As mudan\u00e7as recentes na programa\u00e7\u00e3o do SBT parece ter desagradado at\u00e9 mesmo membros da fam\u00edlia que controla a emissora. Silvia Abravanel concedeu entrevista \u00e0 Flavio Ricco, onde rasgou o verbo a respeito da gest\u00e3o de Daniela Beyruti, atual presidente do canal fundado por Silvio Santos. Silvia, que tamb\u00e9m diretora da emissora, fez quest\u00e3o de expressar [&hellip;]<\/p>\n","protected":false},"author":1,"featured_media":231221,"comment_status":"closed","ping_status":"closed","sticky":false,"template":"","format":"standard","meta":{"footnotes":""},"categories":[173],"tags":[403,2448],"class_list":["post-231220","post","type-post","status-publish","format-standard","has-post-thumbnail","hentry","category-celebridades","tag-sbt","tag-silvia-abravanel"],"_links":{"self":[{"href":"https:\/\/portalpopmais.com.br\/en\/wp-json\/wp\/v2\/posts\/231220","targetHints":{"allow":["GET"]}}],"collection":[{"href":"https:\/\/portalpopmais.com.br\/en\/wp-json\/wp\/v2\/posts"}],"about":[{"href":"https:\/\/portalpopmais.com.br\/en\/wp-json\/wp\/v2\/types\/post"}],"author":[{"embeddable":true,"href":"https:\/\/portalpopmais.com.br\/en\/wp-json\/wp\/v2\/users\/1"}],"replies":[{"embeddable":true,"href":"https:\/\/portalpopmais.com.br\/en\/wp-json\/wp\/v2\/comments?post=231220"}],"version-history":[{"count":0,"href":"https:\/\/portalpopmais.com.br\/en\/wp-json\/wp\/v2\/posts\/231220\/revisions"}],"wp:featuredmedia":[{"embeddable":true,"href":"https:\/\/portalpopmais.com.br\/en\/wp-json\/wp\/v2\/media\/231221"}],"wp:attachment":[{"href":"https:\/\/portalpopmais.com.br\/en\/wp-json\/wp\/v2\/media?parent=231220"}],"wp:term":[{"taxonomy":"category","embeddable":true,"href":"https:\/\/portalpopmais.com.br\/en\/wp-json\/wp\/v2\/categories?post=231220"},{"taxonomy":"post_tag","embeddable":true,"href":"https:\/\/portalpopmais.com.br\/en\/wp-json\/wp\/v2\/tags?post=231220"}],"curies":[{"name":"wp","href":"https:\/\/api.w.org\/{rel}","templated":true}]}}