{"id":231897,"date":"2025-05-14T08:52:08","date_gmt":"2025-05-14T11:52:08","guid":{"rendered":"https:\/\/portalpopmais.com.br\/?p=231897"},"modified":"2025-05-14T09:23:28","modified_gmt":"2025-05-14T12:23:28","slug":"oruam-show-dois-mortos","status":"publish","type":"post","link":"https:\/\/portalpopmais.com.br\/en\/oruam-show-dois-mortos\/","title":{"rendered":"Show do Oruam no Recife termina com 2 mortos e influenciador espancado; veja"},"content":{"rendered":"<p class=\"wp-block-paragraph\">O show do cantor <strong><a href=\"https:\/\/portalpopmais.com.br\/en\/trends\/oruam\/\" data-type=\"post_tag\" data-id=\"11331\">Oruam<\/a><\/strong>, realizado na madrugada de domingo (11\/5) em Olinda, Regi\u00e3o Metropolitana de Recife, terminou em trag\u00e9dia. Dois jovens, Jo\u00e3o Victor Nogueira da Silva, de 24 anos, e Dorival Francisco Luz Neto, de 21, foram mortos a tiros na sa\u00edda do evento.<\/p>\n\n\n\n<p class=\"wp-block-paragraph\">Segundo a PM, ambos foram baleados na cabe\u00e7a e, apesar de socorridos, n\u00e3o resistiram aos ferimentos. Testemunhas apontam que eles podem ter sido surpreendidos por assaltantes, e a Pol\u00edcia Civil investiga o caso como duplo homic\u00eddio.<\/p>\n\n\n\n<p class=\"wp-block-paragraph\">Al\u00e9m das mortes, o influenciador digital Marc\u00e3o, que tem mais de 1 milh\u00e3o de seguidores, foi espancado por um grupo de homens e sofreu ferimentos graves no rosto e na cabe\u00e7a. Ele relatou que desmaiou durante a agress\u00e3o e afirmou ter sobrevivido \u201cpor milagre\u201d. A pol\u00edcia ainda apura se os epis\u00f3dios t\u00eam rela\u00e7\u00e3o entre si. <\/p>\n\n\n\n<figure class=\"wp-block-embed is-type-rich is-provider-twitter wp-block-embed-twitter\"><div class=\"wp-block-embed__wrapper\">\n<blockquote class=\"twitter-tweet\" data-width=\"550\" data-dnt=\"true\"><p lang=\"pt\" dir=\"ltr\">Show de Oruam termina em tiros e banho de sangue com dois mortos. <a href=\"https:\/\/t.co\/o3GeuGbu4v\">pic.twitter.com\/o3GeuGbu4v<\/a><\/p>&mdash; Piuigiron (@virais_video) <a href=\"https:\/\/twitter.com\/virais_video\/status\/1922103829983617324?ref_src=twsrc%5Etfw\" target=\"_blank\" rel=\"noopener\">May 13, 2025<\/a><\/blockquote><script async src=\"https:\/\/platform.twitter.com\/widgets.js\" charset=\"utf-8\"><\/script>\n<\/div><\/figure>","protected":false},"excerpt":{"rendered":"<p>O show do cantor Oruam, realizado na madrugada de domingo (11\/5) em Olinda, Regi\u00e3o Metropolitana de Recife, terminou em trag\u00e9dia. Dois jovens, Jo\u00e3o Victor Nogueira da Silva, de 24 anos, e Dorival Francisco Luz Neto, de 21, foram mortos a tiros na sa\u00edda do evento. Segundo a PM, ambos foram baleados na cabe\u00e7a e, apesar [&hellip;]<\/p>\n","protected":false},"author":2,"featured_media":206552,"comment_status":"closed","ping_status":"closed","sticky":false,"template":"","format":"standard","meta":{"footnotes":""},"categories":[154],"tags":[11331],"class_list":["post-231897","post","type-post","status-publish","format-standard","has-post-thumbnail","hentry","category-musica","tag-oruam"],"_links":{"self":[{"href":"https:\/\/portalpopmais.com.br\/en\/wp-json\/wp\/v2\/posts\/231897","targetHints":{"allow":["GET"]}}],"collection":[{"href":"https:\/\/portalpopmais.com.br\/en\/wp-json\/wp\/v2\/posts"}],"about":[{"href":"https:\/\/portalpopmais.com.br\/en\/wp-json\/wp\/v2\/types\/post"}],"author":[{"embeddable":true,"href":"https:\/\/portalpopmais.com.br\/en\/wp-json\/wp\/v2\/users\/2"}],"replies":[{"embeddable":true,"href":"https:\/\/portalpopmais.com.br\/en\/wp-json\/wp\/v2\/comments?post=231897"}],"version-history":[{"count":0,"href":"https:\/\/portalpopmais.com.br\/en\/wp-json\/wp\/v2\/posts\/231897\/revisions"}],"wp:featuredmedia":[{"embeddable":true,"href":"https:\/\/portalpopmais.com.br\/en\/wp-json\/wp\/v2\/media\/206552"}],"wp:attachment":[{"href":"https:\/\/portalpopmais.com.br\/en\/wp-json\/wp\/v2\/media?parent=231897"}],"wp:term":[{"taxonomy":"category","embeddable":true,"href":"https:\/\/portalpopmais.com.br\/en\/wp-json\/wp\/v2\/categories?post=231897"},{"taxonomy":"post_tag","embeddable":true,"href":"https:\/\/portalpopmais.com.br\/en\/wp-json\/wp\/v2\/tags?post=231897"}],"curies":[{"name":"wp","href":"https:\/\/api.w.org\/{rel}","templated":true}]}}