{"id":232265,"date":"2025-05-20T20:16:54","date_gmt":"2025-05-20T23:16:54","guid":{"rendered":"https:\/\/portalpopmais.com.br\/?p=232265"},"modified":"2025-05-20T20:16:57","modified_gmt":"2025-05-20T23:16:57","slug":"padre-fabio-de-melo-fala-em-desistir-das-redes-apos-polemica-com-funcionario","status":"publish","type":"post","link":"https:\/\/portalpopmais.com.br\/en\/padre-fabio-de-melo-fala-em-desistir-das-redes-apos-polemica-com-funcionario\/","title":{"rendered":"Padre F\u00e1bio de Melo fala em desistir das redes ap\u00f3s pol\u00eamica com funcion\u00e1rio"},"content":{"rendered":"<p class=\"wp-block-paragraph\">O padre F\u00e1bio de Melo se pronunciou nesta ter\u00e7a-feira (20) sobre as cr\u00edticas que vem recebendo ap\u00f3s relatar um epis\u00f3dio em uma cafeteria em Joinville (SC).\u00a0Em uma publica\u00e7\u00e3o no Instagram, o religioso expressou sua exaust\u00e3o diante dos ataques virtuais e afirmou estar &#8220;a um passo de desistir&#8221;.<\/p>\n\n\n\n<p class=\"wp-block-paragraph\">No desabafo, F\u00e1bio de Melo, que j\u00e1 revelou publicamente enfrentar a depress\u00e3o, criticou o ambiente t\u00f3xico das redes sociais, classificando a internet como &#8220;a mais assertiva armadilha que o Diabo criou&#8221;.\u00a0Ele mencionou que os ataques s\u00e3o orquestrados por disputas pol\u00edticas e que, mesmo sem declarar posicionamento pol\u00edtico, \u00e9 julgado por ambos os lados.<\/p>\n\n\n\n<p class=\"wp-block-paragraph\">O caso ganhou repercuss\u00e3o ap\u00f3s o padre relatar ter sido tratado com grosseria por um gerente de cafeteria ao questionar a diferen\u00e7a de pre\u00e7o de um produto.\u00a0O gerente, Jair Aguiar, foi demitido ap\u00f3s o epis\u00f3dio, o que gerou cr\u00edticas ao padre.\u00a0Em entrevista ao UOL, Jair afirmou que apenas confirmou o valor do produto e ajustou a etiqueta que estava fora do lugar.Abalado, relatou crises de ansiedade e preocupa\u00e7\u00e3o com o futuro profissional.<\/p>\n\n\n\n<p class=\"wp-block-paragraph\">F\u00e1bio de Melo lamentou a demiss\u00e3o do gerente e afirmou que n\u00e3o esperava tal consequ\u00eancia ao relatar o epis\u00f3dio.\u00a0Ele refor\u00e7ou que o ocorrido foi distorcido e usado como muni\u00e7\u00e3o para cr\u00edticas, destacando que as pessoas preferem vers\u00f5es que alimentem o \u00f3dio.<\/p>\n\n\n\n<p class=\"wp-block-paragraph\">O padre encerrou sua mensagem alertando sobre os perigos do ambiente virtual e aconselhou seus seguidores a se protegerem das &#8220;novas vers\u00f5es de guerras&#8221; presentes nas redes sociais.<\/p>","protected":false},"excerpt":{"rendered":"<p>O padre F\u00e1bio de Melo se pronunciou nesta ter\u00e7a-feira (20) sobre as cr\u00edticas que vem recebendo ap\u00f3s relatar um epis\u00f3dio em uma cafeteria em Joinville (SC).\u00a0Em uma publica\u00e7\u00e3o no Instagram, o religioso expressou sua exaust\u00e3o diante dos ataques virtuais e afirmou estar &#8220;a um passo de desistir&#8221;. No desabafo, F\u00e1bio de Melo, que j\u00e1 revelou [&hellip;]<\/p>\n","protected":false},"author":2,"featured_media":232267,"comment_status":"closed","ping_status":"closed","sticky":false,"template":"","format":"standard","meta":{"footnotes":""},"categories":[2165],"tags":[17847,17744],"class_list":["post-232265","post","type-post","status-publish","format-standard","has-post-thumbnail","hentry","category-noticias","tag-pe-fabio-de-melo","tag-polemica"],"_links":{"self":[{"href":"https:\/\/portalpopmais.com.br\/en\/wp-json\/wp\/v2\/posts\/232265","targetHints":{"allow":["GET"]}}],"collection":[{"href":"https:\/\/portalpopmais.com.br\/en\/wp-json\/wp\/v2\/posts"}],"about":[{"href":"https:\/\/portalpopmais.com.br\/en\/wp-json\/wp\/v2\/types\/post"}],"author":[{"embeddable":true,"href":"https:\/\/portalpopmais.com.br\/en\/wp-json\/wp\/v2\/users\/2"}],"replies":[{"embeddable":true,"href":"https:\/\/portalpopmais.com.br\/en\/wp-json\/wp\/v2\/comments?post=232265"}],"version-history":[{"count":0,"href":"https:\/\/portalpopmais.com.br\/en\/wp-json\/wp\/v2\/posts\/232265\/revisions"}],"wp:featuredmedia":[{"embeddable":true,"href":"https:\/\/portalpopmais.com.br\/en\/wp-json\/wp\/v2\/media\/232267"}],"wp:attachment":[{"href":"https:\/\/portalpopmais.com.br\/en\/wp-json\/wp\/v2\/media?parent=232265"}],"wp:term":[{"taxonomy":"category","embeddable":true,"href":"https:\/\/portalpopmais.com.br\/en\/wp-json\/wp\/v2\/categories?post=232265"},{"taxonomy":"post_tag","embeddable":true,"href":"https:\/\/portalpopmais.com.br\/en\/wp-json\/wp\/v2\/tags?post=232265"}],"curies":[{"name":"wp","href":"https:\/\/api.w.org\/{rel}","templated":true}]}}