{"id":232268,"date":"2025-05-20T18:40:00","date_gmt":"2025-05-20T21:40:00","guid":{"rendered":"https:\/\/portalpopmais.com.br\/?p=232268"},"modified":"2025-05-20T20:36:43","modified_gmt":"2025-05-20T23:36:43","slug":"duda-nagle-barrado-academia","status":"publish","type":"post","link":"https:\/\/portalpopmais.com.br\/en\/duda-nagle-barrado-academia\/","title":{"rendered":"Duda Nagle \u00e9 barrado em academia ap\u00f3s luta com Pop\u00f3: &#8220;Nem a catraca me reconhece&#8221;"},"content":{"rendered":"<p>Tr\u00eas dias ap\u00f3s lutar contra Pop\u00f3 Freitas, Duda Nagle ainda percebe os efeitos de sua estreia no boxe. O ator revelou, nesta ter\u00e7a-feira (20), que n\u00e3o conseguiu acessar a academia onde treina porque o sistema de reconhecimento facial n\u00e3o reconheceu seu rosto, que ainda est\u00e1 inchado e com o nariz fraturado.<\/p>\n\n\n\n<p>&#8220;Nem a catraca da academia me reconhece. Recebo \u2018acesso negado\u2019. Logo ap\u00f3s a luta, nem mesmo o celular consegui desbloquear&#8221;, disse ele.<\/p>\n\n\n\n<p>Duda lutou contra Pop\u00f3 no \u00faltimo s\u00e1bado (17), em S\u00e3o Paulo, durante o Fight Music Show. Apesar de perder por decis\u00e3o un\u00e2nime, o ator se manteve em p\u00e9 at\u00e9 o final da luta, mesmo depois de ter ca\u00eddo cinco vezes.<\/p>\n\n\n\n<p>Na segunda-feira (19), ele explicou os efeitos f\u00edsicos da luta: est\u00e1 com o nariz fraturado, mas n\u00e3o desviado, sente fortes dores ao mastigar e engolir, tem hematomas na orelha, al\u00e9m de dores no pesco\u00e7o e na cabe\u00e7a.<\/p>\n\n\n\n<p>De acordo com Duda, um dos momentos mais dif\u00edceis foi quando ele n\u00e3o conseguiu mais manter o protetor bucal devido \u00e0 dor. &#8220;Abrir a boca \u00e9 mais complicado do que fech\u00e1-la&#8221;, comentou.<\/p>","protected":false},"excerpt":{"rendered":"<p>Tr\u00eas dias ap\u00f3s lutar contra Pop\u00f3 Freitas, Duda Nagle ainda percebe os efeitos de sua estreia no boxe. O ator revelou, nesta ter\u00e7a-feira (20), que n\u00e3o conseguiu acessar a academia onde treina porque o sistema de reconhecimento facial n\u00e3o reconheceu seu rosto, que ainda est\u00e1 inchado e com o nariz fraturado. &#8220;Nem a catraca da [&hellip;]<\/p>\n","protected":false},"author":2,"featured_media":232269,"comment_status":"closed","ping_status":"closed","sticky":false,"template":"","format":"standard","meta":{"footnotes":""},"categories":[173],"tags":[11398],"class_list":["post-232268","post","type-post","status-publish","format-standard","has-post-thumbnail","hentry","category-celebridades","tag-duda-nagle"],"_links":{"self":[{"href":"https:\/\/portalpopmais.com.br\/en\/wp-json\/wp\/v2\/posts\/232268","targetHints":{"allow":["GET"]}}],"collection":[{"href":"https:\/\/portalpopmais.com.br\/en\/wp-json\/wp\/v2\/posts"}],"about":[{"href":"https:\/\/portalpopmais.com.br\/en\/wp-json\/wp\/v2\/types\/post"}],"author":[{"embeddable":true,"href":"https:\/\/portalpopmais.com.br\/en\/wp-json\/wp\/v2\/users\/2"}],"replies":[{"embeddable":true,"href":"https:\/\/portalpopmais.com.br\/en\/wp-json\/wp\/v2\/comments?post=232268"}],"version-history":[{"count":0,"href":"https:\/\/portalpopmais.com.br\/en\/wp-json\/wp\/v2\/posts\/232268\/revisions"}],"wp:featuredmedia":[{"embeddable":true,"href":"https:\/\/portalpopmais.com.br\/en\/wp-json\/wp\/v2\/media\/232269"}],"wp:attachment":[{"href":"https:\/\/portalpopmais.com.br\/en\/wp-json\/wp\/v2\/media?parent=232268"}],"wp:term":[{"taxonomy":"category","embeddable":true,"href":"https:\/\/portalpopmais.com.br\/en\/wp-json\/wp\/v2\/categories?post=232268"},{"taxonomy":"post_tag","embeddable":true,"href":"https:\/\/portalpopmais.com.br\/en\/wp-json\/wp\/v2\/tags?post=232268"}],"curies":[{"name":"wp","href":"https:\/\/api.w.org\/{rel}","templated":true}]}}