{"id":232783,"date":"2025-05-30T07:23:21","date_gmt":"2025-05-30T10:23:21","guid":{"rendered":"https:\/\/portalpopmais.com.br\/?p=232783"},"modified":"2025-05-31T09:31:02","modified_gmt":"2025-05-31T12:31:02","slug":"lancamentos-musicais-30-de-maio-de-2025","status":"publish","type":"post","link":"https:\/\/portalpopmais.com.br\/en\/lancamentos-musicais-30-de-maio-de-2025\/","title":{"rendered":"Lan\u00e7amentos da semana: Miley Cyrus, Z\u00e9 Felipe, Xam\u00e3, Lorde e mais!"},"content":{"rendered":"\n<p>A \u00faltima sexta-feira de maio chegou com uma lista de <strong><a href=\"https:\/\/portalpopmais.com.br\/noticias\/lancamentos\/\" data-type=\"category\" data-id=\"2164\">lan\u00e7amentos<\/a><\/strong> recheada! Nosso destaque por aqui vai para o nono \u00e1lbum de est\u00fadio de Miley Cyrus, que apresenta uma faceta roqueira da cantora. Tem ainda o novo \u00e1lbum do <a href=\"http:\/\/ikarus.mus.br\" target=\"_blank\" rel=\"noopener\">Xam\u00e3<\/a>, Papatinho, novo single da Lorde, Tate McRae, Z\u00e9 Felipe e muito mais! Acompanhe na lista.<\/p>\n\n\n\n<h3 class=\"wp-block-heading\">Miley Cyrus<\/h3>\n\n\n\n<p>\u201cSomething Beautiful&#8221; \u00e9 o nono \u00e1lbum de est\u00fadio de Miley Cyrus. O disco pretende se afastar do cen\u00e1rio pop que orientou seu \u00e1lbum anterior, &#8220;Endless Summer Vacation&#8221; , para ir em dire\u00e7\u00e3o a um som mais rock e hipn\u00f3tico, semelhante \u00e0 inspira\u00e7\u00e3o que ela pretende seguir; com a narrativa parecendo ser a reconcilia\u00e7\u00e3o do tempo perdido e a reconstru\u00e7\u00e3o no agora.<\/p>\n\n\n\n<figure class=\"wp-block-embed is-type-rich is-provider-spotify wp-block-embed-spotify wp-embed-aspect-21-9 wp-has-aspect-ratio\"><div class=\"wp-block-embed__wrapper\">\n<iframe title=\"Spotify Embed: Something Beautiful\" style=\"border-radius: 12px\" width=\"100%\" height=\"352\" frameborder=\"0\" allowfullscreen allow=\"autoplay; clipboard-write; encrypted-media; fullscreen; picture-in-picture\" loading=\"lazy\" src=\"https:\/\/open.spotify.com\/embed\/album\/7h7smPzBYx8LOLI3ncM3vQ?utm_source=oembed\"><\/iframe>\n<\/div><\/figure>\n\n\n\n<h3 class=\"wp-block-heading\">Ana Castela<\/h3>\n\n\n\n<p>Ana Castela lan\u00e7ou seu novo \u00e1lbum, \u201cLet\u2019s Go Rodeo\u201d, com nove faixas in\u00e9ditas. Apesar de 100% cantado em portugu\u00eas, o projeto mergulha de cabe\u00e7a na sonoridade do country norte-americano, misturando o sertanejo com elementos t\u00edpicos do g\u00eanero. Um dos destaques do \u00e1lbum \u00e9 \u201cTropa do Chapel\u00e3o\u201d, parceria com Diplo, um dos produtores mais influentes da m\u00fasica pop e eletr\u00f4nica mundial.<\/p>\n\n\n\n<figure class=\"wp-block-embed is-type-rich is-provider-spotify wp-block-embed-spotify wp-embed-aspect-21-9 wp-has-aspect-ratio\"><div class=\"wp-block-embed__wrapper\">\n<iframe title=\"Spotify Embed: Let&amp;apos;s Go Rodeo\" style=\"border-radius: 12px\" width=\"100%\" height=\"352\" frameborder=\"0\" allowfullscreen allow=\"autoplay; clipboard-write; encrypted-media; fullscreen; picture-in-picture\" loading=\"lazy\" src=\"https:\/\/open.spotify.com\/embed\/album\/4NqeEHz29Ime2EZV8AUHkh?utm_source=oembed\"><\/iframe>\n<\/div><\/figure>\n\n\n\n<h3 class=\"wp-block-heading\">Xam\u00e3<\/h3>\n\n\n\n<p>Xam\u00e3 lan\u00e7ou, nesta quinta-feira (29), seu quarto \u00e1lbum de est\u00fadio. Intitulado &#8220;Fragmentado&#8221;, o compilado \u00e9 um projeto ambicioso que re\u00fane em 25 faixas tradi\u00e7\u00e3o, inova\u00e7\u00e3o e identidade em um retrato complexo e sens\u00edvel do artista.<\/p>\n\n\n\n<figure class=\"wp-block-embed is-type-rich is-provider-spotify wp-block-embed-spotify wp-embed-aspect-21-9 wp-has-aspect-ratio\"><div class=\"wp-block-embed__wrapper\">\n<iframe title=\"Spotify Embed: FRAGMENTADO\" style=\"border-radius: 12px\" width=\"100%\" height=\"352\" frameborder=\"0\" allowfullscreen allow=\"autoplay; clipboard-write; encrypted-media; fullscreen; picture-in-picture\" loading=\"lazy\" src=\"https:\/\/open.spotify.com\/embed\/album\/00EpdnJTbeKfWrc7FI7Q2H?utm_source=oembed\"><\/iframe>\n<\/div><\/figure>\n\n\n\n<h3 class=\"wp-block-heading\">Matheus e Kauan<\/h3>\n\n\n\n<p>Primeiro \u00e1lbum da carreira da dupla. Foi apresentado pela primeira vez em 2011 mas s\u00f3 foi lan\u00e7ado oficialmente agora em 2025. Participa\u00e7\u00f5es de Gusttavo Lima, Humberto e Ronaldo, Guilherme &amp; Santiago e Luiz Claudio. Conta com 16 faixas, incluindo a \u201cSete Mares\u201d, escrita tanto por Matheus quanto por Kauan, em homenagem ao pai, que faleceu em decorr\u00eancia de um canc\u00ear quando ainda eram crian\u00e7as.<\/p>\n\n\n\n<figure class=\"wp-block-embed is-type-rich is-provider-spotify wp-block-embed-spotify wp-embed-aspect-21-9 wp-has-aspect-ratio\"><div class=\"wp-block-embed__wrapper\">\n<iframe title=\"Spotify Embed: Paraquedas\" style=\"border-radius: 12px\" width=\"100%\" height=\"352\" frameborder=\"0\" allowfullscreen allow=\"autoplay; clipboard-write; encrypted-media; fullscreen; picture-in-picture\" loading=\"lazy\" src=\"https:\/\/open.spotify.com\/embed\/album\/14rSnt2xaIXVqRdB1rJj4X?utm_source=oembed\"><\/iframe>\n<\/div><\/figure>\n\n\n\n<h3 class=\"wp-block-heading\">Hodari<\/h3>\n\n\n\n<p>O cantor, compositor e produtor musical Hodari lan\u00e7a nesta quinta-feira, 29 de maio, \u00e0s 21h, o segundo \u00e1lbum de sua carreira, intitulado &#8220;IRADOH!&#8221;. O projeto chega \u00e0s plataformas digitais pela Som Livre e re\u00fane faixas que refletem diferentes momentos vividos pelo artista ao longo da carreira \u2014 desde mudan\u00e7as de cidade, entrada no meio musical, participa\u00e7\u00e3o no Latin Grammy de 2013, at\u00e9 o agora, com novas colabora\u00e7\u00f5es, experimenta\u00e7\u00f5es e viv\u00eancias que mostram quem \u00e9 o Hodari hoje<\/p>\n\n\n\n<figure class=\"wp-block-embed is-type-rich is-provider-spotify wp-block-embed-spotify wp-embed-aspect-21-9 wp-has-aspect-ratio\"><div class=\"wp-block-embed__wrapper\">\n<iframe title=\"Spotify Embed: IRADOH\" style=\"border-radius: 12px\" width=\"100%\" height=\"352\" frameborder=\"0\" allowfullscreen allow=\"autoplay; clipboard-write; encrypted-media; fullscreen; picture-in-picture\" loading=\"lazy\" src=\"https:\/\/open.spotify.com\/embed\/album\/4WgX6CsBHsZ8D3QzQEYFdS?utm_source=oembed\"><\/iframe>\n<\/div><\/figure>\n\n\n\n<h3 class=\"wp-block-heading\">Grupo Benzadeus, Milthinho &#8211; Papel de Ot\u00e1rio<\/h3>\n\n\n\n<p>No dia 30 de maio, o Grupo Benzadeus lan\u00e7a seu novo single &#8220;Papel de Ot\u00e1rio&#8221;, uma colabora\u00e7\u00e3o in\u00e9dita com o cantor paulistano Milthinho, nome em ascens\u00e3o no pagode nacional. A m\u00fasica une o frescor e irrever\u00eancia caracter\u00edsticos do Benza com o carisma e a musicalidade marcante de Milthinho, que participou recentemente do projeto Amplifika do Spotify \u2014 iniciativa da qual o grupo tamb\u00e9m fez parte em anos anteriores.<\/p>\n\n\n\n<h3 class=\"wp-block-heading\">Di Souza<\/h3>\n\n\n\n<p>A can\u00e7\u00e3o \u201cPipoca e Sandu\u00edche\u201d se destaca no \u00e1lbum \u201cBoletim Vermelho\u201d. Com uma banda mais madura e a participa\u00e7\u00e3o especial de Samuel Rosa, refer\u00eancia m\u00e1xima da m\u00fasica mineira, a faixa imprime uma nova sonoridade e reafirma o lugar de Di Souza na cena musical de Minas Gerais. Mantendo o lirismo l\u00fadico, o humor afiado e o tom rom\u00e2ntico caracter\u00edsticos de sua obra, Di Souza atualiza sua sonoridade sem perder sua ess\u00eancia. A can\u00e7\u00e3o preserva elementos do seu primeiro \u00e1lbum, mas se fortalece com uma roupagem mais s\u00f3lida e um di\u00e1logo com o rock mineiro. \u201cPipoca e Sandu\u00edche\u201d simboliza o amadurecimento art\u00edstico do cantor e compositor, celebrando dez anos do in\u00edcio de sua trajet\u00f3ria, marcada pelo disco de estreia &#8220;N\u00e3o Devo Nada pra Ningu\u00e9m&#8221; (2015).<\/p>\n\n\n\n<figure class=\"wp-block-embed is-type-video is-provider-youtube wp-block-embed-youtube wp-embed-aspect-4-3 wp-has-aspect-ratio\"><div class=\"wp-block-embed__wrapper\">\n<iframe loading=\"lazy\" title=\"Pipoca e Sandu\u00edche\" width=\"880\" height=\"660\" src=\"https:\/\/www.youtube.com\/embed\/fx2LQJRmIVs?feature=oembed\" frameborder=\"0\" allow=\"accelerometer; autoplay; clipboard-write; encrypted-media; gyroscope; picture-in-picture; web-share\" referrerpolicy=\"strict-origin-when-cross-origin\" allowfullscreen><\/iframe>\n<\/div><\/figure>\n\n\n\n<h3 class=\"wp-block-heading\">Duda Modesto<\/h3>\n\n\n\n<p>\u201cEsparramar\u201d \u00e9 o novo single da cantora acreana Duda Modesto. A faixa mistura pop nacional, indie pop e influ\u00eancias eletr\u00f4nicas em uma constru\u00e7\u00e3o sonora que cresce progressivamente at\u00e9 explodir em um refr\u00e3o dan\u00e7ante e memor\u00e1vel. A produ\u00e7\u00e3o musical equilibra grooves envolventes, sintetizadores inspirados em Daft Punk e a vibe pop contempor\u00e2nea de artistas como Dua Lipa e Marina Sena. A letra, composta por Duda, fala sobre autodescoberta, resili\u00eancia e liberta\u00e7\u00e3o ap\u00f3s o fim de um ciclo, transmitindo uma sensa\u00e7\u00e3o de liberdade ao se jogar no desconhecido.<\/p>\n\n\n\n<figure class=\"wp-block-embed is-type-video is-provider-youtube wp-block-embed-youtube wp-embed-aspect-16-9 wp-has-aspect-ratio\"><div class=\"wp-block-embed__wrapper\">\n<iframe loading=\"lazy\" title=\"Esparramar - Duda Modesto (Lyric video)\" width=\"880\" height=\"495\" src=\"https:\/\/www.youtube.com\/embed\/h1gvlgi2teM?feature=oembed\" frameborder=\"0\" allow=\"accelerometer; autoplay; clipboard-write; encrypted-media; gyroscope; picture-in-picture; web-share\" referrerpolicy=\"strict-origin-when-cross-origin\" allowfullscreen><\/iframe>\n<\/div><\/figure>\n\n\n\n<h3 class=\"wp-block-heading\">Rashid e Projota<\/h3>\n\n\n\n<p>Hoje, o rap brasileiro presencia um reencontro carregado de mem\u00f3rias, afeto e ra\u00edzes. Rashid convida Projota para o remix de \u201cDepois do Depois\u201d, m\u00fasica originalmente escrita por Rashid para o amigo de inf\u00e2ncia e lan\u00e7ada em seu \u00e1lbum PORTAL (2024), com participa\u00e7\u00e3o de Lenine. A parceria celebra um elo antigo, nascido no bairro do Lauzane Paulista \u2013 na Zona Norte de S\u00e3o Paulo \u2013 quando os dois ainda eram crian\u00e7as, sonhando com microfones e palcos. Agora, na nova vers\u00e3o, a hist\u00f3ria de mais de 20 anos de amizade \u00e9 relembrada e celebrada pelos mesmos, com versos in\u00e9ditos de Projota.<\/p>\n\n\n\n<figure class=\"wp-block-embed is-type-video is-provider-youtube wp-block-embed-youtube wp-embed-aspect-16-9 wp-has-aspect-ratio\"><div class=\"wp-block-embed__wrapper\">\n<iframe loading=\"lazy\" title=\"DEPOIS DO DEPOIS RMX | RASHID, LENINE &amp; PROJOTA [VIDEOCLIPE OFICIAL]\" width=\"880\" height=\"495\" src=\"https:\/\/www.youtube.com\/embed\/Tnzb-yNQu9I?feature=oembed\" frameborder=\"0\" allow=\"accelerometer; autoplay; clipboard-write; encrypted-media; gyroscope; picture-in-picture; web-share\" referrerpolicy=\"strict-origin-when-cross-origin\" allowfullscreen><\/iframe>\n<\/div><\/figure>\n\n\n\n<h3 class=\"wp-block-heading\">SOMOS &#8211; MINI MIXTAPE Vol.1<\/h3>\n\n\n\n<p>Acaba de chegar \u00e0s plataformas digitais a MINI MIXTAPE Vol.1, um projeto autoral e colaborativo do selo SOMOS. Idealizado por Doncesao junto aos s\u00f3cios Igor Morais e Vitonez, e encabe\u00e7ado pelos produtores \u00c1vila Beatz e Agostinhx, o projeto re\u00fane seis faixas que nasceram de encontros espont\u00e2neos e sess\u00f5es criativas nos est\u00fadios SOMOS. Entre os destaques do lan\u00e7amento est\u00e1 a faixa foco \u201cPELEGRINO\u201d, que re\u00fane o poder l\u00edrico de Raffa Moreira &#8211; e DevilGreen, dois dos nomes mais influentes do trap nacional. Al\u00e9m dos artistas, a MINI MIXTAPE Vol.1 conta com participa\u00e7\u00f5es de TheJovemJota, Gzyn, Anj0 005, NandaTsunami, O77IVER, Carte e Thi. Todas as faixas ganharam clipe exclusivo no canal do YouTube do selo.<\/p>\n\n\n\n<figure class=\"wp-block-embed is-type-video is-provider-youtube wp-block-embed-youtube wp-embed-aspect-16-9 wp-has-aspect-ratio\"><div class=\"wp-block-embed__wrapper\">\n<iframe loading=\"lazy\" title=\"2. DEVIL GREEN, BC RAFF - PELEGRINO\" width=\"880\" height=\"495\" src=\"https:\/\/www.youtube.com\/embed\/902szu3iyKI?feature=oembed\" frameborder=\"0\" allow=\"accelerometer; autoplay; clipboard-write; encrypted-media; gyroscope; picture-in-picture; web-share\" referrerpolicy=\"strict-origin-when-cross-origin\" allowfullscreen><\/iframe>\n<\/div><\/figure>\n\n\n\n<h3 class=\"wp-block-heading\">1Kilo<\/h3>\n\n\n\n<p>Depois de seu primeiro lan\u00e7amento de 2025 na \u00faltima semana \u2014 \u201cBando\u201d \u2014 a 1Kilo libera nesta sexta-feira (30) um novo EP, \u201c<a href=\"https:\/\/open.spotify.com\/intl-pt\/album\/1GZPzZKe37xeQqxi1gXASH\" target=\"_blank\" rel=\"noopener\">Modo Avi\u00e3o<\/a>\u201d, dispon\u00edvel em todas as plataformas de streaming. Com influ\u00eancias marcantes de afrobeat, dancehall, reggaeton e a est\u00e9tica atual do trap e rap, o grupo carioca explora novos caminhos sonoros neste trabalho, sem abrir m\u00e3o da sua autenticidade.<\/p>\n\n\n\n<figure class=\"wp-block-embed is-type-rich is-provider-spotify wp-block-embed-spotify wp-embed-aspect-21-9 wp-has-aspect-ratio\"><div class=\"wp-block-embed__wrapper\">\n<iframe title=\"Spotify Embed: Modo Avi\u00e3o\" style=\"border-radius: 12px\" width=\"100%\" height=\"352\" frameborder=\"0\" allowfullscreen allow=\"autoplay; clipboard-write; encrypted-media; fullscreen; picture-in-picture\" loading=\"lazy\" src=\"https:\/\/open.spotify.com\/embed\/album\/1GZPzZKe37xeQqxi1gXASH?utm_source=oembed\"><\/iframe>\n<\/div><\/figure>\n\n\n\n<h3 class=\"wp-block-heading\">KING Saints<\/h3>\n\n\n\n<p>A braba voltou com ainda mais for\u00e7a! Ap\u00f3s o impacto de seu \u00e1lbum de estreia, KING Saints lan\u00e7a no dia 30 de maio a vers\u00e3o deluxe de &#8220;Se Eu Fosse Uma Garota Branca (mas n\u00e3o sou)&#8221;, com 5 faixas extras que aprofundam ainda mais sua cr\u00edtica social com deboche, melodia e acidez. As novidades incluem duas novas vers\u00f5es da faixa-t\u00edtulo, uma nova vers\u00e3o de &#8220;Passa Essa Grana&#8221; com participa\u00e7\u00e3o de Monna Brutal, e quatro feats in\u00e9ditos que colocam o underground em evid\u00eancia, como Xammy, Shury e Tonny Hyung, al\u00e9m da nova m\u00fasica de trabalho: &#8220;S\u00f3 uma m\u00fasica triste&#8221;.<\/p>\n\n\n\n<figure class=\"wp-block-embed is-type-rich is-provider-spotify wp-block-embed-spotify wp-embed-aspect-21-9 wp-has-aspect-ratio\"><div class=\"wp-block-embed__wrapper\">\n<iframe title=\"Spotify Embed: SE EU FOSSE UMA GAROTA BRANCA (mas n\u00e3o sou)\" style=\"border-radius: 12px\" width=\"100%\" height=\"352\" frameborder=\"0\" allowfullscreen allow=\"autoplay; clipboard-write; encrypted-media; fullscreen; picture-in-picture\" loading=\"lazy\" src=\"https:\/\/open.spotify.com\/embed\/album\/3Q0rxmIGzhpjC6Qos2COFx?utm_source=oembed\"><\/iframe>\n<\/div><\/figure>\n\n\n\n<h3 class=\"wp-block-heading\">Bruno Gadiol<\/h3>\n\n\n\n<p>Um dos talentos da nova gera\u00e7\u00e3o da m\u00fasica pop brasileira, Bruno Gadiol lan\u00e7a o novo single &#8220;Na Minha Mente&#8221; nesta quinta-feira (29). A faixa faz parte de seu pr\u00f3ximo \u00e1lbum &#8220;G\u00eameos em G\u00eameos&#8221; e j\u00e1 chega acompanhada de um videoclipe coreografado e imersivo, dirigido pelo pr\u00f3prio artista em parceria com o amigo e co-diretor Luke Vidal. A m\u00fasica, que flerta com o afrobeat e evoca uma atmosfera sensual, marca mais um passo importante na constru\u00e7\u00e3o da identidade sonora e visual do cantor, que mergulha em emo\u00e7\u00f5es intensas e fantasias n\u00e3o realizadas.<\/p>\n\n\n\n<figure class=\"wp-block-embed is-type-video is-provider-youtube wp-block-embed-youtube wp-embed-aspect-16-9 wp-has-aspect-ratio\"><div class=\"wp-block-embed__wrapper\">\n<iframe loading=\"lazy\" title=\"Bruno Gadiol - na minha mente (Videoclipe Oficial)\" width=\"880\" height=\"495\" src=\"https:\/\/www.youtube.com\/embed\/LFJNdX1NZm4?feature=oembed\" frameborder=\"0\" allow=\"accelerometer; autoplay; clipboard-write; encrypted-media; gyroscope; picture-in-picture; web-share\" referrerpolicy=\"strict-origin-when-cross-origin\" allowfullscreen><\/iframe>\n<\/div><\/figure>\n\n\n\n<h3 class=\"wp-block-heading\">Izzy<\/h3>\n\n\n\n<p>Izzy La Reina chega quente, como sempre! Depois de entregar pro p\u00fablico a faixa \u201cMojadita\u201d chega a hora de todo mundo conhecer o primeiro ato do seu projeto de 2025. Esse ano ela vai lan\u00e7ar um projeto dividido em tr\u00eas atos. Como sempre, uma hist\u00f3ria pensada do in\u00edcio ao fim para conduzir o ouvinte e espectador numa experi\u00eancia que Izzy viveu na pele e tem pra contar.<\/p>\n\n\n\n<figure class=\"wp-block-embed is-type-rich is-provider-spotify wp-block-embed-spotify wp-embed-aspect-21-9 wp-has-aspect-ratio\"><div class=\"wp-block-embed__wrapper\">\n<iframe title=\"Spotify Embed: Verano Infinito, Act I\" style=\"border-radius: 12px\" width=\"100%\" height=\"352\" frameborder=\"0\" allowfullscreen allow=\"autoplay; clipboard-write; encrypted-media; fullscreen; picture-in-picture\" loading=\"lazy\" src=\"https:\/\/open.spotify.com\/embed\/album\/6ahUgAHn1EzwwFNjTUVgNH?utm_source=oembed\"><\/iframe>\n<\/div><\/figure>\n\n\n\n<h3 class=\"wp-block-heading\">Lucas Pretti<\/h3>\n\n\n\n<p>No dia em que celebra mais um anivers\u00e1rio, o cantor Lucas Pretti lan\u00e7a a faixa &#8216;Safado&#8217;, o terceiro single que far\u00e1 parte de seu primeiro disco de est\u00fadio, a ser lan\u00e7ado ainda este ano. Com participa\u00e7\u00e3o do DJ Gabriel do Borel, a m\u00fasica traz um funk pop irreverente que promete sacudir os f\u00e3s do artista que se entrega ao g\u00eanero pela primeira vez.<\/p>\n\n\n\n<figure class=\"wp-block-embed is-type-video is-provider-youtube wp-block-embed-youtube wp-embed-aspect-4-3 wp-has-aspect-ratio\"><div class=\"wp-block-embed__wrapper\">\n<iframe loading=\"lazy\" title=\"Lucas Pretti e DJ Gabriel do Borel - Safado (Clipe Oficial)\" width=\"880\" height=\"660\" src=\"https:\/\/www.youtube.com\/embed\/N02uCdDzXBs?feature=oembed\" frameborder=\"0\" allow=\"accelerometer; autoplay; clipboard-write; encrypted-media; gyroscope; picture-in-picture; web-share\" referrerpolicy=\"strict-origin-when-cross-origin\" allowfullscreen><\/iframe>\n<\/div><\/figure>\n\n\n\n<h3 class=\"wp-block-heading\">L\u00fctt\u00f8<\/h3>\n\n\n\n<p>Em uma mistura intensa de Alt Rock, indie e cr\u00edtica social, o cantor e compositor L\u00fctt\u00f8 apresenta seu novo single, &#8220;Dopamina&#8221;, nesta quinta-feira (29), acompanhado de um lyric video que chega ao YouTube do artista a partir do meio-dia, na mesma data. A can\u00e7\u00e3o traz um olhar \u00e1cido e contempor\u00e2neo sobre a era da hiperexposi\u00e7\u00e3o, em que o v\u00edcio por bem-estar e dopamina virou estilo de vida \u2014 e armadilha. Inspirado por cl\u00e1ssicos como &#8220;At\u00e9 Quando Esperar&#8221;, da Plebe Rude, mas filtrado pelas influ\u00eancias de nomes como Day Limns, Supercombo, Billie Eilish e Linkin Park, L\u00fctt\u00f8 entrega uma faixa potente e reflexiva.<\/p>\n\n\n\n<figure class=\"wp-block-embed is-type-video is-provider-youtube wp-block-embed-youtube wp-embed-aspect-16-9 wp-has-aspect-ratio\"><div class=\"wp-block-embed__wrapper\">\n<iframe loading=\"lazy\" title=\"Pris - &quot;Compassion&quot; (Official Music Video)\" width=\"880\" height=\"495\" src=\"https:\/\/www.youtube.com\/embed\/Hv3EwMwwJfc?feature=oembed\" frameborder=\"0\" allow=\"accelerometer; autoplay; clipboard-write; encrypted-media; gyroscope; picture-in-picture; web-share\" referrerpolicy=\"strict-origin-when-cross-origin\" allowfullscreen><\/iframe>\n<\/div><\/figure>\n\n\n\n<h3 class=\"wp-block-heading\">LyricFlow81<\/h3>\n\n\n\n<p>A m\u00fasica &#8220;Samba do Mar&#8221; de LyricFlow81 \u00e9 uma composi\u00e7\u00e3o instrumental que combina elementos de samba brasileiro com influ\u00eancias de jazz e m\u00fasica latina. A faixa apresenta uma fus\u00e3o de ritmos contagiantes e melodias envolventes, criando uma atmosfera vibrante e energ\u00e9tica. A instrumenta\u00e7\u00e3o inclui percuss\u00e3o animada, linhas de baixo pulsantes e solos expressivos de instrumentos de sopro, transportando o ouvinte para um cen\u00e1rio tropical e festivo. A m\u00fasica \u00e9 uma celebra\u00e7\u00e3o da cultura brasileira e da alegria transmitida pelo samba, convidando todos a se entregarem ao ritmo e \u00e0 dan\u00e7a. Sua energia contagiante e arranjos sofisticados fazem dela uma escolha popular para eventos e playlists que buscam transmitir uma sensa\u00e7\u00e3o de celebra\u00e7\u00e3o e uni\u00e3o.<\/p>\n\n\n\n<figure class=\"wp-block-embed is-type-video is-provider-youtube wp-block-embed-youtube wp-embed-aspect-4-3 wp-has-aspect-ratio\"><div class=\"wp-block-embed__wrapper\">\n<iframe loading=\"lazy\" title=\"Samba Do Mar\" width=\"880\" height=\"660\" src=\"https:\/\/www.youtube.com\/embed\/D2FJOyCDOSI?feature=oembed\" frameborder=\"0\" allow=\"accelerometer; autoplay; clipboard-write; encrypted-media; gyroscope; picture-in-picture; web-share\" referrerpolicy=\"strict-origin-when-cross-origin\" allowfullscreen><\/iframe>\n<\/div><\/figure>\n\n\n\n<h3 class=\"wp-block-heading\">PRIS<\/h3>\n\n\n\n<p>Antes que maio acabe, a cantora e compositora paulistana Pris apresenta, nesta sexta-feira (30), o clipe de seu mais recente lan\u00e7amento, a faixa &#8220;Compassion&#8221;. Misturando o lirismo suave do jazz com a urg\u00eancia e a cad\u00eancia do rap, o single representa um encerramento simb\u00f3lico do \u00e1lbum &#8220;Multidimensional&#8221;, conectando os extremos da jornada emocional da artista com sensibilidade e maturidade. Com forte inspira\u00e7\u00e3o nos clubes de jazz intimistas, &#8220;Compassion&#8221; mergulha o ouvinte em um universo sonoro onde &#8220;a vulnerabilidade e a for\u00e7a coexistem&#8221;, como define Pris.<\/p>\n\n\n\n<figure class=\"wp-block-embed is-type-video is-provider-youtube wp-block-embed-youtube wp-embed-aspect-16-9 wp-has-aspect-ratio\"><div class=\"wp-block-embed__wrapper\">\n<iframe loading=\"lazy\" title=\"Pris - &quot;Compassion&quot; (Official Music Video)\" width=\"880\" height=\"495\" src=\"https:\/\/www.youtube.com\/embed\/Hv3EwMwwJfc?feature=oembed\" frameborder=\"0\" allow=\"accelerometer; autoplay; clipboard-write; encrypted-media; gyroscope; picture-in-picture; web-share\" referrerpolicy=\"strict-origin-when-cross-origin\" allowfullscreen><\/iframe>\n<\/div><\/figure>\n\n\n\n<h2 class=\"wp-block-heading\">Mais lan\u00e7amentos<\/h2>\n\n\n\n<p>Pedro Sampaio e J Balvin &#8211; <a href=\"https:\/\/ikarus.mus.br\/letras\/perversa-2\/\" target=\"_blank\" rel=\"noopener\">Perversa<\/a><br>Z\u00e9 Felipe &#8211; <a href=\"https:\/\/ikarus.mus.br\/letras\/linha-de-frente\/\" target=\"_blank\" rel=\"noopener\">Linha de Frente<\/a><br>Lagum &#8211; <a href=\"https:\/\/ikarus.mus.br\/albuns\/as-cores-as-curvas-e-as-dores-do-mundo\/\" target=\"_blank\" rel=\"noopener\">As Cores, As Curvas e As Dores do Mundo<\/a><br>MC Marks &#8211; <a href=\"https:\/\/lnk.to\/AsNotas\" target=\"_blank\" rel=\"noopener\">As Notas<\/a><br>Lorde &#8211; <a href=\"https:\/\/portalpopmais.com.br\/letra-e-traducao-man-of-the-year-lorde\/\">Man Of The Year<\/a><br>Jo\u00e3o Gomes &#8211; <a href=\"https:\/\/open.spotify.com\/intl-pt\/album\/3PcjojX19kGDLnMi1ZqduP\" target=\"_blank\" rel=\"noopener\">Do Jeito Que o Povo Gosta<br><\/a>Murilo Huff &#8211; <a href=\"https:\/\/open.spotify.com\/intl-pt\/album\/5uVJKo3YVE3OeOXY35u3Hg\" target=\"_blank\" rel=\"noopener\">Ac\u00fastico, Vol. 2<\/a><br>Gustavo Mioto &#8211; <a href=\"https:\/\/open.spotify.com\/intl-pt\/album\/1Rhh1ACMnj4WR7l0kMcvlh\" target=\"_blank\" rel=\"noopener\">Atemporal (Ao Vivo)<\/a><br>Wiu &#8211; <a href=\"https:\/\/open.spotify.com\/intl-pt\/album\/1BnqgpPiP1yXYUgd17kTTr\" target=\"_blank\" rel=\"noopener\">808 Club: After<\/a><\/p>\n\n\n\n<h2 class=\"wp-block-heading has-text-align-center has-cyan-bluish-gray-background-color has-background\">Selecionados do Editor<\/h2>\n\n\n\n<h3 class=\"wp-block-heading\">Ludovica Pagani<\/h3>\n\n\n\n<figure class=\"wp-block-embed is-type-video is-provider-youtube wp-block-embed-youtube wp-embed-aspect-4-3 wp-has-aspect-ratio\"><div class=\"wp-block-embed__wrapper\">\n<iframe loading=\"lazy\" title=\"Heat Storm\" width=\"880\" height=\"660\" src=\"https:\/\/www.youtube.com\/embed\/aObGUc5pw7k?feature=oembed\" frameborder=\"0\" allow=\"accelerometer; autoplay; clipboard-write; encrypted-media; gyroscope; picture-in-picture; web-share\" referrerpolicy=\"strict-origin-when-cross-origin\" allowfullscreen><\/iframe>\n<\/div><\/figure>\n\n\n\n<h3 class=\"wp-block-heading\">Brandi Burkhardt<\/h3>\n\n\n\n<figure class=\"wp-block-embed is-type-rich is-provider-spotify wp-block-embed-spotify wp-embed-aspect-21-9 wp-has-aspect-ratio\"><div class=\"wp-block-embed__wrapper\">\n<iframe title=\"Spotify Embed: Back In Time\" style=\"border-radius: 12px\" width=\"100%\" height=\"352\" frameborder=\"0\" allowfullscreen allow=\"autoplay; clipboard-write; encrypted-media; fullscreen; picture-in-picture\" loading=\"lazy\" src=\"https:\/\/open.spotify.com\/embed\/album\/4dLhkvXPgvkuJ5y8lxQsjY?utm_source=oembed\"><\/iframe>\n<\/div><\/figure>\n\n\n\n<h3 class=\"wp-block-heading\">VICC<\/h3>\n\n\n\n<figure class=\"wp-block-embed is-type-rich is-provider-spotify wp-block-embed-spotify wp-embed-aspect-21-9 wp-has-aspect-ratio\"><div class=\"wp-block-embed__wrapper\">\n<iframe title=\"Spotify Embed: Feel Free\" style=\"border-radius: 12px\" width=\"100%\" height=\"352\" frameborder=\"0\" allowfullscreen allow=\"autoplay; clipboard-write; encrypted-media; fullscreen; picture-in-picture\" loading=\"lazy\" src=\"https:\/\/open.spotify.com\/embed\/album\/47zoPxQ4dRWXxklg5m35KP?utm_source=oembed\"><\/iframe>\n<\/div><\/figure>\n\n\n\n<h3 class=\"wp-block-heading\">Dj Frisbee<\/h3>\n\n\n\n<figure class=\"wp-block-embed is-type-rich is-provider-spotify wp-block-embed-spotify wp-embed-aspect-21-9 wp-has-aspect-ratio\"><div class=\"wp-block-embed__wrapper\">\n<iframe title=\"Spotify Embed: I&amp;apos;ll Ride With You\" style=\"border-radius: 12px\" width=\"100%\" height=\"352\" frameborder=\"0\" allowfullscreen allow=\"autoplay; clipboard-write; encrypted-media; fullscreen; picture-in-picture\" loading=\"lazy\" src=\"https:\/\/open.spotify.com\/embed\/album\/43EiVFbKCBe9Av7SnGlCHh?utm_source=oembed\"><\/iframe>\n<\/div><\/figure>\n\n\n\n<h3 class=\"wp-block-heading\">Envi Jordan<\/h3>\n\n\n\n<figure class=\"wp-block-embed is-type-rich is-provider-spotify wp-block-embed-spotify wp-embed-aspect-21-9 wp-has-aspect-ratio\"><div class=\"wp-block-embed__wrapper\">\n<iframe title=\"Spotify Embed: Dreamland (Kirby)\" style=\"border-radius: 12px\" width=\"100%\" height=\"152\" frameborder=\"0\" allowfullscreen allow=\"autoplay; clipboard-write; encrypted-media; fullscreen; picture-in-picture\" loading=\"lazy\" src=\"https:\/\/open.spotify.com\/embed\/track\/2zmsaZqe3pr0MOZPK71Sf1?si=0YKH_bcrT-SQXMGtn1HKcg&#038;utm_source=oembed\"><\/iframe>\n<\/div><\/figure>\n\n\n\n<h3 class=\"wp-block-heading\">Lyam Akram<\/h3>\n\n\n\n<figure class=\"wp-block-embed is-type-video is-provider-youtube wp-block-embed-youtube wp-embed-aspect-16-9 wp-has-aspect-ratio\"><div class=\"wp-block-embed__wrapper\">\n<iframe loading=\"lazy\" title=\"Lyam Akram \u2013 Comme un fou (Official Lyric Video)\" width=\"880\" height=\"495\" src=\"https:\/\/www.youtube.com\/embed\/FryvjuEo6YM?feature=oembed\" frameborder=\"0\" allow=\"accelerometer; autoplay; clipboard-write; encrypted-media; gyroscope; picture-in-picture; web-share\" referrerpolicy=\"strict-origin-when-cross-origin\" allowfullscreen><\/iframe>\n<\/div><\/figure>\n\n\n\n<h3 class=\"wp-block-heading\">Emilio Lanza<\/h3>\n\n\n\n<figure class=\"wp-block-embed is-type-video is-provider-youtube wp-block-embed-youtube wp-embed-aspect-16-9 wp-has-aspect-ratio\"><div class=\"wp-block-embed__wrapper\">\n<iframe loading=\"lazy\" title=\"Emilio Lanza - Celebrating - [Official Lyric Video]\" width=\"880\" height=\"495\" src=\"https:\/\/www.youtube.com\/embed\/qfCmHwhjdVU?feature=oembed\" frameborder=\"0\" allow=\"accelerometer; autoplay; clipboard-write; encrypted-media; gyroscope; picture-in-picture; web-share\" referrerpolicy=\"strict-origin-when-cross-origin\" allowfullscreen><\/iframe>\n<\/div><\/figure>\n\n\n\n<h3 class=\"wp-block-heading\">Richard Lavers<\/h3>\n\n\n\n<figure class=\"wp-block-embed is-type-video is-provider-youtube wp-block-embed-youtube wp-embed-aspect-4-3 wp-has-aspect-ratio\"><div class=\"wp-block-embed__wrapper\">\n<iframe loading=\"lazy\" title=\"Sexy Girls\" width=\"880\" height=\"660\" src=\"https:\/\/www.youtube.com\/embed\/4IvoH28hK_4?feature=oembed\" frameborder=\"0\" allow=\"accelerometer; autoplay; clipboard-write; encrypted-media; gyroscope; picture-in-picture; web-share\" referrerpolicy=\"strict-origin-when-cross-origin\" allowfullscreen><\/iframe>\n<\/div><\/figure>\n\n\n\n<h3 class=\"wp-block-heading\">Billy Vega<\/h3>\n\n\n\n<figure class=\"wp-block-embed is-type-video is-provider-youtube wp-block-embed-youtube wp-embed-aspect-4-3 wp-has-aspect-ratio\"><div class=\"wp-block-embed__wrapper\">\n<iframe loading=\"lazy\" title=\"Zero Gravity\" width=\"880\" height=\"660\" src=\"https:\/\/www.youtube.com\/embed\/c2P3uZSlbHI?feature=oembed\" frameborder=\"0\" allow=\"accelerometer; autoplay; clipboard-write; encrypted-media; gyroscope; picture-in-picture; web-share\" referrerpolicy=\"strict-origin-when-cross-origin\" allowfullscreen><\/iframe>\n<\/div><\/figure>\n\n\n\n<h3 class=\"wp-block-heading\">Katya Burns<\/h3>\n\n\n\n<figure class=\"wp-block-embed is-type-rich is-provider-spotify wp-block-embed-spotify wp-embed-aspect-21-9 wp-has-aspect-ratio\"><div class=\"wp-block-embed__wrapper\">\n<iframe title=\"Spotify Embed: Best Man\" style=\"border-radius: 12px\" width=\"100%\" height=\"352\" frameborder=\"0\" allowfullscreen allow=\"autoplay; clipboard-write; encrypted-media; fullscreen; picture-in-picture\" loading=\"lazy\" src=\"https:\/\/open.spotify.com\/embed\/album\/00yLYSCRuzubyP3094SbHn?utm_source=oembed\"><\/iframe>\n<\/div><\/figure>\n\n\n\n<h3 class=\"wp-block-heading\">Sharllys<\/h3>\n\n\n\n<figure class=\"wp-block-embed is-type-video is-provider-youtube wp-block-embed-youtube wp-embed-aspect-16-9 wp-has-aspect-ratio\"><div class=\"wp-block-embed__wrapper\">\n<iframe loading=\"lazy\" title=\"Sharllys - Aflore (V\u00eddeo)\" width=\"880\" height=\"495\" src=\"https:\/\/www.youtube.com\/embed\/3YhfyWNIQTI?feature=oembed\" frameborder=\"0\" allow=\"accelerometer; autoplay; clipboard-write; encrypted-media; gyroscope; picture-in-picture; web-share\" referrerpolicy=\"strict-origin-when-cross-origin\" allowfullscreen><\/iframe>\n<\/div><\/figure>\n\n\n\n<h3 class=\"wp-block-heading\">Luciana Maya<\/h3>\n\n\n\n<figure class=\"wp-block-embed is-type-video is-provider-youtube wp-block-embed-youtube wp-embed-aspect-16-9 wp-has-aspect-ratio\"><div class=\"wp-block-embed__wrapper\">\n<iframe loading=\"lazy\" title=\"Luciana Maya - Oferenda (Official Music Video)\" width=\"880\" height=\"495\" src=\"https:\/\/www.youtube.com\/embed\/BH04xQD-Ggw?feature=oembed\" frameborder=\"0\" allow=\"accelerometer; autoplay; clipboard-write; encrypted-media; gyroscope; picture-in-picture; web-share\" referrerpolicy=\"strict-origin-when-cross-origin\" allowfullscreen><\/iframe>\n<\/div><\/figure>\n\n\n\n<h3 class=\"wp-block-heading\">Fran\u00e7ois Marius<\/h3>\n\n\n\n<figure class=\"wp-block-embed is-type-video is-provider-youtube wp-block-embed-youtube wp-embed-aspect-16-9 wp-has-aspect-ratio\"><div class=\"wp-block-embed__wrapper\">\n<iframe loading=\"lazy\" title=\"Jah See The Pain In This World (Jamaican Version)\" width=\"880\" height=\"495\" src=\"https:\/\/www.youtube.com\/embed\/Iu5YDdb1LVs?feature=oembed\" frameborder=\"0\" allow=\"accelerometer; autoplay; clipboard-write; encrypted-media; gyroscope; picture-in-picture; web-share\" referrerpolicy=\"strict-origin-when-cross-origin\" allowfullscreen><\/iframe>\n<\/div><\/figure>\n\n\n\n<h3 class=\"wp-block-heading\">ST. NIKLAS<\/h3>\n\n\n\n<figure class=\"wp-block-embed is-type-rich is-provider-spotify wp-block-embed-spotify wp-embed-aspect-21-9 wp-has-aspect-ratio\"><div class=\"wp-block-embed__wrapper\">\n<iframe title=\"Spotify Embed: habits of a complex mind\" style=\"border-radius: 12px\" width=\"100%\" height=\"352\" frameborder=\"0\" allowfullscreen allow=\"autoplay; clipboard-write; encrypted-media; fullscreen; picture-in-picture\" loading=\"lazy\" src=\"https:\/\/open.spotify.com\/embed\/album\/0wMGn4hHowMI20fWYGp0e4?utm_source=oembed\"><\/iframe>\n<\/div><\/figure>\n\n\n\n<h3 class=\"wp-block-heading\">Lamont Jackson<\/h3>\n\n\n\n<figure class=\"wp-block-embed is-type-video is-provider-youtube wp-block-embed-youtube wp-embed-aspect-4-3 wp-has-aspect-ratio\"><div class=\"wp-block-embed__wrapper\">\n<iframe loading=\"lazy\" title=\"Levitate (Remix 2025)\" width=\"880\" height=\"660\" src=\"https:\/\/www.youtube.com\/embed\/DRPTpZX039I?feature=oembed\" frameborder=\"0\" allow=\"accelerometer; autoplay; clipboard-write; encrypted-media; gyroscope; picture-in-picture; web-share\" referrerpolicy=\"strict-origin-when-cross-origin\" allowfullscreen><\/iframe>\n<\/div><\/figure>\n\n\n\n<h3 class=\"wp-block-heading\">World Without Humans<\/h3>\n\n\n\n<figure class=\"wp-block-embed is-type-video is-provider-youtube wp-block-embed-youtube wp-embed-aspect-16-9 wp-has-aspect-ratio\"><div class=\"wp-block-embed__wrapper\">\n<iframe loading=\"lazy\" title=\"World Without Humans - Reverberation (Official Music Video)\" width=\"880\" height=\"495\" src=\"https:\/\/www.youtube.com\/embed\/SuTgKB4e6gg?feature=oembed\" frameborder=\"0\" allow=\"accelerometer; autoplay; clipboard-write; encrypted-media; gyroscope; picture-in-picture; web-share\" referrerpolicy=\"strict-origin-when-cross-origin\" allowfullscreen><\/iframe>\n<\/div><\/figure>\n\n\n\n<h3 class=\"wp-block-heading\">Galion<\/h3>\n\n\n\n<figure class=\"wp-block-embed is-type-rich is-provider-spotify wp-block-embed-spotify wp-embed-aspect-21-9 wp-has-aspect-ratio\"><div class=\"wp-block-embed__wrapper\">\n<iframe title=\"Spotify Embed: Oh my\" style=\"border-radius: 12px\" width=\"100%\" height=\"152\" frameborder=\"0\" allowfullscreen allow=\"autoplay; clipboard-write; encrypted-media; fullscreen; picture-in-picture\" loading=\"lazy\" src=\"https:\/\/open.spotify.com\/embed\/track\/3UNUz6jwrjOhb6PVPNIsXj?utm_source=oembed\"><\/iframe>\n<\/div><\/figure>\n\n\n\n<h3 class=\"wp-block-heading\">Cosme De La Cruz<\/h3>\n\n\n\n<figure class=\"wp-block-embed is-type-video is-provider-youtube wp-block-embed-youtube wp-embed-aspect-16-9 wp-has-aspect-ratio\"><div class=\"wp-block-embed__wrapper\">\n<iframe loading=\"lazy\" title=\"Cosme De La Cruz - Now (Audio oficial)\" width=\"880\" height=\"495\" src=\"https:\/\/www.youtube.com\/embed\/hboWH54Fld4?feature=oembed\" frameborder=\"0\" allow=\"accelerometer; autoplay; clipboard-write; encrypted-media; gyroscope; picture-in-picture; web-share\" referrerpolicy=\"strict-origin-when-cross-origin\" allowfullscreen><\/iframe>\n<\/div><\/figure>\n\n\n\n<h3 class=\"wp-block-heading\">Romi Chase<\/h3>\n\n\n\n<figure class=\"wp-block-embed is-type-video is-provider-youtube wp-block-embed-youtube wp-embed-aspect-16-9 wp-has-aspect-ratio\"><div class=\"wp-block-embed__wrapper\">\n<iframe loading=\"lazy\" title=\"Romi Chase, Layzee Ella - True Crime\" width=\"880\" height=\"495\" src=\"https:\/\/www.youtube.com\/embed\/i45GpcV-jeI?feature=oembed\" frameborder=\"0\" allow=\"accelerometer; autoplay; clipboard-write; encrypted-media; gyroscope; picture-in-picture; web-share\" referrerpolicy=\"strict-origin-when-cross-origin\" allowfullscreen><\/iframe>\n<\/div><\/figure>\n","protected":false},"excerpt":{"rendered":"<p>A \u00faltima sexta-feira de maio chegou com uma lista de lan\u00e7amentos recheada! Nosso destaque por aqui vai para o nono \u00e1lbum de est\u00fadio de Miley Cyrus, que apresenta uma faceta roqueira da cantora. Tem ainda o novo \u00e1lbum do Xam\u00e3, Papatinho, novo single da Lorde, Tate McRae, Z\u00e9 Felipe e muito mais! Acompanhe na lista. [&hellip;]<\/p>\n","protected":false},"author":2,"featured_media":232789,"comment_status":"closed","ping_status":"closed","sticky":false,"template":"","format":"standard","meta":{"footnotes":""},"categories":[154,2164],"tags":[7732],"class_list":["post-232783","post","type-post","status-publish","format-standard","has-post-thumbnail","hentry","category-musica","category-lancamentos","tag-lancamentos"],"_links":{"self":[{"href":"https:\/\/portalpopmais.com.br\/en\/wp-json\/wp\/v2\/posts\/232783","targetHints":{"allow":["GET"]}}],"collection":[{"href":"https:\/\/portalpopmais.com.br\/en\/wp-json\/wp\/v2\/posts"}],"about":[{"href":"https:\/\/portalpopmais.com.br\/en\/wp-json\/wp\/v2\/types\/post"}],"author":[{"embeddable":true,"href":"https:\/\/portalpopmais.com.br\/en\/wp-json\/wp\/v2\/users\/2"}],"replies":[{"embeddable":true,"href":"https:\/\/portalpopmais.com.br\/en\/wp-json\/wp\/v2\/comments?post=232783"}],"version-history":[{"count":0,"href":"https:\/\/portalpopmais.com.br\/en\/wp-json\/wp\/v2\/posts\/232783\/revisions"}],"wp:featuredmedia":[{"embeddable":true,"href":"https:\/\/portalpopmais.com.br\/en\/wp-json\/wp\/v2\/media\/232789"}],"wp:attachment":[{"href":"https:\/\/portalpopmais.com.br\/en\/wp-json\/wp\/v2\/media?parent=232783"}],"wp:term":[{"taxonomy":"category","embeddable":true,"href":"https:\/\/portalpopmais.com.br\/en\/wp-json\/wp\/v2\/categories?post=232783"},{"taxonomy":"post_tag","embeddable":true,"href":"https:\/\/portalpopmais.com.br\/en\/wp-json\/wp\/v2\/tags?post=232783"}],"curies":[{"name":"wp","href":"https:\/\/api.w.org\/{rel}","templated":true}]}}