{"id":233046,"date":"2025-06-03T10:09:42","date_gmt":"2025-06-03T13:09:42","guid":{"rendered":"https:\/\/portalpopmais.com.br\/?p=233046"},"modified":"2025-06-03T10:09:46","modified_gmt":"2025-06-03T13:09:46","slug":"fernanda-lima-crise-na-cama","status":"publish","type":"post","link":"https:\/\/portalpopmais.com.br\/en\/fernanda-lima-crise-na-cama\/","title":{"rendered":"Fernanda Lima exp\u00f5e intimidade com Rodrigo Hilbert e relata crise na cama"},"content":{"rendered":"<p class=\"wp-block-paragraph\"><strong><a href=\"https:\/\/portalpopmais.com.br\/en\/trends\/fernanda-lima\/\" data-type=\"post_tag\" data-id=\"8743\">Fernanda Lima<\/a><\/strong> compartilhou detalhes de sua vida pessoal com Rodrigo Hilbert durante a filmagem do programa \u201cSurubaum\u201d, apresentado por Giovanna Ewbank e Bruno Gagliasso. De maneira leve, a apresentadora expressou um desabafo engra\u00e7ado, que ser\u00e1 exibido nesta ter\u00e7a-feira (3\/6), e proporcionou momentos divertidos para os colegas de palco.<\/p>\n\n\n\n<p class=\"wp-block-paragraph\">\u201cN\u00e3o est\u00e1 f\u00e1cil na minha casa\u201d, revelou Fernanda ao comentar a atual fase do relacionamento. Segundo ela, a rotina intensa do casal tem deixado pouco espa\u00e7o para momentos a dois.<\/p>\n\n\n\n<p class=\"wp-block-paragraph\">\u201cO sexo\u2026 N\u00e3o est\u00e1 f\u00e1cil. \u00c9 que a vida vai ficando muito corrida\u201d, explicou, arrancando risadas da plateia e dos <a href=\"http:\/\/ikarus.mus.br\" target=\"_blank\" rel=\"noopener\">apresentadores<\/a>.<\/p>\n\n\n\n<p class=\"wp-block-paragraph\">Ainda durante a conversa, Fernanda relatou uma troca sincera que teve com Hilbert sobre o assunto. \u201cEu disse para ele: \u2018A gente precisa, n\u00e9?\u2019. E ele falou: \u2018\u00c9, um pouquinho\u2019. A\u00ed eu falei: \u2018N\u00e3o, um pouquinho, n\u00e3o\u2019.\u201d<\/p>\n\n\n\n<p class=\"wp-block-paragraph\">A resposta bem-humorada do marido tamb\u00e9m foi compartilhada por ela no programa: \u201cA\u00ed ele: \u2018Mas, para quem n\u00e3o tem nada, um pouquinho j\u00e1 est\u00e1 bom\u2019\u201d, finalizou, divertindo todos os presentes.<\/p>\n\n\n\n<figure class=\"wp-block-embed is-type-rich is-provider-instagram wp-block-embed-instagram\"><div class=\"wp-block-embed__wrapper\">\nhttps:\/\/www.instagram.com\/reel\/DKakPftO9EG\/?utm_source=ig_embed&#038;ig_rid=e3c13987-6f13-4752-a2ea-7b405813d988\n<\/div><\/figure>","protected":false},"excerpt":{"rendered":"<p>Fernanda Lima compartilhou detalhes de sua vida pessoal com Rodrigo Hilbert durante a filmagem do programa \u201cSurubaum\u201d, apresentado por Giovanna Ewbank e Bruno Gagliasso. De maneira leve, a apresentadora expressou um desabafo engra\u00e7ado, que ser\u00e1 exibido nesta ter\u00e7a-feira (3\/6), e proporcionou momentos divertidos para os colegas de palco. \u201cN\u00e3o est\u00e1 f\u00e1cil na minha casa\u201d, revelou [&hellip;]<\/p>\n","protected":false},"author":2,"featured_media":233048,"comment_status":"closed","ping_status":"closed","sticky":false,"template":"","format":"standard","meta":{"footnotes":""},"categories":[173],"tags":[8743],"class_list":["post-233046","post","type-post","status-publish","format-standard","has-post-thumbnail","hentry","category-celebridades","tag-fernanda-lima"],"_links":{"self":[{"href":"https:\/\/portalpopmais.com.br\/en\/wp-json\/wp\/v2\/posts\/233046","targetHints":{"allow":["GET"]}}],"collection":[{"href":"https:\/\/portalpopmais.com.br\/en\/wp-json\/wp\/v2\/posts"}],"about":[{"href":"https:\/\/portalpopmais.com.br\/en\/wp-json\/wp\/v2\/types\/post"}],"author":[{"embeddable":true,"href":"https:\/\/portalpopmais.com.br\/en\/wp-json\/wp\/v2\/users\/2"}],"replies":[{"embeddable":true,"href":"https:\/\/portalpopmais.com.br\/en\/wp-json\/wp\/v2\/comments?post=233046"}],"version-history":[{"count":0,"href":"https:\/\/portalpopmais.com.br\/en\/wp-json\/wp\/v2\/posts\/233046\/revisions"}],"wp:featuredmedia":[{"embeddable":true,"href":"https:\/\/portalpopmais.com.br\/en\/wp-json\/wp\/v2\/media\/233048"}],"wp:attachment":[{"href":"https:\/\/portalpopmais.com.br\/en\/wp-json\/wp\/v2\/media?parent=233046"}],"wp:term":[{"taxonomy":"category","embeddable":true,"href":"https:\/\/portalpopmais.com.br\/en\/wp-json\/wp\/v2\/categories?post=233046"},{"taxonomy":"post_tag","embeddable":true,"href":"https:\/\/portalpopmais.com.br\/en\/wp-json\/wp\/v2\/tags?post=233046"}],"curies":[{"name":"wp","href":"https:\/\/api.w.org\/{rel}","templated":true}]}}