{"id":233248,"date":"2025-06-06T17:41:40","date_gmt":"2025-06-06T20:41:40","guid":{"rendered":"https:\/\/portalpopmais.com.br\/?p=233248"},"modified":"2025-06-06T17:41:45","modified_gmt":"2025-06-06T20:41:45","slug":"justica-mantem-condenacao-contra-luva-de-pedreiro-que-tera-de-pagar-mais-de-r-5-milhoes-a-ex-empresario-allan-jesus","status":"publish","type":"post","link":"https:\/\/portalpopmais.com.br\/en\/justica-mantem-condenacao-contra-luva-de-pedreiro-que-tera-de-pagar-mais-de-r-5-milhoes-a-ex-empresario-allan-jesus\/","title":{"rendered":"Justi\u00e7a mant\u00e9m condena\u00e7\u00e3o contra Luva de Pedreiro, que ter\u00e1 de pagar mais de R$ 5 milh\u00f5es a ex-empres\u00e1rio Allan Jesus"},"content":{"rendered":"<p>A disputa judicial entre o influenciador Iran Ferreira, conhecido como&nbsp;<strong>Luva de Pedreiro<\/strong>, e seu ex-empres\u00e1rio&nbsp;<strong>Allan Jesus<\/strong>, ganhou um novo cap\u00edtulo nesta semana. O juiz&nbsp;<strong>M\u00e1rio Cunha Olinto Filho<\/strong>, do Rio de Janeiro,&nbsp;<strong>rejeitou os recursos apresentados pelas partes<\/strong>&nbsp;e manteve a senten\u00e7a anterior, que&nbsp;<strong>obriga o influenciador a pagar uma indeniza\u00e7\u00e3o superior a R$ 5 milh\u00f5es<\/strong>&nbsp;a Allan.<\/p>\n\n\n\n<p>A decis\u00e3o judicial refor\u00e7a o entendimento de que Allan teve papel determinante na ascens\u00e3o de Iran Ferreira, cuja imagem explodiu nas redes sociais com os bord\u00f5es \u201cReceba!\u201d e v\u00eddeos jogando futebol de forma carism\u00e1tica. A Justi\u00e7a fluminense considerou a&nbsp;<strong>import\u00e2ncia do empres\u00e1rio no in\u00edcio da carreira do criador de conte\u00fado<\/strong>, motivo pelo qual negou os pedidos de revers\u00e3o da senten\u00e7a.<\/p>\n\n\n\n<p>A briga entre os dois come\u00e7ou em 2022, quando Luva rompeu com Allan Jesus alegando falta de transpar\u00eancia na gest\u00e3o de sua carreira. O caso teve grande repercuss\u00e3o nas redes, com f\u00e3s apoiando o influenciador, que logo assinou com novos empres\u00e1rios.<\/p>\n\n\n\n<p>No entanto, juridicamente, o rompimento acabou custando caro a Iran. Agora, com a decis\u00e3o mantida, ele ter\u00e1 que arcar com o valor milion\u00e1rio estipulado em senten\u00e7a.<\/p>","protected":false},"excerpt":{"rendered":"<p>A disputa judicial entre o influenciador Iran Ferreira, conhecido como&nbsp;Luva de Pedreiro, e seu ex-empres\u00e1rio&nbsp;Allan Jesus, ganhou um novo cap\u00edtulo nesta semana. O juiz&nbsp;M\u00e1rio Cunha Olinto Filho, do Rio de Janeiro,&nbsp;rejeitou os recursos apresentados pelas partes&nbsp;e manteve a senten\u00e7a anterior, que&nbsp;obriga o influenciador a pagar uma indeniza\u00e7\u00e3o superior a R$ 5 milh\u00f5es&nbsp;a Allan. A decis\u00e3o [&hellip;]<\/p>\n","protected":false},"author":2,"featured_media":233249,"comment_status":"closed","ping_status":"closed","sticky":false,"template":"","format":"standard","meta":{"footnotes":""},"categories":[2293],"tags":[],"class_list":["post-233248","post","type-post","status-publish","format-standard","has-post-thumbnail","hentry","category-internet"],"_links":{"self":[{"href":"https:\/\/portalpopmais.com.br\/en\/wp-json\/wp\/v2\/posts\/233248","targetHints":{"allow":["GET"]}}],"collection":[{"href":"https:\/\/portalpopmais.com.br\/en\/wp-json\/wp\/v2\/posts"}],"about":[{"href":"https:\/\/portalpopmais.com.br\/en\/wp-json\/wp\/v2\/types\/post"}],"author":[{"embeddable":true,"href":"https:\/\/portalpopmais.com.br\/en\/wp-json\/wp\/v2\/users\/2"}],"replies":[{"embeddable":true,"href":"https:\/\/portalpopmais.com.br\/en\/wp-json\/wp\/v2\/comments?post=233248"}],"version-history":[{"count":0,"href":"https:\/\/portalpopmais.com.br\/en\/wp-json\/wp\/v2\/posts\/233248\/revisions"}],"wp:featuredmedia":[{"embeddable":true,"href":"https:\/\/portalpopmais.com.br\/en\/wp-json\/wp\/v2\/media\/233249"}],"wp:attachment":[{"href":"https:\/\/portalpopmais.com.br\/en\/wp-json\/wp\/v2\/media?parent=233248"}],"wp:term":[{"taxonomy":"category","embeddable":true,"href":"https:\/\/portalpopmais.com.br\/en\/wp-json\/wp\/v2\/categories?post=233248"},{"taxonomy":"post_tag","embeddable":true,"href":"https:\/\/portalpopmais.com.br\/en\/wp-json\/wp\/v2\/tags?post=233248"}],"curies":[{"name":"wp","href":"https:\/\/api.w.org\/{rel}","templated":true}]}}