{"id":234325,"date":"2025-06-25T08:37:43","date_gmt":"2025-06-25T11:37:43","guid":{"rendered":"https:\/\/portalpopmais.com.br\/?p=234325"},"modified":"2025-06-25T08:37:47","modified_gmt":"2025-06-25T11:37:47","slug":"pai-se-pronuncia-morte-juliana-marins","status":"publish","type":"post","link":"https:\/\/portalpopmais.com.br\/en\/pai-se-pronuncia-morte-juliana-marins\/","title":{"rendered":"Pai de Juliana Marins faz homenagem \u00e0 filha: \u201cPeda\u00e7o de mim\u201d"},"content":{"rendered":"<p>Manoel Marins Filho, pai de <strong>Juliana Marins<\/strong>, a brasileira que morreu ap\u00f3s cair em um vulc\u00e3o na Indon\u00e9sia, se pronunciou pela primeira vez ap\u00f3s a perda da filha, na noite de ter\u00e7a-feira (24).<\/p>\n\n\n\n<p>Em uma postagem realizada no Instagram, ele usou a foto da filha e escreveu a letra da m\u00fasica &#8220;Peda\u00e7o de mim&#8221;, de <a href=\"https:\/\/ikarus.mus.br\/artistas\/biografia-chico-buarque\/\" target=\"_blank\" rel=\"noopener\">Chico Buarque<\/a> na legenda. Na foto, destacou a frase &#8220;peda\u00e7o tirado de mim&#8221;.<\/p>\n\n\n\n<figure class=\"wp-block-embed is-type-rich is-provider-instagram wp-block-embed-instagram\"><div class=\"wp-block-embed__wrapper\">\nhttps:\/\/www.instagram.com\/p\/DLTZRpVhdlA\/?utm_source=ig_embed&#038;ig_rid=e53f1895-8feb-42c0-ae0b-4d118bd0e5e2\n<\/div><\/figure>\n\n\n\n<h2 class=\"wp-block-heading\">Pai de Juliana Marins viajou para acompanhar resgate<\/h2>\n\n\n\n<p>Manoel viajou at\u00e9 a Indon\u00e9sia para acompanhar de perto as buscas. Ele saiu de Lisboa rumo a Bali, numa viagem de cerca de 10 horas, e publicou um v\u00eddeo antes de embarcar. Na grava\u00e7\u00e3o, ele agradeceu o apoio recebido e pediu ora\u00e7\u00f5es:<\/p>\n\n\n\n<p>\u201cEstamos embarcando agora para Bali. Gra\u00e7as a Deus as coisas est\u00e3o acontecendo. Quero pedir que voc\u00eas sigam orando pelo resgate da Juliana, que ela esteja bem e possa voltar conosco. Orem pela Juliana. Obrigado por tudo.\u201d<\/p>\n\n\n\n<p>Um dia antes, Manoel compartilhou um v\u00eddeo onde expressou sua gratid\u00e3o pelo suporte que recebeu, ressaltando a ajuda da embaixada do Brasil e agradecendo ao presidente Luiz In\u00e1cio Lula da Silva pela assist\u00eancia diplom\u00e1tica.<\/p>\n\n\n\n<h2 class=\"wp-block-heading\">Brasileira morre ap\u00f3s despencar em vulc\u00e3o<\/h2>\n\n\n\n<p>Juliana Marins, de 24 anos, natural de Niter\u00f3i (RJ), foi encontrada morta na ter\u00e7a-feira (24) ap\u00f3s passar quatro dias isolada no vulc\u00e3o Rinjani, na ilha de Lombok, na Indon\u00e9sia. A jovem viajava pela \u00c1sia desde fevereiro e j\u00e1 havia passado por Filipinas, Tail\u00e2ndia e Vietn\u00e3.<\/p>\n\n\n\n<p>O acidente aconteceu na \u00faltima sexta-feira (20), quando Juliana escorregou e caiu cerca de 300 metros fora da trilha. Turistas que presenciaram a queda alertaram a fam\u00edlia pelas redes sociais, enviando fotos, v\u00eddeos e a localiza\u00e7\u00e3o exata do incidente. Veja mais sobre o caso <a href=\"https:\/\/portalpopmais.com.br\/en\/?s=juliana+marins\">aqui<\/a>.<\/p>","protected":false},"excerpt":{"rendered":"<p>Manoel Marins Filho, pai de Juliana Marins, a brasileira que morreu ap\u00f3s cair em um vulc\u00e3o na Indon\u00e9sia, se pronunciou pela primeira vez ap\u00f3s a perda da filha, na noite de ter\u00e7a-feira (24). Em uma postagem realizada no Instagram, ele usou a foto da filha e escreveu a letra da m\u00fasica &#8220;Peda\u00e7o de mim&#8221;, de [&hellip;]<\/p>\n","protected":false},"author":1,"featured_media":234326,"comment_status":"closed","ping_status":"closed","sticky":false,"template":"","format":"standard","meta":{"footnotes":""},"categories":[2165],"tags":[17952],"class_list":["post-234325","post","type-post","status-publish","format-standard","has-post-thumbnail","hentry","category-noticias","tag-juliana-marins"],"_links":{"self":[{"href":"https:\/\/portalpopmais.com.br\/en\/wp-json\/wp\/v2\/posts\/234325","targetHints":{"allow":["GET"]}}],"collection":[{"href":"https:\/\/portalpopmais.com.br\/en\/wp-json\/wp\/v2\/posts"}],"about":[{"href":"https:\/\/portalpopmais.com.br\/en\/wp-json\/wp\/v2\/types\/post"}],"author":[{"embeddable":true,"href":"https:\/\/portalpopmais.com.br\/en\/wp-json\/wp\/v2\/users\/1"}],"replies":[{"embeddable":true,"href":"https:\/\/portalpopmais.com.br\/en\/wp-json\/wp\/v2\/comments?post=234325"}],"version-history":[{"count":0,"href":"https:\/\/portalpopmais.com.br\/en\/wp-json\/wp\/v2\/posts\/234325\/revisions"}],"wp:featuredmedia":[{"embeddable":true,"href":"https:\/\/portalpopmais.com.br\/en\/wp-json\/wp\/v2\/media\/234326"}],"wp:attachment":[{"href":"https:\/\/portalpopmais.com.br\/en\/wp-json\/wp\/v2\/media?parent=234325"}],"wp:term":[{"taxonomy":"category","embeddable":true,"href":"https:\/\/portalpopmais.com.br\/en\/wp-json\/wp\/v2\/categories?post=234325"},{"taxonomy":"post_tag","embeddable":true,"href":"https:\/\/portalpopmais.com.br\/en\/wp-json\/wp\/v2\/tags?post=234325"}],"curies":[{"name":"wp","href":"https:\/\/api.w.org\/{rel}","templated":true}]}}