{"id":234538,"date":"2025-06-27T08:02:09","date_gmt":"2025-06-27T11:02:09","guid":{"rendered":"https:\/\/portalpopmais.com.br\/?p=234538"},"modified":"2025-06-27T08:10:59","modified_gmt":"2025-06-27T11:10:59","slug":"autopsia-de-juliana-marins-e-divulgada-causa-da-morte-e-revelada","status":"publish","type":"post","link":"https:\/\/portalpopmais.com.br\/en\/autopsia-de-juliana-marins-e-divulgada-causa-da-morte-e-revelada\/","title":{"rendered":"Aut\u00f3psia de Juliana Marins \u00e9 divulgada; causa da morte \u00e9 revelada"},"content":{"rendered":"<p>O m\u00e9dico legista respons\u00e1vel pela aut\u00f3psia de Juliana Marins, a brasileira que morreu ap\u00f3s cair do vulc\u00e3o Rinjani, na Indon\u00e9sia, na semana passada. Segundo os dados divulgados, nesta sexta-feira (27), n\u00e3o h\u00e1 qualquer evid\u00eancia de que a jovem tenha agonizado por horas ou dias conforme vinha sendo especulado. A informa\u00e7\u00e3o foi divulgada em entrevista coletiva no Hospital Bali Mandara, em Denpasar, local o corpo foi examinado.<\/p>\n\n\n\n<p>&#8220;Trabalhamos com fatos. E os fatos indicam que a v\u00edtima n\u00e3o sobreviveu por muito tempo depois do trauma&#8221;, disse o legista dr. Ida Bagus Putu Alit, ao comentar as especula\u00e7\u00f5es levantadas nas redes sociais sobre o v\u00eddeo em que a jovem aparece se movimentando ap\u00f3s a queda. Segundo ele, Juliana teria morrido em at\u00e9 20 minutos ap\u00f3s o impacto.<\/p>\n\n\n\n<p>O corpo de Juliana Marins chegou ao Hospital Bali Mandara, na ilha de Bali, por volta das 11h35 (hor\u00e1rio de Bras\u00edlia) da \u00faltima quinta-feira, onde foi submetido a aut\u00f3psia. O translado foi feito por ambul\u00e2ncia a partir do Hospital Bhayangkara, localizado na mesma prov\u00edncia do Monte Rinjani, uma vez que a regi\u00e3o n\u00e3o disp\u00f5e de especialistas forenses habilitados para conduzir o exame. O procedimento foi realizado ainda na noite de quinta-feira.<\/p>\n\n\n\n<p>&#8220;Observamos, por exemplo, um ferimento na cabe\u00e7a, mas sem sinais de h\u00e9rnia cerebral \u2014 uma condi\u00e7\u00e3o que costuma se desenvolver ap\u00f3s v\u00e1rias horas ou dias do trauma. O mesmo se aplica ao t\u00f3rax e ao abd\u00f4men: houve sangramento intenso, mas nenhum sinal de retra\u00e7\u00e3o nos \u00f3rg\u00e3os que indicasse hemorragia lenta. Esses elementos refor\u00e7am que a morte aconteceu logo ap\u00f3s os ferimentos&#8221;, explicou o especialista.<\/p>\n\n\n\n<p>O laudo aponta que a brasileira sofreu um forte impacto nas costas, o que causou danos graves na regi\u00e3o tor\u00e1cica e provocou um sangramento volumoso dentro da cavidade tor\u00e1cica. As les\u00f5es foram identificadas principalmente na parte posterior do t\u00f3rax, afetando \u00f3rg\u00e3os essenciais para a respira\u00e7\u00e3o.<\/p>\n\n\n\n<p>&#8220;Foi uma morte causada por viol\u00eancia contundente. O trauma gerou uma hemorragia significativa que levou \u00e0 morte em um curto intervalo de tempo&#8221;, explicou Alit. O legista ressaltou que n\u00e3o foram identificadas marcas ou sinais compat\u00edveis com hipotermia, o que exclui a possibilidade de que ela tenha morrido devido \u00e0 exposi\u00e7\u00e3o ao frio.<\/p>\n\n\n\n<p>As vestimentas de Juliana tamb\u00e9m n\u00e3o eram adequadas para a temperatura do local. Ela estava vestindo apenas cal\u00e7a jeans, camiseta, luvas e t\u00eanis no momento do acidente, roupas leves, que s\u00e3o insuficientes para aquecer o corpo \u00e0s temperaturas abaixo de 10\u202f\u00b0C em altitudes superiores a 2.600 metros. Apesar disso, os m\u00e9dicos afirmaram que n\u00e3o havia necrose, escurecimento ou danos t\u00edpicos de hipotermia nas extremidades do corpo, como dedos das m\u00e3os ou dos p\u00e9s.<\/p>\n\n\n\n<p>&#8220;Se tivesse morrido de hipotermia, ver\u00edamos sinais claros nas partes perif\u00e9ricas do corpo. N\u00e3o havia. A causa direta foi o impacto&#8221;, refor\u00e7ou o especialista.<\/p>\n\n\n\n<p>Com o laudo m\u00e9dico finalizado, o corpo de Juliana ser\u00e1 liberado para repatria\u00e7\u00e3o com o apoio da Embaixada do Brasil na Indon\u00e9sia. A fam\u00edlia da jovem, natural de Niter\u00f3i, ainda n\u00e3o divulgou data para o vel\u00f3rio ou sepultamento.<\/p>","protected":false},"excerpt":{"rendered":"<p>O m\u00e9dico legista respons\u00e1vel pela aut\u00f3psia de Juliana Marins, a brasileira que morreu ap\u00f3s cair do vulc\u00e3o Rinjani, na Indon\u00e9sia, na semana passada. Segundo os dados divulgados, nesta sexta-feira (27), n\u00e3o h\u00e1 qualquer evid\u00eancia de que a jovem tenha agonizado por horas ou dias conforme vinha sendo especulado. A informa\u00e7\u00e3o foi divulgada em entrevista coletiva [&hellip;]<\/p>\n","protected":false},"author":2,"featured_media":234326,"comment_status":"closed","ping_status":"closed","sticky":false,"template":"","format":"standard","meta":{"footnotes":""},"categories":[2165],"tags":[17952],"class_list":["post-234538","post","type-post","status-publish","format-standard","has-post-thumbnail","hentry","category-noticias","tag-juliana-marins"],"_links":{"self":[{"href":"https:\/\/portalpopmais.com.br\/en\/wp-json\/wp\/v2\/posts\/234538","targetHints":{"allow":["GET"]}}],"collection":[{"href":"https:\/\/portalpopmais.com.br\/en\/wp-json\/wp\/v2\/posts"}],"about":[{"href":"https:\/\/portalpopmais.com.br\/en\/wp-json\/wp\/v2\/types\/post"}],"author":[{"embeddable":true,"href":"https:\/\/portalpopmais.com.br\/en\/wp-json\/wp\/v2\/users\/2"}],"replies":[{"embeddable":true,"href":"https:\/\/portalpopmais.com.br\/en\/wp-json\/wp\/v2\/comments?post=234538"}],"version-history":[{"count":0,"href":"https:\/\/portalpopmais.com.br\/en\/wp-json\/wp\/v2\/posts\/234538\/revisions"}],"wp:featuredmedia":[{"embeddable":true,"href":"https:\/\/portalpopmais.com.br\/en\/wp-json\/wp\/v2\/media\/234326"}],"wp:attachment":[{"href":"https:\/\/portalpopmais.com.br\/en\/wp-json\/wp\/v2\/media?parent=234538"}],"wp:term":[{"taxonomy":"category","embeddable":true,"href":"https:\/\/portalpopmais.com.br\/en\/wp-json\/wp\/v2\/categories?post=234538"},{"taxonomy":"post_tag","embeddable":true,"href":"https:\/\/portalpopmais.com.br\/en\/wp-json\/wp\/v2\/tags?post=234538"}],"curies":[{"name":"wp","href":"https:\/\/api.w.org\/{rel}","templated":true}]}}