{"id":235011,"date":"2025-07-02T07:20:57","date_gmt":"2025-07-02T10:20:57","guid":{"rendered":"https:\/\/portalpopmais.com.br\/?p=235011"},"modified":"2025-07-02T07:21:01","modified_gmt":"2025-07-02T10:21:01","slug":"cacau-protasio-deixa-humoristico-apos-denuncia-de-samantha-schmutz","status":"publish","type":"post","link":"https:\/\/portalpopmais.com.br\/en\/cacau-protasio-deixa-humoristico-apos-denuncia-de-samantha-schmutz\/","title":{"rendered":"Cacau Prot\u00e1sio deixa humor\u00edstico ap\u00f3s den\u00fancia de Samantha Schm\u00fctz"},"content":{"rendered":"<p><strong>Cacau Prot\u00e1sio<\/strong> anunciou sua sa\u00edda do elenco de um programa de humor veiculado em uma emissora de <a href=\"http:\/\/ikarus.mus.br\" target=\"_blank\" rel=\"noopener\">TV por assinatura<\/a>, ap\u00f3s 13 anos no ar. Em comunicado publicado por meio das redes sociais, nesta ter\u00e7a-feira (1\u00ba\/7), ela contou que n\u00e3o vai participar da \u00faltima temporada.<\/p>\n\n\n\n<p>Oficialmente, a equipe da artista disse que a sa\u00edda se deu de forma natural como um novo ciclo profissional, por\u00e9m rumores apontam que desentendimento com a atriz Samantha Schm\u00fctz, colega de elenco, teria motivado o desligamento da humorista.<\/p>\n\n\n\n<p>Na semana passada, veio a tona que <a href=\"https:\/\/portalpopmais.com.br\/en\/samantha-schmutz-denuncia-cacau-protasio\/\">Schm\u00fctz teria feito uma queixa formal contra Cacau<\/a> \u00e0 \u00e1rea de compliance da emissora, ap\u00f3s um epis\u00f3dio recente nos est\u00fadios. Cacau teria passado mal, impossibilitando continuar os trabalhos, mesmo com a plateia j\u00e1 presente no est\u00fadio<\/p>\n\n\n<div class=\"wp-block-image\">\n<figure class=\"aligncenter size-large\"><img loading=\"lazy\" decoding=\"async\" width=\"1170\" height=\"663\" src=\"https:\/\/portalpopmais.com.br\/wp-content\/uploads\/2021\/06\/Samantha-Schmutz-1170x663.jpg\" alt=\"Samantha Schm\u00fctz instagram exclu\u00eddo\" class=\"wp-image-85363\" title=\"\"><figcaption class=\"wp-element-caption\">Samantha Schm\u00fctz &#8211; Foto: Divulga\u00e7\u00e3o<\/figcaption><\/figure>\n<\/div>\n\n\n<p>Entretanto, a treta entre as duas estaria rolando h\u00e1 algum tempo. Boatos apontam que Samantha j\u00e1 teria feito piadas e coment\u00e1rios sobre a colega, provocando um clima tenso entre os colegas.<\/p>\n\n\n\n<p>\u201cSou muito grata por ter levado, durante tanto tempo, alegria para a casa das pessoas atrav\u00e9s da Terezinha, personagem que vai ficar para sempre no meu cora\u00e7\u00e3o\u201d, diz um trecho da nota publicada no Instagram.<\/p>\n\n\n\n<figure class=\"wp-block-embed is-type-rich is-provider-instagram wp-block-embed-instagram\"><div class=\"wp-block-embed__wrapper\">\nhttps:\/\/www.instagram.com\/p\/DLlJt2oyHvU\/?utm_source=ig_embed&#038;ig_rid=feb89cb8-2837-4b05-a5e3-019809c6bc1e\n<\/div><\/figure>","protected":false},"excerpt":{"rendered":"<p>Cacau Prot\u00e1sio anunciou sua sa\u00edda do elenco de um programa de humor veiculado em uma emissora de TV por assinatura, ap\u00f3s 13 anos no ar. Em comunicado publicado por meio das redes sociais, nesta ter\u00e7a-feira (1\u00ba\/7), ela contou que n\u00e3o vai participar da \u00faltima temporada. Oficialmente, a equipe da artista disse que a sa\u00edda se [&hellip;]<\/p>\n","protected":false},"author":2,"featured_media":235013,"comment_status":"closed","ping_status":"closed","sticky":false,"template":"","format":"standard","meta":{"footnotes":""},"categories":[173],"tags":[10173,2334],"class_list":["post-235011","post","type-post","status-publish","format-standard","has-post-thumbnail","hentry","category-celebridades","tag-cacau-protasio","tag-samantha-schmutz"],"_links":{"self":[{"href":"https:\/\/portalpopmais.com.br\/en\/wp-json\/wp\/v2\/posts\/235011","targetHints":{"allow":["GET"]}}],"collection":[{"href":"https:\/\/portalpopmais.com.br\/en\/wp-json\/wp\/v2\/posts"}],"about":[{"href":"https:\/\/portalpopmais.com.br\/en\/wp-json\/wp\/v2\/types\/post"}],"author":[{"embeddable":true,"href":"https:\/\/portalpopmais.com.br\/en\/wp-json\/wp\/v2\/users\/2"}],"replies":[{"embeddable":true,"href":"https:\/\/portalpopmais.com.br\/en\/wp-json\/wp\/v2\/comments?post=235011"}],"version-history":[{"count":0,"href":"https:\/\/portalpopmais.com.br\/en\/wp-json\/wp\/v2\/posts\/235011\/revisions"}],"wp:featuredmedia":[{"embeddable":true,"href":"https:\/\/portalpopmais.com.br\/en\/wp-json\/wp\/v2\/media\/235013"}],"wp:attachment":[{"href":"https:\/\/portalpopmais.com.br\/en\/wp-json\/wp\/v2\/media?parent=235011"}],"wp:term":[{"taxonomy":"category","embeddable":true,"href":"https:\/\/portalpopmais.com.br\/en\/wp-json\/wp\/v2\/categories?post=235011"},{"taxonomy":"post_tag","embeddable":true,"href":"https:\/\/portalpopmais.com.br\/en\/wp-json\/wp\/v2\/tags?post=235011"}],"curies":[{"name":"wp","href":"https:\/\/api.w.org\/{rel}","templated":true}]}}