{"id":235122,"date":"2025-07-03T07:24:06","date_gmt":"2025-07-03T10:24:06","guid":{"rendered":"https:\/\/portalpopmais.com.br\/?p=235122"},"modified":"2025-07-03T09:21:11","modified_gmt":"2025-07-03T12:21:11","slug":"leo-dias-expoe-sbt","status":"publish","type":"post","link":"https:\/\/portalpopmais.com.br\/en\/leo-dias-expoe-sbt\/","title":{"rendered":"AO VIVO, L\u00e9o Dias exp\u00f5e SBT e diz que afiliadas reclamam de baixa audi\u00eancia; veja v\u00eddeo"},"content":{"rendered":"\n<p>O clima entre <strong><a href=\"https:\/\/portalpopmais.com.br\/trends\/leo-dias-2\/\" data-type=\"post_tag\" data-id=\"7969\">L\u00e9o Dias<\/a><\/strong> e o <strong>SBT <\/strong>n\u00e3o \u00e9 dos melhores. Na \u00faltima semana, o jornalista apareceu visivelmente desconfort\u00e1vel diante das c\u00e2meras. Segundo informa\u00e7\u00f5es dos bastidores, o mal-estar foi causado por um desentendimento com a dire\u00e7\u00e3o do programa &#8220;Fofocalizando&#8221; e envolve a exibi\u00e7\u00e3o da marca Leo Dias TV.<\/p>\n\n\n\n<p>O epis\u00f3dio aconteceu na ter\u00e7a-feira (1\/7), e resultou no afastamento de Dias da atra\u00e7\u00e3o. Embora o SBT negue que esse afastamento seja ver\u00eddico, ontem (2), Dias n\u00e3o apareceu para apresentar o &#8220;Fofocalizando&#8221;, aus\u00eancia que foi justificada pelo canal como &#8220;folga&#8221;.<\/p>\n\n\n\n<p>\u201cN\u00e3o procede a informa\u00e7\u00e3o de que o SBT proibiu a inser\u00e7\u00e3o do logotipo da Leo Dias TV nas exibi\u00e7\u00f5es de suas mat\u00e9rias\u201d, afirma o texto enviado pela equipe de comunica\u00e7\u00e3o do SBT. \u201cPor\u00e9m, a emissora e o jornalista ir\u00e3o criar um padr\u00e3o de plano de neg\u00f3cio de inser\u00e7\u00f5es da marca durante o programa Fofocalizando\u201d.<\/p>\n\n\n<div class=\"wp-block-image\">\n<figure class=\"aligncenter size-full is-resized\"><img loading=\"lazy\" decoding=\"async\" width=\"450\" height=\"337\" src=\"https:\/\/portalpopmais.com.br\/wp-content\/uploads\/2022\/06\/leo-dias-sai-do-brasil-recuperar-as-energias.webp\" alt=\"\" class=\"wp-image-123731\" style=\"width:533px;height:auto\" title=\"\"><figcaption class=\"wp-element-caption\">O jornalista Leo Dias &#8211; Foto: Reprodu\u00e7\u00e3o<\/figcaption><\/figure>\n<\/div>\n\n\n<p>O comunicado segue, e diz que o apresentador sa\u00edra de folga at\u00e9 a pr\u00f3xima segunda-feira (7). \u201cInformamos ainda que Leo Dias j\u00e1 estava com dias de folga programados a partir de hoje e retornar\u00e1 na pr\u00f3xima semana\u201d, encerra o texto.<\/p>\n\n\n\n<p>Bom, fato \u00e9 que Leo Dias seguiu demonstrando seu descontentamento com o canal fundado por Silvio Santos. Em sua TV, o jornalista exp\u00f4s reclama\u00e7\u00f5es dos bastidores, envolvendo baixa audi\u00eancia de programas gerados pela emissora comandada por Daniela Beyruti.<\/p>\n\n\n\n<p>&#8220;A gente v\u00ea uma reclama\u00e7\u00e3o enorme das afiliadas quando pegam um produto feito para S\u00e3o Paulo&#8221;, disparou Dias. &#8220;Porque quando chega nessas pra\u00e7as, chega com tra\u00e7o [de audi\u00eancia]. O interesse dessas pra\u00e7as \u00e9 absolutamente zero sobre um buraco na paulista&#8221;, disse ele.<\/p>\n\n\n\n<figure class=\"wp-block-embed aligncenter is-type-rich is-provider-instagram wp-block-embed-instagram\"><div class=\"wp-block-embed__wrapper\">\nhttps:\/\/www.instagram.com\/p\/DLoKlQWObbe\/?igsh=aGFlYnNvZm5wN2dq&#038;img_index=1\n<\/div><\/figure>\n","protected":false},"excerpt":{"rendered":"<p>O clima entre L\u00e9o Dias e o SBT n\u00e3o \u00e9 dos melhores. Na \u00faltima semana, o jornalista apareceu visivelmente desconfort\u00e1vel diante das c\u00e2meras. Segundo informa\u00e7\u00f5es dos bastidores, o mal-estar foi causado por um desentendimento com a dire\u00e7\u00e3o do programa &#8220;Fofocalizando&#8221; e envolve a exibi\u00e7\u00e3o da marca Leo Dias TV. O epis\u00f3dio aconteceu na ter\u00e7a-feira (1\/7), [&hellip;]<\/p>\n","protected":false},"author":1,"featured_media":235124,"comment_status":"closed","ping_status":"closed","sticky":false,"template":"","format":"standard","meta":{"footnotes":""},"categories":[181],"tags":[425,403],"class_list":["post-235122","post","type-post","status-publish","format-standard","has-post-thumbnail","hentry","category-televisao","tag-leo-dias","tag-sbt"],"_links":{"self":[{"href":"https:\/\/portalpopmais.com.br\/en\/wp-json\/wp\/v2\/posts\/235122","targetHints":{"allow":["GET"]}}],"collection":[{"href":"https:\/\/portalpopmais.com.br\/en\/wp-json\/wp\/v2\/posts"}],"about":[{"href":"https:\/\/portalpopmais.com.br\/en\/wp-json\/wp\/v2\/types\/post"}],"author":[{"embeddable":true,"href":"https:\/\/portalpopmais.com.br\/en\/wp-json\/wp\/v2\/users\/1"}],"replies":[{"embeddable":true,"href":"https:\/\/portalpopmais.com.br\/en\/wp-json\/wp\/v2\/comments?post=235122"}],"version-history":[{"count":0,"href":"https:\/\/portalpopmais.com.br\/en\/wp-json\/wp\/v2\/posts\/235122\/revisions"}],"wp:featuredmedia":[{"embeddable":true,"href":"https:\/\/portalpopmais.com.br\/en\/wp-json\/wp\/v2\/media\/235124"}],"wp:attachment":[{"href":"https:\/\/portalpopmais.com.br\/en\/wp-json\/wp\/v2\/media?parent=235122"}],"wp:term":[{"taxonomy":"category","embeddable":true,"href":"https:\/\/portalpopmais.com.br\/en\/wp-json\/wp\/v2\/categories?post=235122"},{"taxonomy":"post_tag","embeddable":true,"href":"https:\/\/portalpopmais.com.br\/en\/wp-json\/wp\/v2\/tags?post=235122"}],"curies":[{"name":"wp","href":"https:\/\/api.w.org\/{rel}","templated":true}]}}