{"id":235223,"date":"2025-07-04T06:06:21","date_gmt":"2025-07-04T09:06:21","guid":{"rendered":"https:\/\/portalpopmais.com.br\/?p=235223"},"modified":"2025-07-06T16:32:04","modified_gmt":"2025-07-06T19:32:04","slug":"lancamentos-musicais-04-de-julho-de-2025","status":"publish","type":"post","link":"https:\/\/portalpopmais.com.br\/en\/lancamentos-musicais-04-de-julho-de-2025\/","title":{"rendered":"Lan\u00e7amentos da semana: Kesha, Chefin, Japinha, Calil e mais!"},"content":{"rendered":"<p>Julho chegou! A primeira sexta-feira do m\u00eas apresenta uma lista de <a href=\"https:\/\/portalpopmais.com.br\/en\/noticias\/lancamentos\/\" data-type=\"category\" data-id=\"2164\">lan\u00e7amentos<\/a> \u00edmpar, com destaque para o retorno da <strong><a href=\"https:\/\/portalpopmais.com.br\/en\/trends\/kesha\/\" data-type=\"post_tag\" data-id=\"601\">Kesha<\/a><\/strong>. A cantora lan\u00e7ou seu primeiro \u00e1lbum independente e vamos te contar os detalhes. Tem ainda novidades do Chefin, Japinha, Dressa, Jotap\u00ea, Luan Pereira com Z\u00e9 Felipe e mais! Acompanhe na lista.<\/p>\n\n\n\n<ul class=\"wp-block-list\">\n<li><strong><a href=\"http:\/\/ikarus.mus.br\" target=\"_blank\" rel=\"noopener\">Veja as letras dos lan\u00e7amentos da semana<\/a><\/strong><\/li>\n<\/ul>\n\n\n\n<h2 class=\"wp-block-heading\">Lan\u00e7amentos da semana<\/h2>\n\n\n\n<h3 class=\"wp-block-heading\">Kesha<\/h3>\n\n\n\n<p>No dia em que os Estados Unidos celebra o feriado da independ\u00eancia, Kesha lan\u00e7ou o seu primeiro \u00e1lbum independente. Intitulado &#8220;.&#8221; (l\u00ea-se &#8220;PERIOD&#8221;), o nome simboliza um ponto final \u2014 um recome\u00e7o livre de amarras com gravadoras e produtoras que marcaram sua trajet\u00f3ria.<\/p>\n\n\n\n<figure class=\"wp-block-embed is-type-rich is-provider-spotify wp-block-embed-spotify wp-embed-aspect-21-9 wp-has-aspect-ratio\"><div class=\"wp-block-embed__wrapper\">\n<iframe title=\"Spotify Embed: .\" style=\"border-radius: 12px\" width=\"100%\" height=\"352\" frameborder=\"0\" allowfullscreen allow=\"autoplay; clipboard-write; encrypted-media; fullscreen; picture-in-picture\" loading=\"lazy\" src=\"https:\/\/open.spotify.com\/embed\/album\/0kjnLvCvaGwRDJ53kvdqi9?utm_source=oembed\"><\/iframe>\n<\/div><\/figure>\n\n\n\n<h3 class=\"wp-block-heading\">Ryu, The Runner ft. Rincon Sapi\u00eancia e Tasha &amp; Tracie<\/h3>\n\n\n\n<p>O artista Ryu The Runner d\u00e1 in\u00edcio a uma nova fase em sua carreira com o lan\u00e7amento da faixa &#8220;Bumbum&#8221;, prevista para o dia 01 de julho. O single marca o primeiro movimento de seu novo projeto e conta com colabora\u00e7\u00f5es de peso: Rincon Sapi\u00eancia e o duo Tasha e Tracie. &#8220;Eu t\u00f4 numa fase em que t\u00f4 morando sozinho, t\u00e1 ligado? Primeira vez mesmo. T\u00f4 criando mais maturidade como pessoa e tamb\u00e9m na minha m\u00fasica. Sinto que os dois est\u00e3o caminhando juntos, amadurecendo mais do que nos outros projetos que j\u00e1 fiz. E esse momento que t\u00f4 vivendo, com o primeiro passo sendo o lan\u00e7amento desse single, inaugura isso. Gira em torno do meu amadurecimento, mas tamb\u00e9m tem essa ideia de que tudo se passa dentro da minha cabe\u00e7a. Os problemas, as vontades, os empecilhos\u2026 Tudo \u00e9 meio que sobre como eu lido com as paradas. Como lido com a fama, com dinheiro, com responsabilidades\u2026 Com essa nova fase, t\u00e1 ligado? J\u00e1 sou um artista, um rapper, mas agora t\u00f4 vivendo outra etapa&#8221;, comenta Ryu.<\/p>\n\n\n\n<figure class=\"wp-block-embed is-type-rich is-provider-spotify wp-block-embed-spotify wp-embed-aspect-21-9 wp-has-aspect-ratio\"><div class=\"wp-block-embed__wrapper\">\n<iframe title=\"Spotify Embed: bumbum\" style=\"border-radius: 12px\" width=\"100%\" height=\"152\" frameborder=\"0\" allowfullscreen allow=\"autoplay; clipboard-write; encrypted-media; fullscreen; picture-in-picture\" loading=\"lazy\" src=\"https:\/\/open.spotify.com\/embed\/track\/3eDUyh00ahBwG9UQb7d20R?utm_source=oembed\"><\/iframe>\n<\/div><\/figure>\n\n\n\n<h3 class=\"wp-block-heading\">Luan Pereira e Z\u00e9 Felipe<\/h3>\n\n\n\n<p>Apo\u0301s reunir mais de 10 mil pessoas em Maringa\u0301 (PR) para gravar o maior projeto de sua carreira, Luan Pereira da\u0301 ini\u0301cio oficialmente aos lanc\u0327amentos do DVD &#8220;Debaixo do Meu Chape\u0301u&#8221; com uma aposta certeira: a ine\u0301dita &#8220;Apostar Em Voce\u0302&#8221;, em parceria com Ze\u0301 Felipe e MC Tuto. O single chega a\u0300s plataformas de a\u0301udio na quinta-feira (03), e o clipe oficial sera\u0301 liberado na sexta (05), no canal do Luan no YouTube. O projeto, que ja\u0301 nasceu grandioso e carrega a assinatura criativa e ousada de Luan, simboliza uma nova fase do artista, que aos 21 anos ja\u0301 coleciona nu\u0301meros expressivos e colaborac\u0327o\u0303es de peso. Prova disso e\u0301 o reencontro de LP com Ze\u0301 Felipe e MC Tuto, parceiros com quem Luan ja\u0301 emplacou hits no topo das paradas, como &#8220;Na\u0303o Era Love&#8221; e &#8220;Enta\u0303o Vai&#8221;.<\/p>\n\n\n\n<figure class=\"wp-block-embed is-type-rich is-provider-spotify wp-block-embed-spotify wp-embed-aspect-21-9 wp-has-aspect-ratio\"><div class=\"wp-block-embed__wrapper\">\n<iframe title=\"Spotify Embed: APOSTAR EM VOC\u00ca (Ao Vivo)\" style=\"border-radius: 12px\" width=\"100%\" height=\"352\" frameborder=\"0\" allowfullscreen allow=\"autoplay; clipboard-write; encrypted-media; fullscreen; picture-in-picture\" loading=\"lazy\" src=\"https:\/\/open.spotify.com\/embed\/album\/0pfWT0vBOULwuy2C0BvPbP?go=1&#038;nd=1&#038;dlsi=32dd987903744940&#038;utm_source=oembed\"><\/iframe>\n<\/div><\/figure>\n\n\n\n<h3 class=\"wp-block-heading\">David Guetta<\/h3>\n\n\n\n<p>David Guetta se une \u00e0 lend\u00e1ria Bonnie Tyler no single in\u00e9dito &#8220;Together&#8221;, que ser\u00e1 lan\u00e7ado nesta sexta-feira (04). A faixa promete emocionar ao incorporar um sample especial de &#8220;Total Eclipse of the Heart&#8221;, sucesso eterno da cantora nos anos 80.<\/p>\n\n\n\n<figure class=\"wp-block-embed is-type-video is-provider-youtube wp-block-embed-youtube wp-embed-aspect-4-3 wp-has-aspect-ratio\"><div class=\"wp-block-embed__wrapper\">\n<iframe loading=\"lazy\" title=\"Together (feat. Aldae)\" width=\"880\" height=\"660\" src=\"https:\/\/www.youtube.com\/embed\/sPUsAm2bvXk?feature=oembed\" frameborder=\"0\" allow=\"accelerometer; autoplay; clipboard-write; encrypted-media; gyroscope; picture-in-picture; web-share\" referrerpolicy=\"strict-origin-when-cross-origin\" allowfullscreen><\/iframe>\n<\/div><\/figure>\n\n\n\n<h3 class=\"wp-block-heading\">Devasto<\/h3>\n\n\n\n<p>Com batida marcante e letra carregada de verdade, Devasto lan\u00e7a, nesta quinta-feira (03), o single &#8220;Cria das Ruas&#8221;, um funk que traz o peso e a poesia de quem cresceu cercado por desafios, mas nunca deixou de sonhar. A m\u00fasica, que ser\u00e1 disponibilizada em todas as plataformas digitais, conta com a colabora\u00e7\u00e3o de MC Leozinho ZS, conhecido como o &#8220;Maestro das Favelas&#8221;, al\u00e9m dos talentos em ascens\u00e3o MC JSP e Vinex, sob o selo Kave, em parceria com a Warner Music Brasil.<\/p>\n\n\n\n<figure class=\"wp-block-embed is-type-video is-provider-youtube wp-block-embed-youtube wp-embed-aspect-16-9 wp-has-aspect-ratio\"><div class=\"wp-block-embed__wrapper\">\n<iframe loading=\"lazy\" title=\"Devasto Prod - Cria das ruas part MC Leozinho ZS, Vinex, MC JSP (Lyric Video)\" width=\"880\" height=\"495\" src=\"https:\/\/www.youtube.com\/embed\/GIqENTMNrMc?feature=oembed\" frameborder=\"0\" allow=\"accelerometer; autoplay; clipboard-write; encrypted-media; gyroscope; picture-in-picture; web-share\" referrerpolicy=\"strict-origin-when-cross-origin\" allowfullscreen><\/iframe>\n<\/div><\/figure>\n\n\n\n<h3 class=\"wp-block-heading\">Boladin 211<\/h3>\n\n\n\n<p>Nesta quinta-feira, 3 de julho, o cantor e compositor Boladin 211 lan\u00e7a, pela Warner Music Brasil em parceria com o selo Kave, o single &#8220;Beb\u00ea se tu passar no teste&#8221;. A faixa, que conta com as participa\u00e7\u00f5es de DJ Neeh e MC Meno K, j\u00e1 nasceu hit: antes mesmo do lan\u00e7amento oficial, viralizou no TikTok com mais de 50 mil cria\u00e7\u00f5es, consolidando-se como uma trend org\u00e2nica nas redes.<\/p>\n\n\n\n<figure class=\"wp-block-embed is-type-video is-provider-youtube wp-block-embed-youtube wp-embed-aspect-4-3 wp-has-aspect-ratio\"><div class=\"wp-block-embed__wrapper\">\n<iframe loading=\"lazy\" title=\"Beb\u00ea se tu passar no teste\" width=\"880\" height=\"660\" src=\"https:\/\/www.youtube.com\/embed\/_DzQY3ZfSe0?feature=oembed\" frameborder=\"0\" allow=\"accelerometer; autoplay; clipboard-write; encrypted-media; gyroscope; picture-in-picture; web-share\" referrerpolicy=\"strict-origin-when-cross-origin\" allowfullscreen><\/iframe>\n<\/div><\/figure>\n\n\n\n<h3 class=\"wp-block-heading\">DRESSA<\/h3>\n\n\n\n<p>DRESSA acaba de apresentar \u201cLembran\u00e7as\u201d, atrav\u00e9s das plataformas de streaming. A faixa \u00e9 a primeira dessa nova era da ex-Hyperanhas, que culminar\u00e1 com o lan\u00e7amento de seu \u00e1lbum de estreia, no segundo semestre do ano. O projeto \u00e9 assinado pela CAPITAL, gravadora que tem MC PH e os s\u00f3cios da ObraDigital como fundadores. \u201cLembran\u00e7as\u201d traz uma atmosfera noturna que funde a pulsa\u00e7\u00e3o da m\u00fasica eletr\u00f4nica \u00e0 densidade emocional da cena urbana contempor\u00e2nea. Uma faixa que evoca intensidade emocional sem perder o pulso da pista, marcando uma nova fase est\u00e9tica e pessoal de sua carreira. Para consolidar essa transi\u00e7\u00e3o de carreira de DRESSA, o lan\u00e7amento est\u00e1 ancorado em uma campanha audiovisual potente e um videoclipe cinematogr\u00e1fico, assinados por Pam Martins, reconhecida pela dire\u00e7\u00e3o de ic\u00f4nicos trabalhos de Lu\u00edsa Sonza.<\/p>\n\n\n\n<figure class=\"wp-block-embed is-type-video is-provider-youtube wp-block-embed-youtube wp-embed-aspect-4-3 wp-has-aspect-ratio\"><div class=\"wp-block-embed__wrapper\">\n<iframe loading=\"lazy\" title=\"Lembran\u00e7as\" width=\"880\" height=\"660\" src=\"https:\/\/www.youtube.com\/embed\/wgj-NJIqAQY?feature=oembed\" frameborder=\"0\" allow=\"accelerometer; autoplay; clipboard-write; encrypted-media; gyroscope; picture-in-picture; web-share\" referrerpolicy=\"strict-origin-when-cross-origin\" allowfullscreen><\/iframe>\n<\/div><\/figure>\n\n\n\n<h3 class=\"wp-block-heading\">Japinha<\/h3>\n\n\n\n<p>A cantora Japinha lan\u00e7ou \u201cMeu Corpo Tem Mem\u00f3ria\u201d, sua nova m\u00fasica em parceria com a dupla Diego &amp; Victor Hugo, atualmente uma das mais ouvidas do Brasil. A novidade chega acompanhada de um audiovisual, gravado em Goi\u00e2nia (GO).<\/p>\n\n\n\n<figure class=\"wp-block-embed is-type-video is-provider-youtube wp-block-embed-youtube wp-embed-aspect-4-3 wp-has-aspect-ratio\"><div class=\"wp-block-embed__wrapper\">\n<iframe loading=\"lazy\" title=\"Meu Corpo Tem Mem\u00f3ria\" width=\"880\" height=\"660\" src=\"https:\/\/www.youtube.com\/embed\/iG610lsmvco?feature=oembed\" frameborder=\"0\" allow=\"accelerometer; autoplay; clipboard-write; encrypted-media; gyroscope; picture-in-picture; web-share\" referrerpolicy=\"strict-origin-when-cross-origin\" allowfullscreen><\/iframe>\n<\/div><\/figure>\n\n\n\n<h3 class=\"wp-block-heading\">Calil<\/h3>\n\n\n\n<p>No mundo acelerado dos desejos e cobran\u00e7as, CALIL prop\u00f5e uma pausa. Uma respira\u00e7\u00e3o. Um olhar para o que realmente importa. \u00c9 assim que nasce \u201cPassageiros\u201d, seu novo single autoral, que chega \u00e0s plataformas digitais no dia 3 de julho, \u00e0s 21h. A faixa marca o in\u00edcio de um novo cap\u00edtulo na carreira do artista, sendo a primeira amostra de seu pr\u00f3ximo \u00e1lbum, e mergulha em reflex\u00f5es existenciais sobre tempo, amor e prop\u00f3sito.<\/p>\n\n\n\n<figure class=\"wp-block-embed is-type-video is-provider-youtube wp-block-embed-youtube wp-embed-aspect-4-3 wp-has-aspect-ratio\"><div class=\"wp-block-embed__wrapper\">\n<iframe loading=\"lazy\" title=\"PASSAGEIROS\" width=\"880\" height=\"660\" src=\"https:\/\/www.youtube.com\/embed\/Y5cLzajL5H4?feature=oembed\" frameborder=\"0\" allow=\"accelerometer; autoplay; clipboard-write; encrypted-media; gyroscope; picture-in-picture; web-share\" referrerpolicy=\"strict-origin-when-cross-origin\" allowfullscreen><\/iframe>\n<\/div><\/figure>\n\n\n\n<h3 class=\"wp-block-heading\">Gustavo Vaz<\/h3>\n\n\n\n<p>O cantor, compositor e violonista Gustavo Vaz estreia sua carreira solo com o lan\u00e7amento do single \u201ctodas as vezes que voc\u00ea voltar\u201d, primeiro projeto autoral sob o selo No Santo Som. A m\u00fasica marca o in\u00edcio de uma nova fase na trajet\u00f3ria do artista mineiro, j\u00e1 reconhecido nas redes por sua conex\u00e3o profunda com a m\u00fasica popular brasileira.<\/p>\n\n\n\n<figure class=\"wp-block-embed is-type-video is-provider-youtube wp-block-embed-youtube wp-embed-aspect-4-3 wp-has-aspect-ratio\"><div class=\"wp-block-embed__wrapper\">\n<iframe loading=\"lazy\" title=\"todas as vezes que voce\u0302 voltar\" width=\"880\" height=\"660\" src=\"https:\/\/www.youtube.com\/embed\/9EFYSgOLmqE?feature=oembed\" frameborder=\"0\" allow=\"accelerometer; autoplay; clipboard-write; encrypted-media; gyroscope; picture-in-picture; web-share\" referrerpolicy=\"strict-origin-when-cross-origin\" allowfullscreen><\/iframe>\n<\/div><\/figure>\n\n\n\n<h3 class=\"wp-block-heading\">Mumuzinho e MC IG<\/h3>\n\n\n\n<p>Mumuzinho surpreende novamente seus f\u00e3s com o lan\u00e7amento do single &#8220;Raiva nas Outras&#8221;. A m\u00fasica, que traz a participa\u00e7\u00e3o especial do funkeiro MC IG, ser\u00e1 incorporada ao projeto &#8220;Conectado&#8221;, de Mumuzinho. &#8220;MC IG \u00e9 hoje um dos maiores nomes da cena urban do Brasil, al\u00e9m de ser um artista conectado com o pagode. Foi muito legal contar com a presen\u00e7a dele no DVD trazendo toda essa mistura com o funk&#8221;, conta Mumuzinho.<\/p>\n\n\n\n<figure class=\"wp-block-embed is-type-video is-provider-youtube wp-block-embed-youtube wp-embed-aspect-4-3 wp-has-aspect-ratio\"><div class=\"wp-block-embed__wrapper\">\n<iframe loading=\"lazy\" title=\"Raiva Nas Outras (Ao Vivo)\" width=\"880\" height=\"660\" src=\"https:\/\/www.youtube.com\/embed\/ml3j2bEeXD0?feature=oembed\" frameborder=\"0\" allow=\"accelerometer; autoplay; clipboard-write; encrypted-media; gyroscope; picture-in-picture; web-share\" referrerpolicy=\"strict-origin-when-cross-origin\" allowfullscreen><\/iframe>\n<\/div><\/figure>\n\n\n\n<h2 class=\"wp-block-heading\">Jotap\u00ea<\/h2>\n\n\n\n<p>\u201cAt\u00e9 A \u00daltima Rima\u201d \u00e9 o t\u00edtulo do \u00e1lbum do Jotap\u00ea, lan\u00e7ado esta semana. Com produ\u00e7\u00e3o musical de Papatinho, o disco traz 14 faixas e participa\u00e7\u00f5es especiais que comprovam o talento de Jotap\u00ea, com os nomes de Emicida, Major RD, Lezin, L7NNON e Lulu Santos. O projeto \u00e9 guiado por uma est\u00e9tica narrativa densa, cinematogr\u00e1fica, misturando viv\u00eancias pessoais e refer\u00eancias culturais que atravessam temas como racismo, identidade, ritos, afetos e heran\u00e7as. Em junho, o artista liberou a m\u00fasica \u201cO Legado de Pryor\u201d como pr\u00e9via do que est\u00e1 por vir.<\/p>\n\n\n\n<figure class=\"wp-block-embed is-type-rich is-provider-spotify wp-block-embed-spotify wp-embed-aspect-21-9 wp-has-aspect-ratio\"><div class=\"wp-block-embed__wrapper\">\n<iframe title=\"Spotify Embed: At\u00e9 A \u00daltima Rima\" style=\"border-radius: 12px\" width=\"100%\" height=\"352\" frameborder=\"0\" allowfullscreen allow=\"autoplay; clipboard-write; encrypted-media; fullscreen; picture-in-picture\" loading=\"lazy\" src=\"https:\/\/open.spotify.com\/embed\/album\/0q7BnzgfpF9TiaYAN01K3E?utm_source=oembed\"><\/iframe>\n<\/div><\/figure>\n\n\n\n<h3 class=\"wp-block-heading\">MP Grey<\/h3>\n\n\n\n<figure class=\"wp-block-embed is-type-rich is-provider-spotify wp-block-embed-spotify wp-embed-aspect-21-9 wp-has-aspect-ratio\"><div class=\"wp-block-embed__wrapper\">\n<iframe title=\"Spotify Embed: Friends\" style=\"border-radius: 12px\" width=\"100%\" height=\"352\" frameborder=\"0\" allowfullscreen allow=\"autoplay; clipboard-write; encrypted-media; fullscreen; picture-in-picture\" loading=\"lazy\" src=\"https:\/\/open.spotify.com\/embed\/album\/3Hqx9A2SOJAtVibYxcDMXS?utm_source=oembed\"><\/iframe>\n<\/div><\/figure>\n\n\n\n<h3 class=\"wp-block-heading\">Calu Vini<\/h3>\n\n\n\n<p>Calu Vini lan\u00e7ou a faixa &#8220;Farol Vermelho&#8221;. Um pop melanc\u00f3lico e dan\u00e7ante, feito pra quem sente a batida no peito e n\u00e3o tem medo de viver intensamente.<\/p>\n\n\n\n<figure class=\"wp-block-embed is-type-video is-provider-youtube wp-block-embed-youtube wp-embed-aspect-4-3 wp-has-aspect-ratio\"><div class=\"wp-block-embed__wrapper\">\n<iframe loading=\"lazy\" title=\"CALU VINI - FAROL VERMELHO (N LAN\u00c7ADA)\" width=\"880\" height=\"660\" src=\"https:\/\/www.youtube.com\/embed\/k7l2iVsjvvI?feature=oembed\" frameborder=\"0\" allow=\"accelerometer; autoplay; clipboard-write; encrypted-media; gyroscope; picture-in-picture; web-share\" referrerpolicy=\"strict-origin-when-cross-origin\" allowfullscreen><\/iframe>\n<\/div><\/figure>\n\n\n\n<h3 class=\"wp-block-heading\">The Kind Hills<\/h3>\n\n\n\n<figure class=\"wp-block-embed is-type-rich is-provider-spotify wp-block-embed-spotify wp-embed-aspect-21-9 wp-has-aspect-ratio\"><div class=\"wp-block-embed__wrapper\">\n<iframe title=\"Spotify Embed: Feeling Blue with You\" style=\"border-radius: 12px\" width=\"100%\" height=\"352\" frameborder=\"0\" allowfullscreen allow=\"autoplay; clipboard-write; encrypted-media; fullscreen; picture-in-picture\" loading=\"lazy\" src=\"https:\/\/open.spotify.com\/embed\/album\/7aLKWzK7SlPrrLfBfIwoJU?si=apwzRsMZRy6Z7YP0n5gy6w&#038;utm_source=oembed\"><\/iframe>\n<\/div><\/figure>\n\n\n\n<h3 class=\"wp-block-heading\">Tutipsy<\/h3>\n\n\n\n<p>&#8220;Afro Disco&#8221; \u00e9 uma fus\u00e3o de ritmos afro e elementos nost\u00e1lgicos da disco, criada para fazer as pessoas dan\u00e7arem e sorrirem durante todo o ver\u00e3o. Com uma paisagem sonora de inspira\u00e7\u00e3o retr\u00f4, enraizada nos anos 70 e um toque de afrobeats, Tutipsy e Niickii levam os ouvintes a uma jornada de bem-estar que parece familiar e nova. Esta faixa captura a ess\u00eancia de uma noite alegre em uma discoteca, envolta em energia afro moderna.<\/p>\n\n\n\n<figure class=\"wp-block-embed is-type-video is-provider-youtube wp-block-embed-youtube wp-embed-aspect-16-9 wp-has-aspect-ratio\"><div class=\"wp-block-embed__wrapper\">\n<iframe loading=\"lazy\" title=\"Afro Disco - (Audio) -Tutipsy &amp; Niickii\" width=\"880\" height=\"495\" src=\"https:\/\/www.youtube.com\/embed\/D0Ts2u5MB7s?feature=oembed\" frameborder=\"0\" allow=\"accelerometer; autoplay; clipboard-write; encrypted-media; gyroscope; picture-in-picture; web-share\" referrerpolicy=\"strict-origin-when-cross-origin\" allowfullscreen><\/iframe>\n<\/div><\/figure>\n\n\n\n<h3 class=\"wp-block-heading\">Brandi Burkhardt<\/h3>\n\n\n\n<figure class=\"wp-block-embed is-type-rich is-provider-spotify wp-block-embed-spotify wp-embed-aspect-21-9 wp-has-aspect-ratio\"><div class=\"wp-block-embed__wrapper\">\n<iframe title=\"Spotify Embed: ^magic^\" style=\"border-radius: 12px\" width=\"100%\" height=\"152\" frameborder=\"0\" allowfullscreen allow=\"autoplay; clipboard-write; encrypted-media; fullscreen; picture-in-picture\" loading=\"lazy\" src=\"https:\/\/open.spotify.com\/embed\/track\/6XAfLuTYPClewbgvQ313iJ?si=39c7edfe6090426a&#038;utm_source=oembed\"><\/iframe>\n<\/div><\/figure>\n\n\n\n<h3 class=\"wp-block-heading\">Joe&#8217;s Chance<\/h3>\n\n\n\n<p>\u201cFew More Words\u201d \u00e9 uma faixa indie pop animada que exala vibra\u00e7\u00f5es de ver\u00e3o, com sintetizadores vibrantes, bateria e baixo pulsantes e samples atrevidos!<\/p>\n\n\n\n<figure class=\"wp-block-embed is-type-video is-provider-youtube wp-block-embed-youtube wp-embed-aspect-4-3 wp-has-aspect-ratio\"><div class=\"wp-block-embed__wrapper\">\n<iframe loading=\"lazy\" title=\"Few More Words\" width=\"880\" height=\"660\" src=\"https:\/\/www.youtube.com\/embed\/AsSgLH48Z20?feature=oembed\" frameborder=\"0\" allow=\"accelerometer; autoplay; clipboard-write; encrypted-media; gyroscope; picture-in-picture; web-share\" referrerpolicy=\"strict-origin-when-cross-origin\" allowfullscreen><\/iframe>\n<\/div><\/figure>\n\n\n\n<h3 class=\"wp-block-heading\">Monica Casagrande<\/h3>\n\n\n\n<p>\u201cThe Last Ones\u201d \u00e9 o cap\u00edtulo final do EP Mar\u00e9 Bruta, onde Monica Casagrande mergulha na tens\u00e3o crua do desejo e da conex\u00e3o \u00edntima. Inspirada por Portishead, The XX, Thom Yorke e Miles Davis (The Man with The Horn), a faixa mistura jazz, trip hop e rock atmosf\u00e9rico com uma produ\u00e7\u00e3o cinematogr\u00e1fica e sensual. Produzida por Alexandre Elias, a m\u00fasica encerra o EP com for\u00e7a.<\/p>\n\n\n\n<figure class=\"wp-block-embed is-type-video is-provider-youtube wp-block-embed-youtube wp-embed-aspect-16-9 wp-has-aspect-ratio\"><div class=\"wp-block-embed__wrapper\">\n<iframe loading=\"lazy\" title=\"Monica Casagrande - The Last Ones\" width=\"880\" height=\"495\" src=\"https:\/\/www.youtube.com\/embed\/kskz6Rem4es?feature=oembed\" frameborder=\"0\" allow=\"accelerometer; autoplay; clipboard-write; encrypted-media; gyroscope; picture-in-picture; web-share\" referrerpolicy=\"strict-origin-when-cross-origin\" allowfullscreen><\/iframe>\n<\/div><\/figure>\n\n\n\n<h3 class=\"wp-block-heading\">Bird<\/h3>\n\n\n\n<figure class=\"wp-block-embed is-type-rich is-provider-spotify wp-block-embed-spotify wp-embed-aspect-21-9 wp-has-aspect-ratio\"><div class=\"wp-block-embed__wrapper\">\n<iframe title=\"Spotify Embed: Heads or Tales\" style=\"border-radius: 12px\" width=\"100%\" height=\"352\" frameborder=\"0\" allowfullscreen allow=\"autoplay; clipboard-write; encrypted-media; fullscreen; picture-in-picture\" loading=\"lazy\" src=\"https:\/\/open.spotify.com\/embed\/album\/0PFUkTIA67fAw7yTBxjMTn?si=bBuVgJsrRUOVhe8Mn8IQJQ&#038;utm_source=oembed\"><\/iframe>\n<\/div><\/figure>\n\n\n\n<h3 class=\"wp-block-heading\">Luiz Novaes<\/h3>\n\n\n\n<p>A nova vers\u00e3o de C\u00e9u e Mar (ac\u00fastico) realiza o desenvolvimento da harmonia no viol\u00e3o, refor\u00e7ando a forma l\u00edrica que mensagem pede. O tom intimista n\u00e3o deixa nenhuma d\u00favida sobre como surge o amor. Coisas que n\u00e3o sei, que n\u00e3o sei, diz a letra.<\/p>\n\n\n\n<figure class=\"wp-block-embed is-type-video is-provider-youtube wp-block-embed-youtube wp-embed-aspect-16-9 wp-has-aspect-ratio\"><div class=\"wp-block-embed__wrapper\">\n<iframe loading=\"lazy\" title=\"C\u00c9U E MAR  ( Ac\u00fastico)\" width=\"880\" height=\"495\" src=\"https:\/\/www.youtube.com\/embed\/2wRJ1Bpz8A8?feature=oembed\" frameborder=\"0\" allow=\"accelerometer; autoplay; clipboard-write; encrypted-media; gyroscope; picture-in-picture; web-share\" referrerpolicy=\"strict-origin-when-cross-origin\" allowfullscreen><\/iframe>\n<\/div><\/figure>\n\n\n\n<h2 class=\"wp-block-heading has-text-align-center has-cyan-bluish-gray-background-color has-background\">Selecionadas do editor<\/h2>\n\n\n\n<h3 class=\"wp-block-heading\">COMMOTION<\/h3>\n\n\n\n<figure class=\"wp-block-embed is-type-rich is-provider-spotify wp-block-embed-spotify wp-embed-aspect-21-9 wp-has-aspect-ratio\"><div class=\"wp-block-embed__wrapper\">\n<iframe title=\"Spotify Embed: booty calls - rewind remix\" style=\"border-radius: 12px\" width=\"100%\" height=\"152\" frameborder=\"0\" allowfullscreen allow=\"autoplay; clipboard-write; encrypted-media; fullscreen; picture-in-picture\" loading=\"lazy\" src=\"https:\/\/open.spotify.com\/embed\/track\/1iv5fLVnRGezSUT3GdV7S2?utm_source=oembed\"><\/iframe>\n<\/div><\/figure>\n\n\n\n<h3 class=\"wp-block-heading\">Stefan Certic<\/h3>\n\n\n\n<figure class=\"wp-block-embed is-type-rich is-provider-spotify wp-block-embed-spotify wp-embed-aspect-21-9 wp-has-aspect-ratio\"><div class=\"wp-block-embed__wrapper\">\n<iframe title=\"Spotify Embed: The World of Mine\" style=\"border-radius: 12px\" width=\"100%\" height=\"352\" frameborder=\"0\" allowfullscreen allow=\"autoplay; clipboard-write; encrypted-media; fullscreen; picture-in-picture\" loading=\"lazy\" src=\"https:\/\/open.spotify.com\/embed\/album\/78QRuMWS3mZbli2vsOf3M0?utm_source=oembed\"><\/iframe>\n<\/div><\/figure>\n\n\n\n<h3 class=\"wp-block-heading\">OLIVIER BRUNIE<\/h3>\n\n\n\n<figure class=\"wp-block-embed is-type-video is-provider-youtube wp-block-embed-youtube wp-embed-aspect-16-9 wp-has-aspect-ratio\"><div class=\"wp-block-embed__wrapper\">\n<iframe loading=\"lazy\" title=\"OLIVIER BRUNIE  Nos grands d\u00e9serts\" width=\"880\" height=\"495\" src=\"https:\/\/www.youtube.com\/embed\/TVBX6FxcEGE?feature=oembed\" frameborder=\"0\" allow=\"accelerometer; autoplay; clipboard-write; encrypted-media; gyroscope; picture-in-picture; web-share\" referrerpolicy=\"strict-origin-when-cross-origin\" allowfullscreen><\/iframe>\n<\/div><\/figure>\n\n\n\n<h3 class=\"wp-block-heading\">Gerina<\/h3>\n\n\n\n<figure class=\"wp-block-embed is-type-video is-provider-youtube wp-block-embed-youtube wp-embed-aspect-4-3 wp-has-aspect-ratio\"><div class=\"wp-block-embed__wrapper\">\n<iframe loading=\"lazy\" title=\"Gerina - Lo Que No Tienes (Video Oficial de Animaci\u00f3n)\" width=\"880\" height=\"660\" src=\"https:\/\/www.youtube.com\/embed\/jKRYF1w91DE?feature=oembed\" frameborder=\"0\" allow=\"accelerometer; autoplay; clipboard-write; encrypted-media; gyroscope; picture-in-picture; web-share\" referrerpolicy=\"strict-origin-when-cross-origin\" allowfullscreen><\/iframe>\n<\/div><\/figure>\n\n\n\n<h3 class=\"wp-block-heading\">Empara Mi<\/h3>\n\n\n\n<figure class=\"wp-block-embed is-type-video is-provider-youtube wp-block-embed-youtube wp-embed-aspect-16-9 wp-has-aspect-ratio\"><div class=\"wp-block-embed__wrapper\">\n<iframe loading=\"lazy\" title=\"Empara Mi - CLOSER TO HEAVEN (Official Music Video)\" width=\"880\" height=\"495\" src=\"https:\/\/www.youtube.com\/embed\/ahZ6D_Ozov8?feature=oembed\" frameborder=\"0\" allow=\"accelerometer; autoplay; clipboard-write; encrypted-media; gyroscope; picture-in-picture; web-share\" referrerpolicy=\"strict-origin-when-cross-origin\" allowfullscreen><\/iframe>\n<\/div><\/figure>\n\n\n\n<h3 class=\"wp-block-heading\">YUSTA<\/h3>\n\n\n\n<figure class=\"wp-block-embed is-type-rich is-provider-spotify wp-block-embed-spotify wp-embed-aspect-21-9 wp-has-aspect-ratio\"><div class=\"wp-block-embed__wrapper\">\n<iframe title=\"Spotify Embed: Lean on Me Baby\" style=\"border-radius: 12px\" width=\"100%\" height=\"152\" frameborder=\"0\" allowfullscreen allow=\"autoplay; clipboard-write; encrypted-media; fullscreen; picture-in-picture\" loading=\"lazy\" src=\"https:\/\/open.spotify.com\/embed\/track\/7p5YTr2urukMCFze6e8RD4?utm_source=oembed\"><\/iframe>\n<\/div><\/figure>\n\n\n\n<h3 class=\"wp-block-heading\">SAMO<\/h3>\n\n\n\n<figure class=\"wp-block-embed is-type-video is-provider-youtube wp-block-embed-youtube wp-embed-aspect-16-9 wp-has-aspect-ratio\"><div class=\"wp-block-embed__wrapper\">\n<iframe loading=\"lazy\" title=\"SAMO feat De Leve - Cha\u0301zinho na cama (Foco nas aposentadas)\" width=\"880\" height=\"495\" src=\"https:\/\/www.youtube.com\/embed\/rsHwJMlBhhU?feature=oembed\" frameborder=\"0\" allow=\"accelerometer; autoplay; clipboard-write; encrypted-media; gyroscope; picture-in-picture; web-share\" referrerpolicy=\"strict-origin-when-cross-origin\" allowfullscreen><\/iframe>\n<\/div><\/figure>\n\n\n\n<h3 class=\"wp-block-heading\">Cushman<\/h3>\n\n\n\n<figure class=\"wp-block-embed is-type-rich is-provider-spotify wp-block-embed-spotify wp-embed-aspect-21-9 wp-has-aspect-ratio\"><div class=\"wp-block-embed__wrapper\">\n<iframe title=\"Spotify Embed: Devotion\" style=\"border-radius: 12px\" width=\"100%\" height=\"152\" frameborder=\"0\" allowfullscreen allow=\"autoplay; clipboard-write; encrypted-media; fullscreen; picture-in-picture\" loading=\"lazy\" src=\"https:\/\/open.spotify.com\/embed\/track\/4Bn9xRtU6AEksZ7tlmPU3w?si=8e49e9c0cc6748d1&#038;utm_source=oembed\"><\/iframe>\n<\/div><\/figure>\n\n\n\n<h3 class=\"wp-block-heading\">The Lovelines<\/h3>\n\n\n\n<figure class=\"wp-block-embed is-type-video is-provider-youtube wp-block-embed-youtube wp-embed-aspect-16-9 wp-has-aspect-ratio\"><div class=\"wp-block-embed__wrapper\">\n<iframe loading=\"lazy\" title=\"The Lovelines - Killing Floor\" width=\"880\" height=\"495\" src=\"https:\/\/www.youtube.com\/embed\/eVUv1MBgoYE?feature=oembed\" frameborder=\"0\" allow=\"accelerometer; autoplay; clipboard-write; encrypted-media; gyroscope; picture-in-picture; web-share\" referrerpolicy=\"strict-origin-when-cross-origin\" allowfullscreen><\/iframe>\n<\/div><\/figure>\n\n\n\n<h3 class=\"wp-block-heading\">Ooberfuse<\/h3>\n\n\n\n<figure class=\"wp-block-embed is-type-rich is-provider-spotify wp-block-embed-spotify wp-embed-aspect-21-9 wp-has-aspect-ratio\"><div class=\"wp-block-embed__wrapper\">\n<iframe title=\"Spotify Embed: Dying son\" style=\"border-radius: 12px\" width=\"100%\" height=\"152\" frameborder=\"0\" allowfullscreen allow=\"autoplay; clipboard-write; encrypted-media; fullscreen; picture-in-picture\" loading=\"lazy\" src=\"https:\/\/open.spotify.com\/embed\/track\/23cLUxf3EczqLYEAA6IVG7?utm_source=oembed\"><\/iframe>\n<\/div><\/figure>\n\n\n\n<h3 class=\"wp-block-heading\">Etherdene<\/h3>\n\n\n\n<figure class=\"wp-block-embed is-type-video is-provider-youtube wp-block-embed-youtube wp-embed-aspect-4-3 wp-has-aspect-ratio\"><div class=\"wp-block-embed__wrapper\">\n<iframe loading=\"lazy\" title=\"The End\" width=\"880\" height=\"660\" src=\"https:\/\/www.youtube.com\/embed\/EeeGeqd01zI?feature=oembed\" frameborder=\"0\" allow=\"accelerometer; autoplay; clipboard-write; encrypted-media; gyroscope; picture-in-picture; web-share\" referrerpolicy=\"strict-origin-when-cross-origin\" allowfullscreen><\/iframe>\n<\/div><\/figure>\n\n\n\n<h3 class=\"wp-block-heading\">Popkanon<\/h3>\n\n\n\n<figure class=\"wp-block-embed is-type-video is-provider-youtube wp-block-embed-youtube wp-embed-aspect-4-3 wp-has-aspect-ratio\"><div class=\"wp-block-embed__wrapper\">\n<iframe loading=\"lazy\" title=\"Save Your Cry\" width=\"880\" height=\"660\" src=\"https:\/\/www.youtube.com\/embed\/4Y1iFM8AReE?feature=oembed\" frameborder=\"0\" allow=\"accelerometer; autoplay; clipboard-write; encrypted-media; gyroscope; picture-in-picture; web-share\" referrerpolicy=\"strict-origin-when-cross-origin\" allowfullscreen><\/iframe>\n<\/div><\/figure>\n\n\n\n<h3 class=\"wp-block-heading\">The Frenchy Captains<\/h3>\n\n\n\n<figure class=\"wp-block-embed is-type-video is-provider-youtube wp-block-embed-youtube wp-embed-aspect-16-9 wp-has-aspect-ratio\"><div class=\"wp-block-embed__wrapper\">\n<iframe loading=\"lazy\" title=\"SEARCHING FOR EVIDENCE (Live) by The Frenchy Captains - &quot;Out Of Nowhere&quot; Live L.P. 2025\" width=\"880\" height=\"495\" src=\"https:\/\/www.youtube.com\/embed\/0zxt_rCyCmc?feature=oembed\" frameborder=\"0\" allow=\"accelerometer; autoplay; clipboard-write; encrypted-media; gyroscope; picture-in-picture; web-share\" referrerpolicy=\"strict-origin-when-cross-origin\" allowfullscreen><\/iframe>\n<\/div><\/figure>\n\n\n\n<h3 class=\"wp-block-heading\">Mystic Alpin<\/h3>\n\n\n\n<figure class=\"wp-block-embed is-type-video is-provider-youtube wp-block-embed-youtube wp-embed-aspect-16-9 wp-has-aspect-ratio\"><div class=\"wp-block-embed__wrapper\">\n<iframe loading=\"lazy\" title=\"TEASER: MYSTIC ALPIN Premiere im KULT in HOF bei Salzburg am 10.5. 2025\" width=\"880\" height=\"495\" src=\"https:\/\/www.youtube.com\/embed\/9_OAOsfpS8w?feature=oembed\" frameborder=\"0\" allow=\"accelerometer; autoplay; clipboard-write; encrypted-media; gyroscope; picture-in-picture; web-share\" referrerpolicy=\"strict-origin-when-cross-origin\" allowfullscreen><\/iframe>\n<\/div><\/figure>\n\n\n\n<h3 class=\"wp-block-heading\">Thalia Sophia<\/h3>\n\n\n\n<figure class=\"wp-block-embed is-type-video is-provider-youtube wp-block-embed-youtube wp-embed-aspect-16-9 wp-has-aspect-ratio\"><div class=\"wp-block-embed__wrapper\">\n<iframe loading=\"lazy\" title=\"Thalia Sophia - Sweet &amp; Sultry\" width=\"880\" height=\"495\" src=\"https:\/\/www.youtube.com\/embed\/ndEn8ZGn7do?feature=oembed\" frameborder=\"0\" allow=\"accelerometer; autoplay; clipboard-write; encrypted-media; gyroscope; picture-in-picture; web-share\" referrerpolicy=\"strict-origin-when-cross-origin\" allowfullscreen><\/iframe>\n<\/div><\/figure>\n\n\n\n<h3 class=\"wp-block-heading\">Attaboy<\/h3>\n\n\n\n<figure class=\"wp-block-embed is-type-video is-provider-youtube wp-block-embed-youtube wp-embed-aspect-4-3 wp-has-aspect-ratio\"><div class=\"wp-block-embed__wrapper\">\n<iframe loading=\"lazy\" title=\"Lost in Time\" width=\"880\" height=\"660\" src=\"https:\/\/www.youtube.com\/embed\/GiNVk_w-z20?feature=oembed\" frameborder=\"0\" allow=\"accelerometer; autoplay; clipboard-write; encrypted-media; gyroscope; picture-in-picture; web-share\" referrerpolicy=\"strict-origin-when-cross-origin\" allowfullscreen><\/iframe>\n<\/div><\/figure>\n\n\n\n<h3 class=\"wp-block-heading\">Baba Shrimps<\/h3>\n\n\n\n<figure class=\"wp-block-embed is-type-video is-provider-youtube wp-block-embed-youtube wp-embed-aspect-16-9 wp-has-aspect-ratio\"><div class=\"wp-block-embed__wrapper\">\n<iframe loading=\"lazy\" title=\"Baba Shrimps - The Game\" width=\"880\" height=\"495\" src=\"https:\/\/www.youtube.com\/embed\/XfXNfL0aouo?feature=oembed\" frameborder=\"0\" allow=\"accelerometer; autoplay; clipboard-write; encrypted-media; gyroscope; picture-in-picture; web-share\" referrerpolicy=\"strict-origin-when-cross-origin\" allowfullscreen><\/iframe>\n<\/div><\/figure>","protected":false},"excerpt":{"rendered":"<p>Julho chegou! A primeira sexta-feira do m\u00eas apresenta uma lista de lan\u00e7amentos \u00edmpar, com destaque para o retorno da Kesha. A cantora lan\u00e7ou seu primeiro \u00e1lbum independente e vamos te contar os detalhes. Tem ainda novidades do Chefin, Japinha, Dressa, Jotap\u00ea, Luan Pereira com Z\u00e9 Felipe e mais! Acompanhe na lista. Lan\u00e7amentos da semana Kesha [&hellip;]<\/p>\n","protected":false},"author":1,"featured_media":180121,"comment_status":"closed","ping_status":"closed","sticky":false,"template":"","format":"standard","meta":{"footnotes":""},"categories":[154,2164],"tags":[601,7732],"class_list":["post-235223","post","type-post","status-publish","format-standard","has-post-thumbnail","hentry","category-musica","category-lancamentos","tag-kesha","tag-lancamentos"],"_links":{"self":[{"href":"https:\/\/portalpopmais.com.br\/en\/wp-json\/wp\/v2\/posts\/235223","targetHints":{"allow":["GET"]}}],"collection":[{"href":"https:\/\/portalpopmais.com.br\/en\/wp-json\/wp\/v2\/posts"}],"about":[{"href":"https:\/\/portalpopmais.com.br\/en\/wp-json\/wp\/v2\/types\/post"}],"author":[{"embeddable":true,"href":"https:\/\/portalpopmais.com.br\/en\/wp-json\/wp\/v2\/users\/1"}],"replies":[{"embeddable":true,"href":"https:\/\/portalpopmais.com.br\/en\/wp-json\/wp\/v2\/comments?post=235223"}],"version-history":[{"count":0,"href":"https:\/\/portalpopmais.com.br\/en\/wp-json\/wp\/v2\/posts\/235223\/revisions"}],"wp:featuredmedia":[{"embeddable":true,"href":"https:\/\/portalpopmais.com.br\/en\/wp-json\/wp\/v2\/media\/180121"}],"wp:attachment":[{"href":"https:\/\/portalpopmais.com.br\/en\/wp-json\/wp\/v2\/media?parent=235223"}],"wp:term":[{"taxonomy":"category","embeddable":true,"href":"https:\/\/portalpopmais.com.br\/en\/wp-json\/wp\/v2\/categories?post=235223"},{"taxonomy":"post_tag","embeddable":true,"href":"https:\/\/portalpopmais.com.br\/en\/wp-json\/wp\/v2\/tags?post=235223"}],"curies":[{"name":"wp","href":"https:\/\/api.w.org\/{rel}","templated":true}]}}