{"id":235716,"date":"2025-07-07T14:45:26","date_gmt":"2025-07-07T17:45:26","guid":{"rendered":"https:\/\/portalpopmais.com.br\/?p=235716"},"modified":"2025-07-07T14:53:46","modified_gmt":"2025-07-07T17:53:46","slug":"arrumando-as-malas-com-welignton-costa-se-consolida-como-sucesso-de-audiencia-no-sbt-interior","status":"publish","type":"post","link":"https:\/\/portalpopmais.com.br\/en\/arrumando-as-malas-com-welignton-costa-se-consolida-como-sucesso-de-audiencia-no-sbt-interior\/","title":{"rendered":"\u201cArrumando as Malas\u201d, com Welignton Costa, se consolida como sucesso de audi\u00eancia no SBT Interior"},"content":{"rendered":"<p class=\"has-text-align-center\"><em><strong>Programa dominical mistura turismo, cultura, entretenimento e m\u00fasica com leveza e proximidade, conquistando p\u00fablico na TV e nas redes sociais<\/strong><\/em><\/p>\n\n\n\n<p>O programa \u201cArrumando as Malas\u201d, exibido pelo SBT Interior, tem se destacado como um dos maiores sucessos recentes da emissora regional, aumentando os \u00edndices de audi\u00eancia e fortalecendo a conex\u00e3o com o p\u00fablico do interior paulista. Comandado pelo carism\u00e1tico Welignton Costa, a atra\u00e7\u00e3o vai ao ar todos os domingos, \u00e0s 9h30, levando ao telespectador destinos nacionais e internacionais, al\u00e9m de dicas culturais, entrevistas inspiradoras e experi\u00eancias inusitadas.<\/p>\n\n\n\n<p>Misturando turismo, entretenimento e informa\u00e7\u00e3o com uma linguagem acess\u00edvel e din\u00e2mica, o programa se tornou uma companhia leve para o p\u00fablico nas manh\u00e3s de domingo. Com roteiro envolvente e imagens de alta qualidade, \u201cArrumando as Malas\u201d aposta na autenticidade para apresentar os bastidores das viagens, mostrando n\u00e3o apenas os pontos tur\u00edsticos, mas tamb\u00e9m as pessoas e hist\u00f3rias por tr\u00e1s de cada lugar.<\/p>\n\n\n\n<p>\u201cNosso objetivo \u00e9 fazer o p\u00fablico viajar com a gente. Mostrar que o turismo vai muito al\u00e9m de fotos bonitas: ele envolve cultura, empatia, descobertas e encontros reais. Cada epis\u00f3dio \u00e9 pensado para aproximar o telespectador do mundo, mesmo que ele esteja assistindo do sof\u00e1 de casa\u201d, comenta Welignton Costa, que tamb\u00e9m assina a dire\u00e7\u00e3o do programa.<\/p>\n\n\n\n<p>Segundo dados internos da emissora, o programa vem crescendo semana ap\u00f3s semana, alcan\u00e7ando picos expressivos de audi\u00eancia e aumentando o engajamento tamb\u00e9m nas redes sociais, onde os conte\u00fados extras e bastidores s\u00e3o disponibilizados para os f\u00e3s.<\/p>\n\n\n\n<p>\u201cVer o retorno do p\u00fablico tem sido emocionante. Saber que nossa forma de contar hist\u00f3rias est\u00e1 tocando as pessoas, levando informa\u00e7\u00e3o com leveza e inspira\u00e7\u00e3o, \u00e9 o que me motiva a seguir em frente e pensar em novas formas de surpreender\u201d, completa Welignton.<\/p>\n\n\n\n<p>Al\u00e9m dos destinos tur\u00edsticos, \u201cArrumando as Malas\u201d tamb\u00e9m abre espa\u00e7o para gastronomia, cultura regional, comportamento e sustentabilidade e m\u00fasica, com participa\u00e7\u00f5es especiais e entrevistas que enriquecem ainda mais o conte\u00fado. A proposta \u00e9 ser uma janela para o mundo, com o p\u00e9 no ch\u00e3o do interior.<\/p>\n\n\n\n<p>Com esse formato vers\u00e1til e emocionalmente conectado, o programa se firma como uma das grandes apostas do SBT Interior em 2025, mostrando que a TV regional segue forte, relevante e pr\u00f3xima de seu p\u00fablico.<\/p>\n\n\n\n<p><\/p>","protected":false},"excerpt":{"rendered":"<p>Programa dominical mistura turismo, cultura, entretenimento e m\u00fasica com leveza e proximidade, conquistando p\u00fablico na TV e nas redes sociais O programa \u201cArrumando as Malas\u201d, exibido pelo SBT Interior, tem se destacado como um dos maiores sucessos recentes da emissora regional, aumentando os \u00edndices de audi\u00eancia e fortalecendo a conex\u00e3o com o p\u00fablico do interior [&hellip;]<\/p>\n","protected":false},"author":2,"featured_media":235717,"comment_status":"closed","ping_status":"closed","sticky":false,"template":"","format":"standard","meta":{"footnotes":""},"categories":[181],"tags":[403,142],"class_list":["post-235716","post","type-post","status-publish","format-standard","has-post-thumbnail","hentry","category-televisao","tag-sbt","tag-tv"],"_links":{"self":[{"href":"https:\/\/portalpopmais.com.br\/en\/wp-json\/wp\/v2\/posts\/235716","targetHints":{"allow":["GET"]}}],"collection":[{"href":"https:\/\/portalpopmais.com.br\/en\/wp-json\/wp\/v2\/posts"}],"about":[{"href":"https:\/\/portalpopmais.com.br\/en\/wp-json\/wp\/v2\/types\/post"}],"author":[{"embeddable":true,"href":"https:\/\/portalpopmais.com.br\/en\/wp-json\/wp\/v2\/users\/2"}],"replies":[{"embeddable":true,"href":"https:\/\/portalpopmais.com.br\/en\/wp-json\/wp\/v2\/comments?post=235716"}],"version-history":[{"count":0,"href":"https:\/\/portalpopmais.com.br\/en\/wp-json\/wp\/v2\/posts\/235716\/revisions"}],"wp:featuredmedia":[{"embeddable":true,"href":"https:\/\/portalpopmais.com.br\/en\/wp-json\/wp\/v2\/media\/235717"}],"wp:attachment":[{"href":"https:\/\/portalpopmais.com.br\/en\/wp-json\/wp\/v2\/media?parent=235716"}],"wp:term":[{"taxonomy":"category","embeddable":true,"href":"https:\/\/portalpopmais.com.br\/en\/wp-json\/wp\/v2\/categories?post=235716"},{"taxonomy":"post_tag","embeddable":true,"href":"https:\/\/portalpopmais.com.br\/en\/wp-json\/wp\/v2\/tags?post=235716"}],"curies":[{"name":"wp","href":"https:\/\/api.w.org\/{rel}","templated":true}]}}