{"id":235929,"date":"2025-07-08T19:37:28","date_gmt":"2025-07-08T22:37:28","guid":{"rendered":"https:\/\/portalpopmais.com.br\/?p=235929"},"modified":"2025-07-08T19:37:32","modified_gmt":"2025-07-08T22:37:32","slug":"leo-lins-ironiza-polemica-envolvendo-filha-de-roberto-justus","status":"publish","type":"post","link":"https:\/\/portalpopmais.com.br\/en\/leo-lins-ironiza-polemica-envolvendo-filha-de-roberto-justus\/","title":{"rendered":"L\u00e9o Lins ironiza pol\u00eamica envolvendo filha de Roberto Justus"},"content":{"rendered":"<p>O comediante L\u00e9o Lins resolveu se manifestar a respeito da pol\u00eamica envolvendo filha do empres\u00e1rio Roberto Justus, Vicky Justus. A menina se tornou assunto ap\u00f3s posar com uma bolsa de grife avaliada em R$ 14 mil, e se tornou alvo de coment\u00e1rios de \u00f3dio entre os internautas.<\/p>\n\n\n\n<p>Em suas redes sociais, o humorista comparou a situa\u00e7\u00e3o contra o processo que est\u00e1 enfrentando na Justi\u00e7a. Leo Lins foi condenado a oito anos e tr\u00eas meses de pris\u00e3o por declara\u00e7\u00f5es consideradas preconceituosas em um show de stand-up.<\/p>\n\n\n\n<p>&#8220;Professor de faculdade federal escreve em rede social &#8216;s\u00f3 guilhotina&#8217; para uma postagem que exibe uma crian\u00e7a com uma bolsa de 14 mil reais. Ainda bem que foi s\u00f3 a opini\u00e3o de um professor em uma rede social e n\u00e3o uma piada de um comediante num palco de teatro, se n\u00e3o era pelo menos 8 anos de cadeia por discurso de \u00f3dio e incentivo \u00e0 viol\u00eancia&#8221;, escreveu ele no Story.<\/p>\n\n\n\n<h2 class=\"wp-block-heading\">Roberto Justus repudia ataques \u00e0 filha<\/h2>\n\n\n\n<p>Em seu perfil no Instagram, Roberto Justus se manifestou sobre os coment\u00e1rios de \u00f3dio contra a filha, alegando que tomar\u00e1 medidas judiciais.<\/p>\n\n\n\n<p>&#8220;Poucas vezes nos posicionamos em virtude de cr\u00edticas ou coment\u00e1rios desagrad\u00e1veis. Mas instigar a morte e a viol\u00eancia n\u00e3o \u00e9 aceit\u00e1vel e n\u00e3o pode se tornar &#8216;normal&#8221;, escreveu o empres\u00e1rio no Instagram. Veja mais detalhes <a href=\"https:\/\/portalpopmais.com.br\/en\/trends\/roberto-justus\/\" data-type=\"post_tag\" data-id=\"1364\">aqui<\/a>.<\/p>","protected":false},"excerpt":{"rendered":"<p>O comediante L\u00e9o Lins resolveu se manifestar a respeito da pol\u00eamica envolvendo filha do empres\u00e1rio Roberto Justus, Vicky Justus. A menina se tornou assunto ap\u00f3s posar com uma bolsa de grife avaliada em R$ 14 mil, e se tornou alvo de coment\u00e1rios de \u00f3dio entre os internautas. Em suas redes sociais, o humorista comparou a [&hellip;]<\/p>\n","protected":false},"author":1,"featured_media":233058,"comment_status":"closed","ping_status":"closed","sticky":false,"template":"","format":"standard","meta":{"footnotes":""},"categories":[173],"tags":[10289,1364],"class_list":["post-235929","post","type-post","status-publish","format-standard","has-post-thumbnail","hentry","category-celebridades","tag-leo-lins","tag-roberto-justus"],"_links":{"self":[{"href":"https:\/\/portalpopmais.com.br\/en\/wp-json\/wp\/v2\/posts\/235929","targetHints":{"allow":["GET"]}}],"collection":[{"href":"https:\/\/portalpopmais.com.br\/en\/wp-json\/wp\/v2\/posts"}],"about":[{"href":"https:\/\/portalpopmais.com.br\/en\/wp-json\/wp\/v2\/types\/post"}],"author":[{"embeddable":true,"href":"https:\/\/portalpopmais.com.br\/en\/wp-json\/wp\/v2\/users\/1"}],"replies":[{"embeddable":true,"href":"https:\/\/portalpopmais.com.br\/en\/wp-json\/wp\/v2\/comments?post=235929"}],"version-history":[{"count":0,"href":"https:\/\/portalpopmais.com.br\/en\/wp-json\/wp\/v2\/posts\/235929\/revisions"}],"wp:featuredmedia":[{"embeddable":true,"href":"https:\/\/portalpopmais.com.br\/en\/wp-json\/wp\/v2\/media\/233058"}],"wp:attachment":[{"href":"https:\/\/portalpopmais.com.br\/en\/wp-json\/wp\/v2\/media?parent=235929"}],"wp:term":[{"taxonomy":"category","embeddable":true,"href":"https:\/\/portalpopmais.com.br\/en\/wp-json\/wp\/v2\/categories?post=235929"},{"taxonomy":"post_tag","embeddable":true,"href":"https:\/\/portalpopmais.com.br\/en\/wp-json\/wp\/v2\/tags?post=235929"}],"curies":[{"name":"wp","href":"https:\/\/api.w.org\/{rel}","templated":true}]}}