{"id":236350,"date":"2025-07-10T18:25:25","date_gmt":"2025-07-10T21:25:25","guid":{"rendered":"https:\/\/portalpopmais.com.br\/?p=236350"},"modified":"2025-07-10T18:25:28","modified_gmt":"2025-07-10T21:25:28","slug":"preta-gil-ganha-declaracao-de-amiga-a-distancia-ja-doi","status":"publish","type":"post","link":"https:\/\/portalpopmais.com.br\/en\/preta-gil-ganha-declaracao-de-amiga-a-distancia-ja-doi\/","title":{"rendered":"Preta Gil ganha declara\u00e7\u00e3o de amiga: \u2018A dist\u00e2ncia j\u00e1 d\u00f3i\u2019"},"content":{"rendered":"<p>A cantora Preta Gil, que est\u00e1 nos Estados Unidos tratando um c\u00e2ncer no est\u00f4mago, ganhou uma homenagem emocionante de uma amiga, nesta quinta-feira (10).  Malu Barbosa estava no pa\u00eds acompanhando a cantora, e compartilhou um registro nas redes sociais, destacando que j\u00e1 est\u00e1 sentindo falta da amiga antes mesmo de embarcar para o Braisl. <\/p>\n\n\n\n<p>\u201cHoje estou deixando meu cora\u00e7\u00e3o aqui em Washington e indo cuidar do meu novo papel: Ser M\u00c3E! Estou indo construir meu ninho e esperar a chegada da minha filha. A dist\u00e2ncia j\u00e1 d\u00f3i, mas nenhum momento vou deixar de estar com Preta Gil e ela tamb\u00e9m vai estar comigo! At\u00e9 porque essa nen\u00e9m \u00e9 um sonho nosso!\u201d, iniciou a amiga da cantora na legenda.<\/p>\n\n\n\n<p>\u201cEstivemos juntas em tantos momentos importantes que nem a dist\u00e2ncia vai fazer ser diferente. Vamos passar por isso juntas! Amo voc\u00ea Preta Gil\u2026 nem sei como consegui entrar no avi\u00e3o hoje! Jude Paula, voc\u00ea \u00e9 muito guerreira e estarei com voc\u00ea sempre! At\u00e9 j\u00e1!\u201d, completou ela, citando a amiga influenciadora, que segue ao lado de Preta durante o tratamento.<\/p>\n\n\n\n<figure class=\"wp-block-embed is-type-rich is-provider-instagram wp-block-embed-instagram\"><div class=\"wp-block-embed__wrapper\">\nhttps:\/\/www.instagram.com\/p\/DL7vY71skEE\/?utm_source=ig_embed&#038;ig_rid=24956a94-1f22-44c2-9d54-5076b5eb2ed0\n<\/div><\/figure>\n\n\n\n<p>As duas amigas integram a rede de suporte de Preta Gil e foram a Washington para estar ao lado da artista durante o tratamento inovador para o c\u00e2ncer, que come\u00e7ou em junho.<\/p>","protected":false},"excerpt":{"rendered":"<p>A cantora Preta Gil, que est\u00e1 nos Estados Unidos tratando um c\u00e2ncer no est\u00f4mago, ganhou uma homenagem emocionante de uma amiga, nesta quinta-feira (10). Malu Barbosa estava no pa\u00eds acompanhando a cantora, e compartilhou um registro nas redes sociais, destacando que j\u00e1 est\u00e1 sentindo falta da amiga antes mesmo de embarcar para o Braisl. \u201cHoje [&hellip;]<\/p>\n","protected":false},"author":2,"featured_media":236352,"comment_status":"closed","ping_status":"closed","sticky":false,"template":"","format":"standard","meta":{"footnotes":""},"categories":[173],"tags":[567],"class_list":["post-236350","post","type-post","status-publish","format-standard","has-post-thumbnail","hentry","category-celebridades","tag-preta-gil"],"_links":{"self":[{"href":"https:\/\/portalpopmais.com.br\/en\/wp-json\/wp\/v2\/posts\/236350","targetHints":{"allow":["GET"]}}],"collection":[{"href":"https:\/\/portalpopmais.com.br\/en\/wp-json\/wp\/v2\/posts"}],"about":[{"href":"https:\/\/portalpopmais.com.br\/en\/wp-json\/wp\/v2\/types\/post"}],"author":[{"embeddable":true,"href":"https:\/\/portalpopmais.com.br\/en\/wp-json\/wp\/v2\/users\/2"}],"replies":[{"embeddable":true,"href":"https:\/\/portalpopmais.com.br\/en\/wp-json\/wp\/v2\/comments?post=236350"}],"version-history":[{"count":0,"href":"https:\/\/portalpopmais.com.br\/en\/wp-json\/wp\/v2\/posts\/236350\/revisions"}],"wp:featuredmedia":[{"embeddable":true,"href":"https:\/\/portalpopmais.com.br\/en\/wp-json\/wp\/v2\/media\/236352"}],"wp:attachment":[{"href":"https:\/\/portalpopmais.com.br\/en\/wp-json\/wp\/v2\/media?parent=236350"}],"wp:term":[{"taxonomy":"category","embeddable":true,"href":"https:\/\/portalpopmais.com.br\/en\/wp-json\/wp\/v2\/categories?post=236350"},{"taxonomy":"post_tag","embeddable":true,"href":"https:\/\/portalpopmais.com.br\/en\/wp-json\/wp\/v2\/tags?post=236350"}],"curies":[{"name":"wp","href":"https:\/\/api.w.org\/{rel}","templated":true}]}}