{"id":236430,"date":"2025-07-11T10:43:36","date_gmt":"2025-07-11T13:43:36","guid":{"rendered":"https:\/\/portalpopmais.com.br\/?p=236430"},"modified":"2025-07-11T10:43:40","modified_gmt":"2025-07-11T13:43:40","slug":"alma-de-negro-diz-amigo-em-nova-musica-de-justin-bieber-veja-letra-de-soulful","status":"publish","type":"post","link":"https:\/\/portalpopmais.com.br\/en\/alma-de-negro-diz-amigo-em-nova-musica-de-justin-bieber-veja-letra-de-soulful\/","title":{"rendered":"&#8220;Alma de negro&#8221;, diz amigo em nova m\u00fasica de Justin Bieber; veja letra de SOULFUL"},"content":{"rendered":"<p>Com \u00e1lbum surpresa lan\u00e7ado ontem, intitulado \u2018SWAG\u2019, Justin Bieber dedicou a faixa \u2018SOULFUL\u2019 inteiramente a um \u00e1udio de voz de Druski, em que o influenciador afirma que o cantor tem \u201calma de negro\u201d e porcentagem gen\u00e9tica negra.<\/p>\n\n\n\n<p>Confira o trecho da mensagem de voz presente na faixa:<\/p>\n\n\n\n<p><em>Voc\u00ea colocou um pouco de alma nesse \u00e1lbum, mano. Voc\u00ea meio que t\u00e1 soando como um negro nesse neg\u00f3cio, t\u00f4 te falando, voc\u00ea t\u00e1 com mais de dois por cento de negritude. Nesse \u00e1lbum aqui, d\u00e1 pra ouvir a alma. A alma \u00e9 negra. A pele \u00e9 branca, mas a alma \u00e9 negra, Justin, eu te juro, mano<\/em>.<\/p>\n\n\n\n<p><a href=\"https:\/\/ikarus.mus.br\/letras\/soulful\/\" data-type=\"link\" data-id=\"https:\/\/ikarus.mus.br\/letras\/soulful\/\" target=\"_blank\" rel=\"noopener\">Clique aqui para ver a letra completa e tradu\u00e7\u00e3o de SOULFUL.<\/a><\/p>","protected":false},"excerpt":{"rendered":"<p>Com \u00e1lbum surpresa lan\u00e7ado ontem, intitulado \u2018SWAG\u2019, Justin Bieber dedicou a faixa \u2018SOULFUL\u2019 inteiramente a um \u00e1udio de voz de Druski, em que o influenciador afirma que o cantor tem \u201calma de negro\u201d e porcentagem gen\u00e9tica negra. Confira o trecho da mensagem de voz presente na faixa: Voc\u00ea colocou um pouco de alma nesse \u00e1lbum, [&hellip;]<\/p>\n","protected":false},"author":1,"featured_media":236383,"comment_status":"closed","ping_status":"closed","sticky":false,"template":"","format":"standard","meta":{"footnotes":""},"categories":[154],"tags":[267],"class_list":["post-236430","post","type-post","status-publish","format-standard","has-post-thumbnail","hentry","category-musica","tag-justin-bieber"],"_links":{"self":[{"href":"https:\/\/portalpopmais.com.br\/en\/wp-json\/wp\/v2\/posts\/236430","targetHints":{"allow":["GET"]}}],"collection":[{"href":"https:\/\/portalpopmais.com.br\/en\/wp-json\/wp\/v2\/posts"}],"about":[{"href":"https:\/\/portalpopmais.com.br\/en\/wp-json\/wp\/v2\/types\/post"}],"author":[{"embeddable":true,"href":"https:\/\/portalpopmais.com.br\/en\/wp-json\/wp\/v2\/users\/1"}],"replies":[{"embeddable":true,"href":"https:\/\/portalpopmais.com.br\/en\/wp-json\/wp\/v2\/comments?post=236430"}],"version-history":[{"count":0,"href":"https:\/\/portalpopmais.com.br\/en\/wp-json\/wp\/v2\/posts\/236430\/revisions"}],"wp:featuredmedia":[{"embeddable":true,"href":"https:\/\/portalpopmais.com.br\/en\/wp-json\/wp\/v2\/media\/236383"}],"wp:attachment":[{"href":"https:\/\/portalpopmais.com.br\/en\/wp-json\/wp\/v2\/media?parent=236430"}],"wp:term":[{"taxonomy":"category","embeddable":true,"href":"https:\/\/portalpopmais.com.br\/en\/wp-json\/wp\/v2\/categories?post=236430"},{"taxonomy":"post_tag","embeddable":true,"href":"https:\/\/portalpopmais.com.br\/en\/wp-json\/wp\/v2\/tags?post=236430"}],"curies":[{"name":"wp","href":"https:\/\/api.w.org\/{rel}","templated":true}]}}