{"id":236446,"date":"2025-07-11T12:03:43","date_gmt":"2025-07-11T15:03:43","guid":{"rendered":"https:\/\/portalpopmais.com.br\/?p=236446"},"modified":"2025-07-11T12:03:49","modified_gmt":"2025-07-11T15:03:49","slug":"viviane-batidao-lanca-clipe-de-covarde-veja-letra","status":"publish","type":"post","link":"https:\/\/portalpopmais.com.br\/en\/viviane-batidao-lanca-clipe-de-covarde-veja-letra\/","title":{"rendered":"Viviane Batid\u00e3o lan\u00e7a clipe de &#8220;Covarde&#8221;; veja letra"},"content":{"rendered":"<p>A cantora <strong>Viviane Batid\u00e3o<\/strong> lan\u00e7a nesta  sexta-feira (11) o videoclipe de \u201c<strong><a href=\"https:\/\/www.youtube.com\/watch?v=K72-H_Qb7Ho\" target=\"_blank\" rel=\"noopener\">Covarde<\/a><\/strong>\u201d, terceiro lan\u00e7amento da era \u201c\u00c9 Sal\u201d. A faixa \u00e9 uma parceria in\u00e9dita com a tamb\u00e9m paraense Suanny Batid\u00e3o. A produ\u00e7\u00e3o traz uma atmosfera sensual e intensa, onde as personagens &#8211; interpretadas pelas artistas &#8211; est\u00e3o envolvidas com o mesmo homem.<\/p>\n\n\n\n<p>O personagem disputado no videoclipe \u00e9 vivido pelo ator e modelo paraense Vitor Gadelha. Sobre o processo de grava\u00e7\u00e3o e a carga emocional por tr\u00e1s do clipe, Viviane compartilha:<\/p>\n\n\n\n<p>\u201cFoi um clipe muito intenso de gravar. A gente revive, de alguma forma, dores que s\u00e3o muito reais. Quem nunca se sentiu deixada de lado, mesmo dando tudo de si, n\u00e9? Me entreguei de verdade nesse processo, e acho que o p\u00fablico vai sentir isso em cada cena\u201d, lembra Vivi.<\/p>\n\n\n\n<p>As cenas exploram encontros, contrastes e conex\u00f5es entre as partes, conduzindo a hist\u00f3ria por caminhos visuais que refor\u00e7am a tem\u00e1tica da m\u00fasica e ampliam sua express\u00e3o art\u00edstica.<br>\u201cTenho certeza que todos v\u00e3o amar muito. O clipe est\u00e1 incr\u00edvel, e vem entregando tudo. A nossa conex\u00e3o foi muito maravilhosa, a Viviane \u00e9 muito segura, muito dedicada, tem um cuidado especial e se preocupa com cada detalhe, tem uma mente gigante, pensa em mil coisas ao mesmo tempo, \u00e9 uma mulher incans\u00e1vel e sabe muito bem o que faz e onde quer chegar. O p\u00fablico pode esperar algo jamais visto dentro do cen\u00e1rio paraense\u201d, afirma Suanny.<\/p>\n\n\n\n<p>O clipe de \u201cCovarde\u201d foi produzido pela Altar Sonoro, produtora refer\u00eancia no cen\u00e1rio musical paraense e nacional. Conhecida por valorizar a cultura amaz\u00f4nica em seus trabalhos, a Altar j\u00e1 assinou videoclipes para grandes nomes como Gaby Amarantos, Zaynara, Lia Sophia, Jaloo, Lucas Estrela, Pauxi e Edgar, al\u00e9m de ter produzido os clipes de \u201c\u00c9 Sal\u201d e \u201cS\u00f3 no Par\u00e1\u201d, tamb\u00e9m da Viviane Batid\u00e3o.<\/p>\n\n\n\n<figure class=\"wp-block-embed is-type-video is-provider-youtube wp-block-embed-youtube wp-embed-aspect-16-9 wp-has-aspect-ratio\"><div class=\"wp-block-embed__wrapper\">\n<iframe loading=\"lazy\" title=\"Covarde (feat. Suanny Batid\u00e3o) - Viviane Batid\u00e3o (Clipe Oficial)\" width=\"880\" height=\"495\" src=\"https:\/\/www.youtube.com\/embed\/K72-H_Qb7Ho?feature=oembed\" frameborder=\"0\" allow=\"accelerometer; autoplay; clipboard-write; encrypted-media; gyroscope; picture-in-picture; web-share\" referrerpolicy=\"strict-origin-when-cross-origin\" allowfullscreen><\/iframe>\n<\/div><\/figure>\n\n\n\n<h2 class=\"wp-block-heading\">Letra de Covarde &#8211; Viviane Batid\u00e3o<\/h2>\n\n\n\n<p>Viviane<br>Quando \u00e9 que voc\u00ea vem aqui subir a minha roupa<br>Voc\u00ea foi embora e deixou ela no ch\u00e3o<br>Suanny<br>Voc\u00ea s\u00f3 queria matar sua vontade louca ooo\u00f4<br>Mas voc\u00ea matou foi o meu cora\u00e7\u00e3o<br>Viviane<br>Covarde, eu toda por inteira e voc\u00ea s\u00f3 metade<br>Refr\u00e3o<br>Viviane<br>Usa, usa, usa, em cima do colch\u00e3o meu cora\u00e7\u00e3o tem culpa, culpa, culpa<br>Suanny<br>\u00c9 que a nossa conex\u00e3o \u00e9 absurda, quando junta pele nua e pele nua, eu sei que \u00e9 cilada mas a mente buga, buga, buga<br>Suanny<br>Covarde, eu toda por inteira e voc\u00ea s\u00f3 metade<br>Refr\u00e3o<br>Suanny<br>Usa, usa, usa, em cima do colch\u00e3o meu cora\u00e7\u00e3o tem culpa, culpa, culpa<br>Viviane<br>\u00c9 que a nossa conex\u00e3o \u00e9 absurda, quando junta pele nua e pele nua, eu sei que \u00e9 cilada mas a mente buga, buga, buga<\/p>","protected":false},"excerpt":{"rendered":"<p>A cantora Viviane Batid\u00e3o lan\u00e7a nesta sexta-feira (11) o videoclipe de \u201cCovarde\u201d, terceiro lan\u00e7amento da era \u201c\u00c9 Sal\u201d. A faixa \u00e9 uma parceria in\u00e9dita com a tamb\u00e9m paraense Suanny Batid\u00e3o. A produ\u00e7\u00e3o traz uma atmosfera sensual e intensa, onde as personagens &#8211; interpretadas pelas artistas &#8211; est\u00e3o envolvidas com o mesmo homem. O personagem disputado [&hellip;]<\/p>\n","protected":false},"author":1,"featured_media":236447,"comment_status":"closed","ping_status":"closed","sticky":false,"template":"","format":"standard","meta":{"footnotes":""},"categories":[154,183],"tags":[16950],"class_list":["post-236446","post","type-post","status-publish","format-standard","has-post-thumbnail","hentry","category-musica","category-videos","tag-viviane-batidao"],"_links":{"self":[{"href":"https:\/\/portalpopmais.com.br\/en\/wp-json\/wp\/v2\/posts\/236446","targetHints":{"allow":["GET"]}}],"collection":[{"href":"https:\/\/portalpopmais.com.br\/en\/wp-json\/wp\/v2\/posts"}],"about":[{"href":"https:\/\/portalpopmais.com.br\/en\/wp-json\/wp\/v2\/types\/post"}],"author":[{"embeddable":true,"href":"https:\/\/portalpopmais.com.br\/en\/wp-json\/wp\/v2\/users\/1"}],"replies":[{"embeddable":true,"href":"https:\/\/portalpopmais.com.br\/en\/wp-json\/wp\/v2\/comments?post=236446"}],"version-history":[{"count":0,"href":"https:\/\/portalpopmais.com.br\/en\/wp-json\/wp\/v2\/posts\/236446\/revisions"}],"wp:featuredmedia":[{"embeddable":true,"href":"https:\/\/portalpopmais.com.br\/en\/wp-json\/wp\/v2\/media\/236447"}],"wp:attachment":[{"href":"https:\/\/portalpopmais.com.br\/en\/wp-json\/wp\/v2\/media?parent=236446"}],"wp:term":[{"taxonomy":"category","embeddable":true,"href":"https:\/\/portalpopmais.com.br\/en\/wp-json\/wp\/v2\/categories?post=236446"},{"taxonomy":"post_tag","embeddable":true,"href":"https:\/\/portalpopmais.com.br\/en\/wp-json\/wp\/v2\/tags?post=236446"}],"curies":[{"name":"wp","href":"https:\/\/api.w.org\/{rel}","templated":true}]}}