{"id":236490,"date":"2025-07-11T14:34:54","date_gmt":"2025-07-11T17:34:54","guid":{"rendered":"https:\/\/portalpopmais.com.br\/?p=236490"},"modified":"2025-07-11T14:34:58","modified_gmt":"2025-07-11T17:34:58","slug":"ana-hickmann-celebra-alta-de-edu-guedes-10-dias-antes-do-previsto-que-alegria","status":"publish","type":"post","link":"https:\/\/portalpopmais.com.br\/en\/ana-hickmann-celebra-alta-de-edu-guedes-10-dias-antes-do-previsto-que-alegria\/","title":{"rendered":"Ana Hickmann celebra alta de Edu Guedes 10 dias antes do previsto: &#8220;Que Alegria&#8221;"},"content":{"rendered":"<p>Nesta sexta-feira (11), o apresentador Edu Guedes recebeu alta, 10 dias antes do previsto pelos m\u00e9dicos. A novidade foi revelada por sua esposa, Ana Hickmann, nas redes sociais. Na semana passada, o chef de cozinha foi submetido a uma cirugia de remo\u00e7\u00e3o de um c\u00e2ncer no p\u00e2ncreas, descoberto ap\u00f3s uma crise renal.<\/p>\n\n\n\n<p>Ana escreveu na legenda: \u201cMeu amor est\u00e1 de volta em casa!!! Que alegria!!! Preparei um almo\u00e7o surpresa para receb\u00ea-lo com todo amor do mundo. Muita gratid\u00e3o a Deus, aos m\u00e9dicos e a todos os profissionais que cuidaram do Edu com tanto carinho&#8221;<\/p>\n\n\n\n<p>&#8220;A recupera\u00e7\u00e3o dele est\u00e1 sendo maravilhosa. Muito obrigada a todos que rezaram por ele. Est\u00e1 dando certo!\u201d, finalizou.<\/p>\n\n\n\n<figure class=\"wp-block-embed is-type-rich is-provider-instagram wp-block-embed-instagram\"><div class=\"wp-block-embed__wrapper\">\nhttps:\/\/www.instagram.com\/p\/DL-btHEuMoH\/?utm_source=ig_embed&#038;ig_rid=68cc88b5-6ca7-4b37-ab3e-dabad7423c06\n<\/div><\/figure>","protected":false},"excerpt":{"rendered":"<p>Nesta sexta-feira (11), o apresentador Edu Guedes recebeu alta, 10 dias antes do previsto pelos m\u00e9dicos. A novidade foi revelada por sua esposa, Ana Hickmann, nas redes sociais. Na semana passada, o chef de cozinha foi submetido a uma cirugia de remo\u00e7\u00e3o de um c\u00e2ncer no p\u00e2ncreas, descoberto ap\u00f3s uma crise renal. Ana escreveu na [&hellip;]<\/p>\n","protected":false},"author":1,"featured_media":205431,"comment_status":"closed","ping_status":"closed","sticky":false,"template":"","format":"standard","meta":{"footnotes":""},"categories":[173],"tags":[],"class_list":["post-236490","post","type-post","status-publish","format-standard","has-post-thumbnail","hentry","category-celebridades"],"_links":{"self":[{"href":"https:\/\/portalpopmais.com.br\/en\/wp-json\/wp\/v2\/posts\/236490","targetHints":{"allow":["GET"]}}],"collection":[{"href":"https:\/\/portalpopmais.com.br\/en\/wp-json\/wp\/v2\/posts"}],"about":[{"href":"https:\/\/portalpopmais.com.br\/en\/wp-json\/wp\/v2\/types\/post"}],"author":[{"embeddable":true,"href":"https:\/\/portalpopmais.com.br\/en\/wp-json\/wp\/v2\/users\/1"}],"replies":[{"embeddable":true,"href":"https:\/\/portalpopmais.com.br\/en\/wp-json\/wp\/v2\/comments?post=236490"}],"version-history":[{"count":0,"href":"https:\/\/portalpopmais.com.br\/en\/wp-json\/wp\/v2\/posts\/236490\/revisions"}],"wp:featuredmedia":[{"embeddable":true,"href":"https:\/\/portalpopmais.com.br\/en\/wp-json\/wp\/v2\/media\/205431"}],"wp:attachment":[{"href":"https:\/\/portalpopmais.com.br\/en\/wp-json\/wp\/v2\/media?parent=236490"}],"wp:term":[{"taxonomy":"category","embeddable":true,"href":"https:\/\/portalpopmais.com.br\/en\/wp-json\/wp\/v2\/categories?post=236490"},{"taxonomy":"post_tag","embeddable":true,"href":"https:\/\/portalpopmais.com.br\/en\/wp-json\/wp\/v2\/tags?post=236490"}],"curies":[{"name":"wp","href":"https:\/\/api.w.org\/{rel}","templated":true}]}}