{"id":236835,"date":"2025-07-14T17:24:37","date_gmt":"2025-07-14T20:24:37","guid":{"rendered":"https:\/\/portalpopmais.com.br\/?p=236835"},"modified":"2025-07-16T16:04:10","modified_gmt":"2025-07-16T19:04:10","slug":"leo-dias-saiu-do-fofocalizando-apresentador-revela-a-verdade","status":"publish","type":"post","link":"https:\/\/portalpopmais.com.br\/en\/leo-dias-saiu-do-fofocalizando-apresentador-revela-a-verdade\/","title":{"rendered":"Leo Dias saiu do Fofocalizando? Apresentador revela a verdade"},"content":{"rendered":"<p>O jornalista L\u00e9o Dias n\u00e3o apresentou a edi\u00e7\u00e3o desta segunda-feira (14), do programa &#8220;Fofocalizando&#8221;. Em suas redes sociais, ele falou sobre o motivo pelo qual n\u00e3o apareceu no posto da atra\u00e7\u00e3o vespertina.<\/p>\n\n\n\n<p><a href=\"https:\/\/portalpopmais.com.br\/en\/exclusivo-leo-dias-nega-saida-do-sbt\/\" data-type=\"link\" data-id=\"https:\/\/portalpopmais.com.br\/exclusivo-leo-dias-nega-saida-do-sbt\/\"><strong>Exclusivo! Leo Dias nega sa\u00edda do SBT!<\/strong><\/a><\/p>\n\n\n\n<p>Segundo L\u00e9o, o seu futuro profissional est\u00e1 incerto, mas que em breve ir\u00e1 compartilhar novas decis\u00f5es com o p\u00fablico.<\/p>\n\n\n\n<figure class=\"wp-block-embed is-type-rich is-provider-twitter wp-block-embed-twitter\"><div class=\"wp-block-embed__wrapper\">\n<blockquote class=\"twitter-tweet\" data-width=\"550\" data-dnt=\"true\"><p lang=\"pt\" dir=\"ltr\">Ainda com rela\u00e7\u00e3o estremecida com o SBT, Leo Dias anuncia que n\u00e3o apresentar\u00e1 o <a href=\"https:\/\/twitter.com\/hashtag\/Fofocalizando?src=hash&amp;ref_src=twsrc%5Etfw\" target=\"_blank\" rel=\"noopener\">#Fofocalizando<\/a> de hoje pois &quot;n\u00e3o h\u00e1 uma defini\u00e7\u00e3o sobre seu futuro profissional&quot;. <a href=\"https:\/\/t.co\/54B4zs5LnM\">pic.twitter.com\/54B4zs5LnM<\/a><\/p>&mdash; Portal POP Mais (@sitepopmais) <a href=\"https:\/\/twitter.com\/sitepopmais\/status\/1944827073811648797?ref_src=twsrc%5Etfw\" target=\"_blank\" rel=\"noopener\">July 14, 2025<\/a><\/blockquote><script async src=\"https:\/\/platform.twitter.com\/widgets.js\" charset=\"utf-8\"><\/script>\n<\/div><\/figure>\n\n\n\n<p>Os rumores sobre desaven\u00e7as entre L\u00e9o Dias e a dire\u00e7\u00e3o do programa circulam desde o in\u00edcio do m\u00eas. Em nota, o SBT negou que o jornalista esteja de sa\u00edda da atra\u00e7\u00e3o.<\/p>\n\n\n\n<p>Na semana passada, ele revelou que estava em negocia\u00e7\u00f5es para a abrir uma sede do site estadunidense TMZ aqui no Brasil, mas n\u00e3o deu detalhes sobre quando o famoso site de fofocas passaria a operar no pa\u00eds.<\/p>","protected":false},"excerpt":{"rendered":"<p>O jornalista L\u00e9o Dias n\u00e3o apresentou a edi\u00e7\u00e3o desta segunda-feira (14), do programa &#8220;Fofocalizando&#8221;. Em suas redes sociais, ele falou sobre o motivo pelo qual n\u00e3o apareceu no posto da atra\u00e7\u00e3o vespertina. Exclusivo! Leo Dias nega sa\u00edda do SBT! Segundo L\u00e9o, o seu futuro profissional est\u00e1 incerto, mas que em breve ir\u00e1 compartilhar novas decis\u00f5es [&hellip;]<\/p>\n","protected":false},"author":1,"featured_media":123366,"comment_status":"closed","ping_status":"closed","sticky":false,"template":"","format":"standard","meta":{"footnotes":""},"categories":[181],"tags":[425,403],"class_list":["post-236835","post","type-post","status-publish","format-standard","has-post-thumbnail","hentry","category-televisao","tag-leo-dias","tag-sbt"],"_links":{"self":[{"href":"https:\/\/portalpopmais.com.br\/en\/wp-json\/wp\/v2\/posts\/236835","targetHints":{"allow":["GET"]}}],"collection":[{"href":"https:\/\/portalpopmais.com.br\/en\/wp-json\/wp\/v2\/posts"}],"about":[{"href":"https:\/\/portalpopmais.com.br\/en\/wp-json\/wp\/v2\/types\/post"}],"author":[{"embeddable":true,"href":"https:\/\/portalpopmais.com.br\/en\/wp-json\/wp\/v2\/users\/1"}],"replies":[{"embeddable":true,"href":"https:\/\/portalpopmais.com.br\/en\/wp-json\/wp\/v2\/comments?post=236835"}],"version-history":[{"count":0,"href":"https:\/\/portalpopmais.com.br\/en\/wp-json\/wp\/v2\/posts\/236835\/revisions"}],"wp:featuredmedia":[{"embeddable":true,"href":"https:\/\/portalpopmais.com.br\/en\/wp-json\/wp\/v2\/media\/123366"}],"wp:attachment":[{"href":"https:\/\/portalpopmais.com.br\/en\/wp-json\/wp\/v2\/media?parent=236835"}],"wp:term":[{"taxonomy":"category","embeddable":true,"href":"https:\/\/portalpopmais.com.br\/en\/wp-json\/wp\/v2\/categories?post=236835"},{"taxonomy":"post_tag","embeddable":true,"href":"https:\/\/portalpopmais.com.br\/en\/wp-json\/wp\/v2\/tags?post=236835"}],"curies":[{"name":"wp","href":"https:\/\/api.w.org\/{rel}","templated":true}]}}