{"id":236970,"date":"2025-07-15T13:23:53","date_gmt":"2025-07-15T16:23:53","guid":{"rendered":"https:\/\/portalpopmais.com.br\/?p=236970"},"modified":"2025-07-15T19:19:08","modified_gmt":"2025-07-15T22:19:08","slug":"leo-dias-deixa-o-sbt-e-acerta-com-a-band-diz-jornalista","status":"publish","type":"post","link":"https:\/\/portalpopmais.com.br\/en\/leo-dias-deixa-o-sbt-e-acerta-com-a-band-diz-jornalista\/","title":{"rendered":"Leo Dias deixa o SBT e acerta com a Band, diz jornalista"},"content":{"rendered":"<p>O jornalista L\u00e9o Dias est\u00e1 de sa\u00edda do SBT. Sem aparecer no &#8220;Fofocalizando&#8221; h\u00e1 alguns dias, ele est\u00e1 negociando sua entrada no programa &#8220;Melhor Da Tarde&#8221;, da Band.<\/p>\n\n\n\n<p>Segundo o jornalista Jos\u00e9 A. Vanucci, o contrato j\u00e1 est\u00e1 fechado.<\/p>\n\n\n\n<p>A rela\u00e7\u00e3o entre L\u00e9o Dias e o SBT estava desgastada por conta de desentendimentos entre ele e a dire\u00e7\u00e3o do programa vespertino. Os boatos s\u00e3o de que a exibi\u00e7\u00e3o da marca L\u00e9o Dias TV na atra\u00e7\u00e3o causava desconforto na alta c\u00fapula do canal.<\/p>\n\n\n\n<p>O pr\u00f3prio Leo Dias conversou com o POP Mais e esclareceu a situa\u00e7\u00e3o. <a href=\"https:\/\/portalpopmais.com.br\/en\/exclusivo-leo-dias-nega-saida-do-sbt\/\">Veja aqui.<\/a><\/p>\n\n\n\n<p>Recentemente, L\u00e9o Dias tamb\u00e9m confirmou que est\u00e1 \u00e0 frente do projeto do TMZ no Brasil. Ainda sem detalhes divulgados, o site de fofocas deve abrir sua primeira filial fora dos Estados Unidos e o pa\u00eds escolhido foi o Brasil.<\/p>","protected":false},"excerpt":{"rendered":"<p>O jornalista L\u00e9o Dias est\u00e1 de sa\u00edda do SBT. Sem aparecer no &#8220;Fofocalizando&#8221; h\u00e1 alguns dias, ele est\u00e1 negociando sua entrada no programa &#8220;Melhor Da Tarde&#8221;, da Band. Segundo o jornalista Jos\u00e9 A. Vanucci, o contrato j\u00e1 est\u00e1 fechado. A rela\u00e7\u00e3o entre L\u00e9o Dias e o SBT estava desgastada por conta de desentendimentos entre ele [&hellip;]<\/p>\n","protected":false},"author":1,"featured_media":197926,"comment_status":"closed","ping_status":"closed","sticky":false,"template":"","format":"standard","meta":{"footnotes":""},"categories":[181],"tags":[403],"class_list":["post-236970","post","type-post","status-publish","format-standard","has-post-thumbnail","hentry","category-televisao","tag-sbt"],"_links":{"self":[{"href":"https:\/\/portalpopmais.com.br\/en\/wp-json\/wp\/v2\/posts\/236970","targetHints":{"allow":["GET"]}}],"collection":[{"href":"https:\/\/portalpopmais.com.br\/en\/wp-json\/wp\/v2\/posts"}],"about":[{"href":"https:\/\/portalpopmais.com.br\/en\/wp-json\/wp\/v2\/types\/post"}],"author":[{"embeddable":true,"href":"https:\/\/portalpopmais.com.br\/en\/wp-json\/wp\/v2\/users\/1"}],"replies":[{"embeddable":true,"href":"https:\/\/portalpopmais.com.br\/en\/wp-json\/wp\/v2\/comments?post=236970"}],"version-history":[{"count":0,"href":"https:\/\/portalpopmais.com.br\/en\/wp-json\/wp\/v2\/posts\/236970\/revisions"}],"wp:featuredmedia":[{"embeddable":true,"href":"https:\/\/portalpopmais.com.br\/en\/wp-json\/wp\/v2\/media\/197926"}],"wp:attachment":[{"href":"https:\/\/portalpopmais.com.br\/en\/wp-json\/wp\/v2\/media?parent=236970"}],"wp:term":[{"taxonomy":"category","embeddable":true,"href":"https:\/\/portalpopmais.com.br\/en\/wp-json\/wp\/v2\/categories?post=236970"},{"taxonomy":"post_tag","embeddable":true,"href":"https:\/\/portalpopmais.com.br\/en\/wp-json\/wp\/v2\/tags?post=236970"}],"curies":[{"name":"wp","href":"https:\/\/api.w.org\/{rel}","templated":true}]}}