{"id":237054,"date":"2025-07-15T19:14:46","date_gmt":"2025-07-15T22:14:46","guid":{"rendered":"https:\/\/portalpopmais.com.br\/?p=237054"},"modified":"2025-07-15T19:24:56","modified_gmt":"2025-07-15T22:24:56","slug":"exclusivo-leo-dias-nega-saida-do-sbt","status":"publish","type":"post","link":"https:\/\/portalpopmais.com.br\/en\/exclusivo-leo-dias-nega-saida-do-sbt\/","title":{"rendered":"Exclusivo! Leo Dias nega sa\u00edda do SBT!"},"content":{"rendered":"<p>O jornalista <strong><a href=\"https:\/\/portalpopmais.com.br\/en\/trends\/leo-dias\/\" data-type=\"post_tag\" data-id=\"425\">Leo Dias<\/a><\/strong> negou que deixou o SBT! Em conversa exclusiva com a nossa equipe, o apresentador do &#8220;Fofocalizando&#8221; descartou que haja qualquer acordo fechado com a Band.<\/p>\n\n\n\n<p>&#8220;Essa informa\u00e7\u00e3o n\u00e3o procede. Sigo contratado do SBT&#8221;, come\u00e7ou ele. &#8220;Inclusive, estou esta semana eu vou viajar para fora pa\u00eds. N\u00e3o tem nada certo com a Band&#8221;, adicionou.<\/p>\n\n\n\n<p>Os boatos a respeito de uma suposta sa\u00edda do SBT come\u00e7aram ap\u00f3s a aus\u00eancia de Dias na apresenta\u00e7\u00e3o do programa. Rumores a respeito de um desentendimento com a dire\u00e7\u00e3o do &#8220;Fofocalizando&#8221; tamb\u00e9m contribu\u00edram para as especula\u00e7\u00f5es.<\/p>\n\n\n\n<p>O SBT j\u00e1 havia se manifestado sobre o assunto. Na semana passada, a emissora soltou uma nota informando que a aus\u00eancia do jornalista se tratavam de folgas programadas.<\/p>","protected":false},"excerpt":{"rendered":"<p>O jornalista Leo Dias negou que deixou o SBT! Em conversa exclusiva com a nossa equipe, o apresentador do &#8220;Fofocalizando&#8221; descartou que haja qualquer acordo fechado com a Band. &#8220;Essa informa\u00e7\u00e3o n\u00e3o procede. Sigo contratado do SBT&#8221;, come\u00e7ou ele. &#8220;Inclusive, estou esta semana eu vou viajar para fora pa\u00eds. N\u00e3o tem nada certo com a [&hellip;]<\/p>\n","protected":false},"author":1,"featured_media":235124,"comment_status":"closed","ping_status":"closed","sticky":false,"template":"","format":"standard","meta":{"footnotes":""},"categories":[181],"tags":[425],"class_list":["post-237054","post","type-post","status-publish","format-standard","has-post-thumbnail","hentry","category-televisao","tag-leo-dias"],"_links":{"self":[{"href":"https:\/\/portalpopmais.com.br\/en\/wp-json\/wp\/v2\/posts\/237054","targetHints":{"allow":["GET"]}}],"collection":[{"href":"https:\/\/portalpopmais.com.br\/en\/wp-json\/wp\/v2\/posts"}],"about":[{"href":"https:\/\/portalpopmais.com.br\/en\/wp-json\/wp\/v2\/types\/post"}],"author":[{"embeddable":true,"href":"https:\/\/portalpopmais.com.br\/en\/wp-json\/wp\/v2\/users\/1"}],"replies":[{"embeddable":true,"href":"https:\/\/portalpopmais.com.br\/en\/wp-json\/wp\/v2\/comments?post=237054"}],"version-history":[{"count":0,"href":"https:\/\/portalpopmais.com.br\/en\/wp-json\/wp\/v2\/posts\/237054\/revisions"}],"wp:featuredmedia":[{"embeddable":true,"href":"https:\/\/portalpopmais.com.br\/en\/wp-json\/wp\/v2\/media\/235124"}],"wp:attachment":[{"href":"https:\/\/portalpopmais.com.br\/en\/wp-json\/wp\/v2\/media?parent=237054"}],"wp:term":[{"taxonomy":"category","embeddable":true,"href":"https:\/\/portalpopmais.com.br\/en\/wp-json\/wp\/v2\/categories?post=237054"},{"taxonomy":"post_tag","embeddable":true,"href":"https:\/\/portalpopmais.com.br\/en\/wp-json\/wp\/v2\/tags?post=237054"}],"curies":[{"name":"wp","href":"https:\/\/api.w.org\/{rel}","templated":true}]}}