{"id":237113,"date":"2025-07-16T10:11:20","date_gmt":"2025-07-16T13:11:20","guid":{"rendered":"https:\/\/portalpopmais.com.br\/?p=237113"},"modified":"2025-07-16T10:11:23","modified_gmt":"2025-07-16T13:11:23","slug":"em-meio-a-poderosa-da-globo-demissao-assedio","status":"publish","type":"post","link":"https:\/\/portalpopmais.com.br\/en\/em-meio-a-poderosa-da-globo-demissao-assedio\/","title":{"rendered":"Em meio a queda de audi\u00eancia, poderosa da Globo enfrenta risco de demiss\u00e3o e acusa\u00e7\u00e3o de ass\u00e9dio vem \u00e0 tona"},"content":{"rendered":"<p class=\"wp-block-paragraph\">A crise bateu forte na Rede Bahia, afiliada da <strong><a href=\"https:\/\/portalpopmais.com.br\/en\/trends\/globo\/\" data-type=\"post_tag\" data-id=\"180\">TV Globo<\/a><\/strong> no estado, e promete chacoalhar os bastidores do jornalismo local. A emissora perdeu a lideran\u00e7a no hor\u00e1rio do meio-dia para o programa &#8216;Al\u00f4 Juca&#8217;, exibido pela <strong><a href=\"https:\/\/www.instagram.com\/portalpopmais?igsh=MTNjb2tpbnRud3pqMw==\" target=\"_blank\" rel=\"noopener\">TV Aratu<\/a><\/strong> (SBT), e o resultado j\u00e1 provocou um terremoto interno: a poderosa diretora Ana Raquel, conhecida como a \u201cdama de ferro\u201d, pode estar com os dias contados.<\/p>\n\n\n\n<p class=\"wp-block-paragraph\">Fontes apontam que o clima nos corredores \u00e9 de tens\u00e3o m\u00e1xima. A press\u00e3o por resultados aumentou exponencialmente, e os n\u00fameros do Ibope apenas escancararam o desgaste da atual gest\u00e3o. Diante disso, j\u00e1 existem conversas avan\u00e7adas para substituir a diretoria na tentativa desesperada de recuperar a audi\u00eancia e barrar o crescimento do concorrente.<\/p>\n\n\n\n<p class=\"wp-block-paragraph\">Mas o esc\u00e2ndalo vai muito al\u00e9m dos n\u00fameros. Ana Raquel agora tamb\u00e9m enfrenta um grave processo judicial por ass\u00e9dio moral. A den\u00fancia, que envolve relatos impactantes, revela que uma funcion\u00e1ria teria sido submetida a press\u00f5es abusivas e humilha\u00e7\u00f5es constantes, resultando em crises psicol\u00f3gicas severas, incluindo s\u00edndrome do p\u00e2nico e transtorno de ansiedade generalizada. A a\u00e7\u00e3o corre na Justi\u00e7a e gira em torno de R$ 2 milh\u00f5es.<\/p>\n\n\n\n<p class=\"wp-block-paragraph\">A \u201cdama de ferro\u201d agora v\u00ea sua posi\u00e7\u00e3o de poder amea\u00e7ada como nunca antes, dentro e fora da emissora.<\/p>","protected":false},"excerpt":{"rendered":"<p>A crise bateu forte na Rede Bahia, afiliada da TV Globo no estado, e promete chacoalhar os bastidores do jornalismo local. A emissora perdeu a lideran\u00e7a no hor\u00e1rio do meio-dia para o programa &#8216;Al\u00f4 Juca&#8217;, exibido pela TV Aratu (SBT), e o resultado j\u00e1 provocou um terremoto interno: a poderosa diretora Ana Raquel, conhecida como [&hellip;]<\/p>\n","protected":false},"author":3,"featured_media":237114,"comment_status":"closed","ping_status":"closed","sticky":false,"template":"","format":"standard","meta":{"footnotes":""},"categories":[181],"tags":[],"class_list":["post-237113","post","type-post","status-publish","format-standard","has-post-thumbnail","hentry","category-televisao"],"_links":{"self":[{"href":"https:\/\/portalpopmais.com.br\/en\/wp-json\/wp\/v2\/posts\/237113","targetHints":{"allow":["GET"]}}],"collection":[{"href":"https:\/\/portalpopmais.com.br\/en\/wp-json\/wp\/v2\/posts"}],"about":[{"href":"https:\/\/portalpopmais.com.br\/en\/wp-json\/wp\/v2\/types\/post"}],"author":[{"embeddable":true,"href":"https:\/\/portalpopmais.com.br\/en\/wp-json\/wp\/v2\/users\/3"}],"replies":[{"embeddable":true,"href":"https:\/\/portalpopmais.com.br\/en\/wp-json\/wp\/v2\/comments?post=237113"}],"version-history":[{"count":0,"href":"https:\/\/portalpopmais.com.br\/en\/wp-json\/wp\/v2\/posts\/237113\/revisions"}],"wp:featuredmedia":[{"embeddable":true,"href":"https:\/\/portalpopmais.com.br\/en\/wp-json\/wp\/v2\/media\/237114"}],"wp:attachment":[{"href":"https:\/\/portalpopmais.com.br\/en\/wp-json\/wp\/v2\/media?parent=237113"}],"wp:term":[{"taxonomy":"category","embeddable":true,"href":"https:\/\/portalpopmais.com.br\/en\/wp-json\/wp\/v2\/categories?post=237113"},{"taxonomy":"post_tag","embeddable":true,"href":"https:\/\/portalpopmais.com.br\/en\/wp-json\/wp\/v2\/tags?post=237113"}],"curies":[{"name":"wp","href":"https:\/\/api.w.org\/{rel}","templated":true}]}}