{"id":237627,"date":"2025-07-18T20:51:08","date_gmt":"2025-07-18T23:51:08","guid":{"rendered":"https:\/\/portalpopmais.com.br\/?p=237627"},"modified":"2025-07-18T21:01:02","modified_gmt":"2025-07-19T00:01:02","slug":"jose-de-abreu-alfineta-bolsonaro-sem-tornozeleira","status":"publish","type":"post","link":"https:\/\/portalpopmais.com.br\/en\/jose-de-abreu-alfineta-bolsonaro-sem-tornozeleira\/","title":{"rendered":"Jos\u00e9 de Abreu alfineta Bolsonaro: \u201cIndo trabalhar sem tornozeleira\u201d"},"content":{"rendered":"<p class=\"wp-block-paragraph\">O ator <strong>Jos\u00e9 de Abreu<\/strong> repercutiu nas redes sociais, nesta sexta-feira (18), ap\u00f3s soltar uma alfinetada em Jair Bolsonaro. O ex-presidente foi alvo de uma opera\u00e7\u00e3o da Pol\u00edcia Federal, que resultou no uso de uma tornozeleira eletr\u00f4nica.<\/p>\n\n\n\n<p class=\"wp-block-paragraph\">Abreu postou uma foto, onde legendou: &#8220;Indo trabalhar sem tornozeleira&#8221;. O artista publicou uma sequ\u00eancia de postagens celebrando a a\u00e7\u00e3o contra o ex-chefe de Estado.<\/p>\n\n\n\n<figure class=\"wp-block-embed is-type-rich is-provider-instagram wp-block-embed-instagram\"><div class=\"wp-block-embed__wrapper\">\nhttps:\/\/www.instagram.com\/p\/DMRI4jMs7de\/\n<\/div><\/figure>\n\n\n\n<p class=\"wp-block-paragraph\">Em uma das publica\u00e7\u00f5es, Jos\u00e9 escreveu: \u201cSuprema humilha\u00e7\u00e3o. Amei\u201d, referindo-se ao Supremo Tribunal Federal. A frase rendeu diversos coment\u00e1rios de usu\u00e1rios e dividiu opini\u00f5es.<\/p>","protected":false},"excerpt":{"rendered":"<p>O ator Jos\u00e9 de Abreu repercutiu nas redes sociais, nesta sexta-feira (18), ap\u00f3s soltar uma alfinetada em Jair Bolsonaro. O ex-presidente foi alvo de uma opera\u00e7\u00e3o da Pol\u00edcia Federal, que resultou no uso de uma tornozeleira eletr\u00f4nica. Abreu postou uma foto, onde legendou: &#8220;Indo trabalhar sem tornozeleira&#8221;. O artista publicou uma sequ\u00eancia de postagens celebrando [&hellip;]<\/p>\n","protected":false},"author":2,"featured_media":237629,"comment_status":"closed","ping_status":"closed","sticky":false,"template":"","format":"standard","meta":{"footnotes":""},"categories":[173],"tags":[13832],"class_list":["post-237627","post","type-post","status-publish","format-standard","has-post-thumbnail","hentry","category-celebridades","tag-jose-de-abreu"],"_links":{"self":[{"href":"https:\/\/portalpopmais.com.br\/en\/wp-json\/wp\/v2\/posts\/237627","targetHints":{"allow":["GET"]}}],"collection":[{"href":"https:\/\/portalpopmais.com.br\/en\/wp-json\/wp\/v2\/posts"}],"about":[{"href":"https:\/\/portalpopmais.com.br\/en\/wp-json\/wp\/v2\/types\/post"}],"author":[{"embeddable":true,"href":"https:\/\/portalpopmais.com.br\/en\/wp-json\/wp\/v2\/users\/2"}],"replies":[{"embeddable":true,"href":"https:\/\/portalpopmais.com.br\/en\/wp-json\/wp\/v2\/comments?post=237627"}],"version-history":[{"count":0,"href":"https:\/\/portalpopmais.com.br\/en\/wp-json\/wp\/v2\/posts\/237627\/revisions"}],"wp:featuredmedia":[{"embeddable":true,"href":"https:\/\/portalpopmais.com.br\/en\/wp-json\/wp\/v2\/media\/237629"}],"wp:attachment":[{"href":"https:\/\/portalpopmais.com.br\/en\/wp-json\/wp\/v2\/media?parent=237627"}],"wp:term":[{"taxonomy":"category","embeddable":true,"href":"https:\/\/portalpopmais.com.br\/en\/wp-json\/wp\/v2\/categories?post=237627"},{"taxonomy":"post_tag","embeddable":true,"href":"https:\/\/portalpopmais.com.br\/en\/wp-json\/wp\/v2\/tags?post=237627"}],"curies":[{"name":"wp","href":"https:\/\/api.w.org\/{rel}","templated":true}]}}