{"id":238057,"date":"2025-07-21T16:41:21","date_gmt":"2025-07-21T19:41:21","guid":{"rendered":"https:\/\/portalpopmais.com.br\/?p=238057"},"modified":"2025-07-21T17:24:48","modified_gmt":"2025-07-21T20:24:48","slug":"velorio-e-sepultamento-de-preta-gil-sera-no-rio-de-janeiro","status":"publish","type":"post","link":"https:\/\/portalpopmais.com.br\/en\/velorio-e-sepultamento-de-preta-gil-sera-no-rio-de-janeiro\/","title":{"rendered":"Vel\u00f3rio de Preta Gil ser\u00e1 no Rio de Janeiro"},"content":{"rendered":"<p>Preta Gil ser\u00e1 velada no Rio de Janeiro. A informa\u00e7\u00e3o foi confirmada pelo pai da cantora, Gilberto Gil, por meio de nota compartilhada nas redes sociais.&nbsp;A assessoria de imprensa do cantor tamb\u00e9m confirmou a informa\u00e7\u00e3o.<\/p>\n\n\n\n<p>No entanto, n\u00e3o h\u00e1 uma data confirmada para os eventos, j\u00e1 que depende da repatria\u00e7\u00e3o do corpo. A previs\u00e3o \u00e9 que o corpo de Preta chegue ao Brasil na quarta-feira (23).<\/p>\n\n\n\n<p><\/p>\n\n\n<div class=\"wp-block-image\">\n<figure class=\"aligncenter size-full\"><img loading=\"lazy\" decoding=\"async\" width=\"459\" height=\"781\" src=\"https:\/\/portalpopmais.com.br\/wp-content\/uploads\/2025\/07\/image-93.png\" alt=\"\" class=\"wp-image-238058\" title=\"\"><\/figure>\n<\/div>\n\n\n<p>A assessoria de Gilberto Gil tamb\u00e9m informou que o local do vel\u00f3rio ainda n\u00e3o est\u00e1 definido. &#8220;Acredito que o corpo chegue aqui quarta e a\u00ed a cerim\u00f4nia de despedida ser\u00e1 quarta ou quinta. O vel\u00f3rio provavelmente ser\u00e1 no Municipal e ela deve ser cremada&#8221;, disse a equipe.<\/p>\n\n\n\n<p>O POP Mais ainda apurou que, diferente do que vem sendo noticiado,  n\u00e3o h\u00e1 qualquer informa\u00e7\u00e3o sobre o sepultamento da cantora.<\/p>\n\n\n\n<p>A&nbsp;<strong><a href=\"https:\/\/portalpopmais.com.br\/en\/trends\/preta-gil\/\" data-type=\"link\" data-id=\"https:\/\/portalpopmais.com.br\/trends\/preta-gil\/\">cantora morreu<\/a><\/strong>&nbsp;no \u00faltimo domingo (20), nos Estados Unidos, onde fazia um&nbsp;<strong>tratamento experimental<\/strong>&nbsp;para o c\u00e2ncer. A famosa tinha tornado o diagn\u00f3stico p\u00fablico em 2023.&nbsp;<\/p>","protected":false},"excerpt":{"rendered":"<p>Preta Gil ser\u00e1 velada no Rio de Janeiro. A informa\u00e7\u00e3o foi confirmada pelo pai da cantora, Gilberto Gil, por meio de nota compartilhada nas redes sociais.&nbsp;A assessoria de imprensa do cantor tamb\u00e9m confirmou a informa\u00e7\u00e3o. No entanto, n\u00e3o h\u00e1 uma data confirmada para os eventos, j\u00e1 que depende da repatria\u00e7\u00e3o do corpo. A previs\u00e3o \u00e9 [&hellip;]<\/p>\n","protected":false},"author":1,"featured_media":237871,"comment_status":"closed","ping_status":"closed","sticky":false,"template":"","format":"standard","meta":{"footnotes":""},"categories":[173],"tags":[567],"class_list":["post-238057","post","type-post","status-publish","format-standard","has-post-thumbnail","hentry","category-celebridades","tag-preta-gil"],"_links":{"self":[{"href":"https:\/\/portalpopmais.com.br\/en\/wp-json\/wp\/v2\/posts\/238057","targetHints":{"allow":["GET"]}}],"collection":[{"href":"https:\/\/portalpopmais.com.br\/en\/wp-json\/wp\/v2\/posts"}],"about":[{"href":"https:\/\/portalpopmais.com.br\/en\/wp-json\/wp\/v2\/types\/post"}],"author":[{"embeddable":true,"href":"https:\/\/portalpopmais.com.br\/en\/wp-json\/wp\/v2\/users\/1"}],"replies":[{"embeddable":true,"href":"https:\/\/portalpopmais.com.br\/en\/wp-json\/wp\/v2\/comments?post=238057"}],"version-history":[{"count":0,"href":"https:\/\/portalpopmais.com.br\/en\/wp-json\/wp\/v2\/posts\/238057\/revisions"}],"wp:featuredmedia":[{"embeddable":true,"href":"https:\/\/portalpopmais.com.br\/en\/wp-json\/wp\/v2\/media\/237871"}],"wp:attachment":[{"href":"https:\/\/portalpopmais.com.br\/en\/wp-json\/wp\/v2\/media?parent=238057"}],"wp:term":[{"taxonomy":"category","embeddable":true,"href":"https:\/\/portalpopmais.com.br\/en\/wp-json\/wp\/v2\/categories?post=238057"},{"taxonomy":"post_tag","embeddable":true,"href":"https:\/\/portalpopmais.com.br\/en\/wp-json\/wp\/v2\/tags?post=238057"}],"curies":[{"name":"wp","href":"https:\/\/api.w.org\/{rel}","templated":true}]}}