{"id":238115,"date":"2025-07-22T06:07:22","date_gmt":"2025-07-22T09:07:22","guid":{"rendered":"https:\/\/portalpopmais.com.br\/?p=238115"},"modified":"2025-07-22T06:07:29","modified_gmt":"2025-07-22T09:07:29","slug":"gominho-sobre-falecimento-de-preta-gil-minha-amiga-descansou","status":"publish","type":"post","link":"https:\/\/portalpopmais.com.br\/en\/gominho-sobre-falecimento-de-preta-gil-minha-amiga-descansou\/","title":{"rendered":"Gominho sobre falecimento de Preta Gil: &#8220;Minha amiga descansou&#8221;"},"content":{"rendered":"<p>O apresentador Gominho, melhor amigo de <strong>Preta Gil<\/strong>, se manifestou na noite desta segunda-feira (21), a respeito da morte da cantora. Preta faleceu no domingo (20\/7), aos 50 anos, ap\u00f3s uma longa batalha contra um c\u00e2ncer de intestino.<\/p>\n\n\n\n<p>Gominho, que abriu m\u00e3o do emprego e vida pessoal para ficar ao lado da amiga nos \u00faltimos meses, disse que a partida de Preta foi um &#8220;al\u00edvio&#8221;, j\u00e1 que ela vinha sofrendo bastante.<\/p>\n\n\n\n<p>\u201cGente eu to bem. Triste mas bem porque minha amiga descansou de verdade. Tenho sentido esse luto desde a minha volta de NY!&#8221;, come\u00e7ou ele.<\/p>\n\n\n\n<p>&#8220;Algo l\u00e1 me fez entender que eu n\u00e3o a veria mais. J\u00e1 venho chorando bastante desde ent\u00e3o l\u00e1 na casa dela onde eu morava. Passava todo dia pelo closet dela, pegava nas roupas, sentia o cheirinho dela e chorava. e pra mim sua partida ontem foi um al\u00edvio. Saiu um peso das costas de v\u00ea-la naquela situa\u00e7\u00e3o. Estou triste mas em paz por ela. N\u00e3o sou egoista, e tamb\u00e9m n\u00e3o vou ficar de homenagem de rede social porque n\u00e3o tenho paci\u00eancia! Minha parte como todos sabem eu fiz e bem feita. Agora \u00e9 luz na caminhada com ela sempre me guiando como sempre me&#8221;, disse Gominho.<\/p>\n\n\n\n<h2 class=\"wp-block-heading\">Morte de Preta Gil<\/h2>\n\n\n\n<p>Preta Gil descobriu o c\u00e2ncer de intestino em 2023 e vinha desde ent\u00e3o lutando contra a doen\u00e7a. Em 2024, chegou a anunciar que havia entrado em remiss\u00e3o, mas, posteriormente, exames mostraram que o c\u00e2ncer havia retornado em outras partes do corpo.<\/p>\n\n\n\n<p>Em maio, ela foi para os Estados Unidos se submeter a um tratamento experimental. Por\u00e9m, na \u00faltima semana, havia sido informada que a doen\u00e7a n\u00e3o reagia mais a esse tratamento. Quando se preparava para voltar para o Brasil, passou mal e n\u00e3o resistiu.<\/p>","protected":false},"excerpt":{"rendered":"<p>O apresentador Gominho, melhor amigo de Preta Gil, se manifestou na noite desta segunda-feira (21), a respeito da morte da cantora. Preta faleceu no domingo (20\/7), aos 50 anos, ap\u00f3s uma longa batalha contra um c\u00e2ncer de intestino. Gominho, que abriu m\u00e3o do emprego e vida pessoal para ficar ao lado da amiga nos \u00faltimos [&hellip;]<\/p>\n","protected":false},"author":1,"featured_media":235033,"comment_status":"closed","ping_status":"closed","sticky":false,"template":"","format":"standard","meta":{"footnotes":""},"categories":[173],"tags":[2339,567],"class_list":["post-238115","post","type-post","status-publish","format-standard","has-post-thumbnail","hentry","category-celebridades","tag-gominho","tag-preta-gil"],"_links":{"self":[{"href":"https:\/\/portalpopmais.com.br\/en\/wp-json\/wp\/v2\/posts\/238115","targetHints":{"allow":["GET"]}}],"collection":[{"href":"https:\/\/portalpopmais.com.br\/en\/wp-json\/wp\/v2\/posts"}],"about":[{"href":"https:\/\/portalpopmais.com.br\/en\/wp-json\/wp\/v2\/types\/post"}],"author":[{"embeddable":true,"href":"https:\/\/portalpopmais.com.br\/en\/wp-json\/wp\/v2\/users\/1"}],"replies":[{"embeddable":true,"href":"https:\/\/portalpopmais.com.br\/en\/wp-json\/wp\/v2\/comments?post=238115"}],"version-history":[{"count":0,"href":"https:\/\/portalpopmais.com.br\/en\/wp-json\/wp\/v2\/posts\/238115\/revisions"}],"wp:featuredmedia":[{"embeddable":true,"href":"https:\/\/portalpopmais.com.br\/en\/wp-json\/wp\/v2\/media\/235033"}],"wp:attachment":[{"href":"https:\/\/portalpopmais.com.br\/en\/wp-json\/wp\/v2\/media?parent=238115"}],"wp:term":[{"taxonomy":"category","embeddable":true,"href":"https:\/\/portalpopmais.com.br\/en\/wp-json\/wp\/v2\/categories?post=238115"},{"taxonomy":"post_tag","embeddable":true,"href":"https:\/\/portalpopmais.com.br\/en\/wp-json\/wp\/v2\/tags?post=238115"}],"curies":[{"name":"wp","href":"https:\/\/api.w.org\/{rel}","templated":true}]}}