{"id":238936,"date":"2025-07-24T20:21:39","date_gmt":"2025-07-24T23:21:39","guid":{"rendered":"https:\/\/portalpopmais.com.br\/?p=238936"},"modified":"2025-07-24T20:21:42","modified_gmt":"2025-07-24T23:21:42","slug":"bela-gil-faz-homenagem-a-irma-preta-gil-agora-e-tudo-saudade","status":"publish","type":"post","link":"https:\/\/portalpopmais.com.br\/en\/bela-gil-faz-homenagem-a-irma-preta-gil-agora-e-tudo-saudade\/","title":{"rendered":"Bela Gil faz homenagem \u00e0 irm\u00e3, Preta Gil: &#8216;Agora \u00e9 tudo saudade&#8217;"},"content":{"rendered":"<p>Bela Gil usou as redes sociais nesta quinta-feira (24), para homenagear a irm\u00e3, Preta Gil, falecida no \u00faltimo domingo (20), aos 50 anos. A apresentadora compartilhou um carrossel com fotos antigas e recentes, e deixou uma mensagem que emocionou os seguidores.<\/p>\n\n\n\n<p>\u201cLembrar que \u00e9 para viver a vida fiel a quem somos, mudar o que quiser mudar, permanecer com o que quiser permanecer, mas n\u00e3o trair a n\u00f3s mesmos\u201d.<\/p>\n\n\n\n<p>\u201cVc abriu portas e caminhos e seguirei trilhando obrigada por tudo, te amo @pretagil\u201d, encerra a homenagem.<\/p>\n\n\n\n<figure class=\"wp-block-embed aligncenter is-type-rich is-provider-instagram wp-block-embed-instagram\"><div class=\"wp-block-embed__wrapper\">\nhttps:\/\/www.instagram.com\/p\/DMgWY1cvo_W\/?igsh=eHA2MmI5bnNzdmJv\n<\/div><\/figure>\n\n\n\n<p>O corpo de Preta Gil j\u00e1 est\u00e1 no Brasil e o vel\u00f3rio ser\u00e1 aberto ao p\u00fablico nesta sexta-feira (25), no Theatro Municiapl do Rio de Janeiro.<\/p>","protected":false},"excerpt":{"rendered":"<p>Bela Gil usou as redes sociais nesta quinta-feira (24), para homenagear a irm\u00e3, Preta Gil, falecida no \u00faltimo domingo (20), aos 50 anos. A apresentadora compartilhou um carrossel com fotos antigas e recentes, e deixou uma mensagem que emocionou os seguidores. \u201cLembrar que \u00e9 para viver a vida fiel a quem somos, mudar o que [&hellip;]<\/p>\n","protected":false},"author":2,"featured_media":238938,"comment_status":"closed","ping_status":"closed","sticky":false,"template":"","format":"standard","meta":{"footnotes":""},"categories":[173],"tags":[13389,567],"class_list":["post-238936","post","type-post","status-publish","format-standard","has-post-thumbnail","hentry","category-celebridades","tag-bela-gil","tag-preta-gil"],"_links":{"self":[{"href":"https:\/\/portalpopmais.com.br\/en\/wp-json\/wp\/v2\/posts\/238936","targetHints":{"allow":["GET"]}}],"collection":[{"href":"https:\/\/portalpopmais.com.br\/en\/wp-json\/wp\/v2\/posts"}],"about":[{"href":"https:\/\/portalpopmais.com.br\/en\/wp-json\/wp\/v2\/types\/post"}],"author":[{"embeddable":true,"href":"https:\/\/portalpopmais.com.br\/en\/wp-json\/wp\/v2\/users\/2"}],"replies":[{"embeddable":true,"href":"https:\/\/portalpopmais.com.br\/en\/wp-json\/wp\/v2\/comments?post=238936"}],"version-history":[{"count":0,"href":"https:\/\/portalpopmais.com.br\/en\/wp-json\/wp\/v2\/posts\/238936\/revisions"}],"wp:featuredmedia":[{"embeddable":true,"href":"https:\/\/portalpopmais.com.br\/en\/wp-json\/wp\/v2\/media\/238938"}],"wp:attachment":[{"href":"https:\/\/portalpopmais.com.br\/en\/wp-json\/wp\/v2\/media?parent=238936"}],"wp:term":[{"taxonomy":"category","embeddable":true,"href":"https:\/\/portalpopmais.com.br\/en\/wp-json\/wp\/v2\/categories?post=238936"},{"taxonomy":"post_tag","embeddable":true,"href":"https:\/\/portalpopmais.com.br\/en\/wp-json\/wp\/v2\/tags?post=238936"}],"curies":[{"name":"wp","href":"https:\/\/api.w.org\/{rel}","templated":true}]}}