{"id":239530,"date":"2025-07-27T16:57:43","date_gmt":"2025-07-27T19:57:43","guid":{"rendered":"https:\/\/portalpopmais.com.br\/?p=239530"},"modified":"2025-07-27T16:58:35","modified_gmt":"2025-07-27T19:58:35","slug":"video-leo-lins-nega-piada-com-morte-de-preta-gil","status":"publish","type":"post","link":"https:\/\/portalpopmais.com.br\/en\/video-leo-lins-nega-piada-com-morte-de-preta-gil\/","title":{"rendered":"V\u00eddeo: Leo Lins nega piada com morte de Preta Gil"},"content":{"rendered":"<p>Neste domingo (27), o humorista L\u00e9o Lins se defendeu das acusa\u00e7\u00f5es de que teria feito piadas sobre a morte da cantora Preta Gil durante um show em Niter\u00f3i (RJ), realizado no dia 20 de julho. <a href=\"https:\/\/portalpopmais.com.br\/en\/leo-lins-piada-preta-gil-apos-morte-cantora\/\" data-type=\"link\" data-id=\"https:\/\/portalpopmais.com.br\/leo-lins-piada-preta-gil-apos-morte-cantora\/\">O epis\u00f3dio teria o ocorrido poucas horas ap\u00f3s a confirma\u00e7\u00e3o da morte da cantora<\/a>, que faleceu v\u00edtima de c\u00e2ncer aos 50 anos.<\/p>\n\n\n\n<p>Em v\u00eddeo no YouTube, criticou a cobertura midi\u00e1tica sobre o caso, afirmando ter sido alvo de \u201cm\u00e1-f\u00e9\u201d e \u201cmanipula\u00e7\u00e3o da imprensa\u201d ap\u00f3s repercuss\u00e3o negativa nas redes sociais.<\/p>\n\n\n\n<p>O comediante ainda relatou que escreveu piadas sobre Preta Gil h\u00e1 cerca de dois anos, quando enfrentava um processo movido pela cantora, mas disse: \u201cEm nenhum momento falei da morte da Preta Gil. Isso foi inventado por um jornalista irrespons\u00e1vel\u201d.<\/p>\n\n\n\n<figure class=\"wp-block-embed is-type-video is-provider-youtube wp-block-embed-youtube wp-embed-aspect-16-9 wp-has-aspect-ratio\"><div class=\"wp-block-embed__wrapper\">\n<iframe loading=\"lazy\" title=\"MENTIRAS DA IMPRENSA SOBRE O CASO PRETA GIL                                       #pretagil #leolins\" width=\"880\" height=\"495\" src=\"https:\/\/www.youtube.com\/embed\/oFkLoqaOcUI?feature=oembed\" frameborder=\"0\" allow=\"accelerometer; autoplay; clipboard-write; encrypted-media; gyroscope; picture-in-picture; web-share\" referrerpolicy=\"strict-origin-when-cross-origin\" allowfullscreen><\/iframe>\n<\/div><\/figure>","protected":false},"excerpt":{"rendered":"<p>Neste domingo (27), o humorista L\u00e9o Lins se defendeu das acusa\u00e7\u00f5es de que teria feito piadas sobre a morte da cantora Preta Gil durante um show em Niter\u00f3i (RJ), realizado no dia 20 de julho. O epis\u00f3dio teria o ocorrido poucas horas ap\u00f3s a confirma\u00e7\u00e3o da morte da cantora, que faleceu v\u00edtima de c\u00e2ncer aos [&hellip;]<\/p>\n","protected":false},"author":2,"featured_media":238051,"comment_status":"closed","ping_status":"closed","sticky":false,"template":"","format":"standard","meta":{"footnotes":""},"categories":[173],"tags":[10289],"class_list":["post-239530","post","type-post","status-publish","format-standard","has-post-thumbnail","hentry","category-celebridades","tag-leo-lins"],"_links":{"self":[{"href":"https:\/\/portalpopmais.com.br\/en\/wp-json\/wp\/v2\/posts\/239530","targetHints":{"allow":["GET"]}}],"collection":[{"href":"https:\/\/portalpopmais.com.br\/en\/wp-json\/wp\/v2\/posts"}],"about":[{"href":"https:\/\/portalpopmais.com.br\/en\/wp-json\/wp\/v2\/types\/post"}],"author":[{"embeddable":true,"href":"https:\/\/portalpopmais.com.br\/en\/wp-json\/wp\/v2\/users\/2"}],"replies":[{"embeddable":true,"href":"https:\/\/portalpopmais.com.br\/en\/wp-json\/wp\/v2\/comments?post=239530"}],"version-history":[{"count":0,"href":"https:\/\/portalpopmais.com.br\/en\/wp-json\/wp\/v2\/posts\/239530\/revisions"}],"wp:featuredmedia":[{"embeddable":true,"href":"https:\/\/portalpopmais.com.br\/en\/wp-json\/wp\/v2\/media\/238051"}],"wp:attachment":[{"href":"https:\/\/portalpopmais.com.br\/en\/wp-json\/wp\/v2\/media?parent=239530"}],"wp:term":[{"taxonomy":"category","embeddable":true,"href":"https:\/\/portalpopmais.com.br\/en\/wp-json\/wp\/v2\/categories?post=239530"},{"taxonomy":"post_tag","embeddable":true,"href":"https:\/\/portalpopmais.com.br\/en\/wp-json\/wp\/v2\/tags?post=239530"}],"curies":[{"name":"wp","href":"https:\/\/api.w.org\/{rel}","templated":true}]}}