{"id":239720,"date":"2025-07-28T13:11:39","date_gmt":"2025-07-28T16:11:39","guid":{"rendered":"https:\/\/portalpopmais.com.br\/?p=239720"},"modified":"2025-07-28T13:19:25","modified_gmt":"2025-07-28T16:19:25","slug":"avatar-fogo-e-cinzas-tem-trailer-epico-revelado-assista","status":"publish","type":"post","link":"https:\/\/portalpopmais.com.br\/en\/avatar-fogo-e-cinzas-tem-trailer-epico-revelado-assista\/","title":{"rendered":"De tirar o f\u00f4lego! Trailer de &#8216;Avatar 3&#8217; destaca confronto em Pandora; assista!"},"content":{"rendered":"<p>SAIU!!! Foi divulgado nesta segunda-feira (28) o aguardado primeiro trailer de <em>Avatar: Fogo e Cinzas<\/em>, novo cap\u00edtulo da saga criada por James Cameron<strong> (assista abaixo)<\/strong>. A pr\u00e9via, que at\u00e9 ent\u00e3o havia sido exibida com exclusividade nos cinemas em sess\u00f5es do novo <em>Quarteto Fant\u00e1stico<\/em>, foi divulgada oficialmente pela 20th Century Studios e est\u00e1 dando o que falar nas redes sociais, e n\u00e3o \u00e9 por menos.<\/p>\n\n\n\n<p>O v\u00eddeo retorna ao mundo m\u00e1gico de Pandora, mas desta vez com uma atmosfera ainda mais intensa. A trama foca na dor e no luto da fam\u00edlia de Jake Sully (Sam Worthington) e Neytiri (Zoe Salda\u00f1a), ap\u00f3s a perda do filho Neteyam, e na tens\u00e3o crescente com uma nova tribo Na&#8217;vi: os temidos <em>Ash People<\/em>, que manipulam o fogo e prometem deixar tudo ainda mais ca\u00f3tico. As imagens trazem lutas a\u00e9reas explosivas, punhos trocados dentro de vulc\u00f5es (!) e um clima de guerra total.<\/p>\n\n\n\n<p>Entre as novidades do trailer, tamb\u00e9m est\u00e3o os <em>Wind Traders<\/em>, uma segunda tribo apresentada neste terceiro filme, e o retorno do vil\u00e3o Coronel Miles Quaritch (Stephen Lang), que agora surge com uma pintura de guerra sombria, dando a entender uma poss\u00edvel alian\u00e7a com o povo do fogo. Uma das cenas que mais chamou aten\u00e7\u00e3o mostra Kiri (Sigourney Weaver) sendo capturada e confrontada pela nova antagonista Varang (Oona Chaplin), que solta: <em>\u201cSua deusa n\u00e3o tem dom\u00ednio aqui\u201d.<\/em><\/p>\n\n\n\n<figure class=\"wp-block-embed is-type-video is-provider-youtube wp-block-embed-youtube wp-embed-aspect-16-9 wp-has-aspect-ratio\"><div class=\"wp-block-embed__wrapper\">\n<iframe loading=\"lazy\" title=\"Avatar: Fogo e Cinzas | Trailer Oficial Dublado\" width=\"880\" height=\"495\" src=\"https:\/\/www.youtube.com\/embed\/yXPWsdT43YE?feature=oembed\" frameborder=\"0\" allow=\"accelerometer; autoplay; clipboard-write; encrypted-media; gyroscope; picture-in-picture; web-share\" referrerpolicy=\"strict-origin-when-cross-origin\" allowfullscreen><\/iframe>\n<\/div><\/figure>\n\n\n\n<p>No meio desse caos, Jake tenta manter a fam\u00edlia unida, mas acaba capturado. J\u00e1 o jovem Spider (Jack Champion) parece cada vez mais em perigo. A narrativa promete n\u00e3o poupar emo\u00e7\u00f5es, e nem tempo de tela: James Cameron j\u00e1 adiantou que o novo filme ser\u00e1 <em>ainda mais longo<\/em> do que <em>Avatar: O Caminho da \u00c1gua<\/em>, que teve mais de 3 horas de dura\u00e7\u00e3o.<\/p>\n\n\n\n<p>\u201cTivemos ideias demais no primeiro ato de <em>O Caminho da \u00c1gua<\/em>. Estava tudo r\u00e1pido demais e os personagens n\u00e3o estavam respirando. Ent\u00e3o, dividi o material. <em>Fogo e Cinzas<\/em> ser\u00e1 um pouco mais longo\u201d, revelou o diretor.<\/p>\n\n\n\n<p>Com estreia marcada para <strong>19 de dezembro de 2025<\/strong>, <em>Avatar: Fogo e Cinzas<\/em> traz no elenco Zoe Salda\u00f1a, Sigourney Weaver, Jack Champion, Kate Winslet, Giovanni Ribisi, Cliff Curtis, Stephen Lang, entre outros nomes de peso. O roteiro \u00e9 assinado por Cameron, Rick Jaffa e Amanda Silver.<\/p>\n\n\n\n<p>Vale lembrar que este \u00e9 o terceiro de cinco filmes planejados para a franquia. <em>Avatar 4<\/em> j\u00e1 tem data marcada para 21 de dezembro de 2029 e <em>Avatar 5<\/em> chega em 19 de dezembro de 2031. At\u00e9 l\u00e1, Pandora ainda ter\u00e1 muita hist\u00f3ria pra contar, e bilheteria pra quebrar.<\/p>","protected":false},"excerpt":{"rendered":"<p>SAIU!!! Foi divulgado nesta segunda-feira (28) o aguardado primeiro trailer de Avatar: Fogo e Cinzas, novo cap\u00edtulo da saga criada por James Cameron (assista abaixo). A pr\u00e9via, que at\u00e9 ent\u00e3o havia sido exibida com exclusividade nos cinemas em sess\u00f5es do novo Quarteto Fant\u00e1stico, foi divulgada oficialmente pela 20th Century Studios e est\u00e1 dando o que [&hellip;]<\/p>\n","protected":false},"author":38,"featured_media":239723,"comment_status":"closed","ping_status":"closed","sticky":false,"template":"","format":"standard","meta":{"footnotes":""},"categories":[174],"tags":[1089,7308],"class_list":["post-239720","post","type-post","status-publish","format-standard","has-post-thumbnail","hentry","category-filmes-series","tag-filmes","tag-series"],"_links":{"self":[{"href":"https:\/\/portalpopmais.com.br\/en\/wp-json\/wp\/v2\/posts\/239720","targetHints":{"allow":["GET"]}}],"collection":[{"href":"https:\/\/portalpopmais.com.br\/en\/wp-json\/wp\/v2\/posts"}],"about":[{"href":"https:\/\/portalpopmais.com.br\/en\/wp-json\/wp\/v2\/types\/post"}],"author":[{"embeddable":true,"href":"https:\/\/portalpopmais.com.br\/en\/wp-json\/wp\/v2\/users\/38"}],"replies":[{"embeddable":true,"href":"https:\/\/portalpopmais.com.br\/en\/wp-json\/wp\/v2\/comments?post=239720"}],"version-history":[{"count":0,"href":"https:\/\/portalpopmais.com.br\/en\/wp-json\/wp\/v2\/posts\/239720\/revisions"}],"wp:featuredmedia":[{"embeddable":true,"href":"https:\/\/portalpopmais.com.br\/en\/wp-json\/wp\/v2\/media\/239723"}],"wp:attachment":[{"href":"https:\/\/portalpopmais.com.br\/en\/wp-json\/wp\/v2\/media?parent=239720"}],"wp:term":[{"taxonomy":"category","embeddable":true,"href":"https:\/\/portalpopmais.com.br\/en\/wp-json\/wp\/v2\/categories?post=239720"},{"taxonomy":"post_tag","embeddable":true,"href":"https:\/\/portalpopmais.com.br\/en\/wp-json\/wp\/v2\/tags?post=239720"}],"curies":[{"name":"wp","href":"https:\/\/api.w.org\/{rel}","templated":true}]}}